{"id":105361,"date":"2025-07-08T10:19:07","date_gmt":"2025-07-08T08:19:07","guid":{"rendered":"https:\/\/www.pcb.ub.edu\/biocat-y-farmaindustria-conectan-la-investigacion-catalana-con-la-industria-farmaceutica-para-avanzar-en-nuevos-tratamientos\/"},"modified":"2025-07-08T11:45:57","modified_gmt":"2025-07-08T09:45:57","slug":"biocat-y-farmaindustria-conectan-la-investigacion-catalana-con-la-industria-farmaceutica-para-avanzar-en-nuevos-tratamientos","status":"publish","type":"post","link":"https:\/\/www.pcb.ub.edu\/es\/biocat-y-farmaindustria-conectan-la-investigacion-catalana-con-la-industria-farmaceutica-para-avanzar-en-nuevos-tratamientos\/","title":{"rendered":"Biocat y Farmaindustria conectan la investigaci\u00f3n catalana con la industria farmac\u00e9utica para avanzar en nuevos tratamientos"},"content":{"rendered":"<p><strong>La Asociaci\u00f3n Nacional Empresarial de la Industria Farmac\u00e9utica (Farmaindustria) y <a href=\"https:\/\/www.pcb.ub.edu\/es\/empresa\/biocat\/\" target=\"_blank\" rel=\"noopener\">Biocat<\/a>, con sede en el Parque Cient\u00edfico de Barcelona, colaboran en la XXV edici\u00f3n del Programa <em>Farma-Biotech <\/em>para el fomento de la investigaci\u00f3n precl\u00ednica y traslacional que en esta edici\u00f3n dar\u00e1 apoyo a siete proyectos de investigaci\u00f3n catalanes. Esta colaboraci\u00f3n se enmarca en el acuerdo suscrito por las dos organizaciones en diciembre para reforzar la BioRegi\u00f3n de Catalu\u00f1a y promover el desarrollo de nuevos medicamentos y modelos de colaboraci\u00f3n p\u00fablico-privada m\u00e1s eficientes.\u00a0<\/strong><\/p>\n<p>El Programa Farma-Biotech tiene por objeto establecer un punto de encuentro para la cooperaci\u00f3n entre compa\u00f1\u00edas farmac\u00e9uticas nacionales e internacionales, empresas espa\u00f1olas de biotecnolog\u00eda y grupos de investigaci\u00f3n, en torno al desarrollo de nuevos medicamentos innovadores.<\/p>\n<p>En esta ocasi\u00f3n, se han analizado 28 proyectos con origen catal\u00e1n y se han seleccionado siete por su potencial y prometedor estado de desarrollo, dentro del \u00e1mbito de la investigaci\u00f3n precl\u00ednica. Los proyectos seleccionados investigan terapias avanzadas para tratar la enfermedad de ELA, la hipertensi\u00f3n, des\u00f3rdenes del sistema nervioso central, varios tipos de tumores, varias enfermedades incurables, as\u00ed como nuevos analg\u00e9sicos para el tratamiento del dolor.<\/p>\n<p>Los investigadores proceden de las universidades de Barcelona y Lleida, del Hospital Clinic-Idibaps, y de las startups Nema Health, Nocturna Therapeutics y <a href=\"https:\/\/www.pcb.ub.edu\/es\/empresa\/onechain-immunotherapeutics-s-l\/\" target=\"_blank\" rel=\"noopener\">OneChain Immunotherapeutics<\/a>, instalada en el Parque Cient\u00edfico de Barcelona.<\/p>\n<p>Durante la nueva edici\u00f3n del programa, celebrada el pasado 3 de julio, se reunieron los responsables de los proyectos participantes junto con el director general de Biocat,<strong> Robert Fabregat<\/strong>, y la presidenta de Farmaindustria, <strong>Fina Llad\u00f3s<\/strong>. Las dos instituciones han puesto en valor el acuerdo, que tambi\u00e9n tiene entre sus objetivos el impulso a desarrollo de terapias avanzadas, la mejora del acceso a la innovaci\u00f3n y la formaci\u00f3n y retenci\u00f3n de talento en el ecosistema.<\/p>\n<p>La presidenta de Farmaindustria ha recordado que Catalu\u00f1a es la regi\u00f3n que m\u00e1s proyectos ha presentado en el Programa Farma-Biotech a lo largo de sus 25 ediciones, con m\u00e1s del 40% del total. Colaboraciones como esta nos permiten posicionar a Catalu\u00f1a y Espa\u00f1a como l\u00edderes globales en innovaci\u00f3n sanitaria y avanzar hacia nuestro objetivo final, que es que los pacientes puedan beneficiarse de un mejor y m\u00e1s r\u00e1pido acceso a los tratamientos innovadores y las terapias avanzadas\u201d. <strong>Llad\u00f3s<\/strong> ha incidido en que la investigaci\u00f3n traslacional es una de las prioridades de la asociaci\u00f3n, que tiene por objetivo trasladar el \u00e9xito alcanzado en ensayos cl\u00ednicos a estas primeras fases de la I+D biom\u00e9dica.<\/p>\n<p>Desde su inicio en 2011, el Programa Farma-Biotech ha analizado m\u00e1s de 1.000 propuestas y m\u00e1s de 160 han sido seleccionadas para presentarse a las compa\u00f1\u00edas farmac\u00e9uticas capaces de asumir el desarrollo cl\u00ednico de nuevos f\u00e1rmacos.<\/p>\n<p>Asimismo, el Programa <em>Farma-Biotech<\/em> mantiene permanentemente abierta la ventana de solicitud de participaci\u00f3n desde nuestra plataforma de <em>Medicamentos Innovadores.<\/em><\/p>\n<p><strong>\u00bb Enlace a la noticia:<\/strong> <a href=\"https:\/\/www.biocat.cat\/es\/sala-de-prensa\/notas-de-prensa\/farmaindustria-biocat-conectan-siete-proyectos-investigacion\" target=\"_blank\" rel=\"noopener\">web de Biocat [+]<\/a><\/p>\n","protected":false},"excerpt":{"rendered":"<p>La Asociaci\u00f3n Nacional Empresarial de la Industria Farmac\u00e9utica (Farmaindustria) y Biocat, con sede en el Parque Cient\u00edfico de Barcelona, colaboran en la XXV edici\u00f3n del Programa Farma-Biotech para el fomento&#8230;<\/p>\n","protected":false},"author":14,"featured_media":105375,"comment_status":"closed","ping_status":"closed","sticky":false,"template":"","format":"standard","meta":{"_acf_changed":false,"inline_featured_image":false,"footnotes":""},"categories":[113],"tags":[261],"class_list":["post-105361","post","type-post","status-publish","format-standard","has-post-thumbnail","category-entidades","tag-biocat"],"acf":[],"yoast_head":"<!-- This site is optimized with the Yoast SEO plugin v27.3 - https:\/\/yoast.com\/product\/yoast-seo-wordpress\/ -->\n<title>Biocat y Farmaindustria conectan la investigaci\u00f3n catalana con la industria farmac\u00e9utica para avanzar en nuevos tratamientos - Parc Cient\u00edfic de Barcelona<\/title>\n<meta name=\"description\" content=\"La XXV edici\u00f3n del Programa Farma-Biotech pretende fomentar la investigaci\u00f3n precl\u00ednica y traslacional dando apoyo a 7 proyectos de investigaci\u00f3n catalanes\" \/>\n<meta name=\"robots\" content=\"index, follow, max-snippet:-1, max-image-preview:large, max-video-preview:-1\" \/>\n<link rel=\"canonical\" href=\"https:\/\/www.pcb.ub.edu\/es\/biocat-y-farmaindustria-conectan-la-investigacion-catalana-con-la-industria-farmaceutica-para-avanzar-en-nuevos-tratamientos\/\" \/>\n<meta property=\"og:locale\" content=\"es_ES\" \/>\n<meta property=\"og:type\" content=\"article\" \/>\n<meta property=\"og:title\" content=\"Biocat y Farmaindustria conectan la investigaci\u00f3n catalana con la industria farmac\u00e9utica para avanzar en nuevos tratamientos - Parc Cient\u00edfic de Barcelona\" \/>\n<meta property=\"og:description\" content=\"La XXV edici\u00f3n del Programa Farma-Biotech pretende fomentar la investigaci\u00f3n precl\u00ednica y traslacional dando apoyo a 7 proyectos de investigaci\u00f3n catalanes\" \/>\n<meta property=\"og:url\" content=\"https:\/\/www.pcb.ub.edu\/es\/biocat-y-farmaindustria-conectan-la-investigacion-catalana-con-la-industria-farmaceutica-para-avanzar-en-nuevos-tratamientos\/\" \/>\n<meta property=\"og:site_name\" content=\"Parc Cient\u00edfic de Barcelona\" \/>\n<meta property=\"article:published_time\" content=\"2025-07-08T08:19:07+00:00\" \/>\n<meta property=\"article:modified_time\" content=\"2025-07-08T09:45:57+00:00\" \/>\n<meta property=\"og:image\" content=\"https:\/\/www.pcb.ub.edu\/wp-content\/uploads\/2025\/07\/Adobe-Express-file-19-1.jpg\" \/>\n\t<meta property=\"og:image:width\" content=\"900\" \/>\n\t<meta property=\"og:image:height\" content=\"330\" \/>\n\t<meta property=\"og:image:type\" content=\"image\/jpeg\" \/>\n<meta name=\"author\" content=\"Paula Ca\u00f1al\" \/>\n<meta name=\"twitter:card\" content=\"summary_large_image\" \/>\n<meta name=\"twitter:label1\" content=\"Escrito por\" \/>\n\t<meta name=\"twitter:data1\" content=\"Paula Ca\u00f1al\" \/>\n\t<meta name=\"twitter:label2\" content=\"Tiempo de lectura\" \/>\n\t<meta name=\"twitter:data2\" content=\"3 minutos\" \/>\n<script type=\"application\/ld+json\" class=\"yoast-schema-graph\">{\"@context\":\"https:\\\/\\\/schema.org\",\"@graph\":[{\"@type\":\"Article\",\"@id\":\"https:\\\/\\\/www.pcb.ub.edu\\\/es\\\/biocat-y-farmaindustria-conectan-la-investigacion-catalana-con-la-industria-farmaceutica-para-avanzar-en-nuevos-tratamientos\\\/#article\",\"isPartOf\":{\"@id\":\"https:\\\/\\\/www.pcb.ub.edu\\\/es\\\/biocat-y-farmaindustria-conectan-la-investigacion-catalana-con-la-industria-farmaceutica-para-avanzar-en-nuevos-tratamientos\\\/\"},\"author\":{\"name\":\"Paula Ca\u00f1al\",\"@id\":\"https:\\\/\\\/www.pcb.ub.edu\\\/es\\\/#\\\/schema\\\/person\\\/dece7d71551633ff3423502f3e384c6a\"},\"headline\":\"Biocat y Farmaindustria conectan la investigaci\u00f3n catalana con la industria farmac\u00e9utica para avanzar en nuevos tratamientos\",\"datePublished\":\"2025-07-08T08:19:07+00:00\",\"dateModified\":\"2025-07-08T09:45:57+00:00\",\"mainEntityOfPage\":{\"@id\":\"https:\\\/\\\/www.pcb.ub.edu\\\/es\\\/biocat-y-farmaindustria-conectan-la-investigacion-catalana-con-la-industria-farmaceutica-para-avanzar-en-nuevos-tratamientos\\\/\"},\"wordCount\":532,\"image\":{\"@id\":\"https:\\\/\\\/www.pcb.ub.edu\\\/es\\\/biocat-y-farmaindustria-conectan-la-investigacion-catalana-con-la-industria-farmaceutica-para-avanzar-en-nuevos-tratamientos\\\/#primaryimage\"},\"thumbnailUrl\":\"https:\\\/\\\/www.pcb.ub.edu\\\/wp-content\\\/uploads\\\/2025\\\/07\\\/Adobe-Express-file-19-1.jpg\",\"keywords\":[\"Biocat\"],\"articleSection\":[\"ENTIDADES\"],\"inLanguage\":\"es\"},{\"@type\":\"WebPage\",\"@id\":\"https:\\\/\\\/www.pcb.ub.edu\\\/es\\\/biocat-y-farmaindustria-conectan-la-investigacion-catalana-con-la-industria-farmaceutica-para-avanzar-en-nuevos-tratamientos\\\/\",\"url\":\"https:\\\/\\\/www.pcb.ub.edu\\\/es\\\/biocat-y-farmaindustria-conectan-la-investigacion-catalana-con-la-industria-farmaceutica-para-avanzar-en-nuevos-tratamientos\\\/\",\"name\":\"Biocat y Farmaindustria conectan la investigaci\u00f3n catalana con la industria farmac\u00e9utica para avanzar en nuevos tratamientos - Parc Cient\u00edfic de Barcelona\",\"isPartOf\":{\"@id\":\"https:\\\/\\\/www.pcb.ub.edu\\\/es\\\/#website\"},\"primaryImageOfPage\":{\"@id\":\"https:\\\/\\\/www.pcb.ub.edu\\\/es\\\/biocat-y-farmaindustria-conectan-la-investigacion-catalana-con-la-industria-farmaceutica-para-avanzar-en-nuevos-tratamientos\\\/#primaryimage\"},\"image\":{\"@id\":\"https:\\\/\\\/www.pcb.ub.edu\\\/es\\\/biocat-y-farmaindustria-conectan-la-investigacion-catalana-con-la-industria-farmaceutica-para-avanzar-en-nuevos-tratamientos\\\/#primaryimage\"},\"thumbnailUrl\":\"https:\\\/\\\/www.pcb.ub.edu\\\/wp-content\\\/uploads\\\/2025\\\/07\\\/Adobe-Express-file-19-1.jpg\",\"datePublished\":\"2025-07-08T08:19:07+00:00\",\"dateModified\":\"2025-07-08T09:45:57+00:00\",\"author\":{\"@id\":\"https:\\\/\\\/www.pcb.ub.edu\\\/es\\\/#\\\/schema\\\/person\\\/dece7d71551633ff3423502f3e384c6a\"},\"description\":\"La XXV edici\u00f3n del Programa Farma-Biotech pretende fomentar la investigaci\u00f3n precl\u00ednica y traslacional dando apoyo a 7 proyectos de investigaci\u00f3n catalanes\",\"breadcrumb\":{\"@id\":\"https:\\\/\\\/www.pcb.ub.edu\\\/es\\\/biocat-y-farmaindustria-conectan-la-investigacion-catalana-con-la-industria-farmaceutica-para-avanzar-en-nuevos-tratamientos\\\/#breadcrumb\"},\"inLanguage\":\"es\",\"potentialAction\":[{\"@type\":\"ReadAction\",\"target\":[\"https:\\\/\\\/www.pcb.ub.edu\\\/es\\\/biocat-y-farmaindustria-conectan-la-investigacion-catalana-con-la-industria-farmaceutica-para-avanzar-en-nuevos-tratamientos\\\/\"]}]},{\"@type\":\"ImageObject\",\"inLanguage\":\"es\",\"@id\":\"https:\\\/\\\/www.pcb.ub.edu\\\/es\\\/biocat-y-farmaindustria-conectan-la-investigacion-catalana-con-la-industria-farmaceutica-para-avanzar-en-nuevos-tratamientos\\\/#primaryimage\",\"url\":\"https:\\\/\\\/www.pcb.ub.edu\\\/wp-content\\\/uploads\\\/2025\\\/07\\\/Adobe-Express-file-19-1.jpg\",\"contentUrl\":\"https:\\\/\\\/www.pcb.ub.edu\\\/wp-content\\\/uploads\\\/2025\\\/07\\\/Adobe-Express-file-19-1.jpg\",\"width\":900,\"height\":330},{\"@type\":\"BreadcrumbList\",\"@id\":\"https:\\\/\\\/www.pcb.ub.edu\\\/es\\\/biocat-y-farmaindustria-conectan-la-investigacion-catalana-con-la-industria-farmaceutica-para-avanzar-en-nuevos-tratamientos\\\/#breadcrumb\",\"itemListElement\":[{\"@type\":\"ListItem\",\"position\":1,\"name\":\"Home\",\"item\":\"https:\\\/\\\/www.pcb.ub.edu\\\/es\\\/\"},{\"@type\":\"ListItem\",\"position\":2,\"name\":\"Biocat y Farmaindustria conectan la investigaci\u00f3n catalana con la industria farmac\u00e9utica para avanzar en nuevos tratamientos\"}]},{\"@type\":\"WebSite\",\"@id\":\"https:\\\/\\\/www.pcb.ub.edu\\\/es\\\/#website\",\"url\":\"https:\\\/\\\/www.pcb.ub.edu\\\/es\\\/\",\"name\":\"Parc Cient\u00edfic de Barcelona\",\"description\":\"Universitat de Barcelona\",\"potentialAction\":[{\"@type\":\"SearchAction\",\"target\":{\"@type\":\"EntryPoint\",\"urlTemplate\":\"https:\\\/\\\/www.pcb.ub.edu\\\/es\\\/?s={search_term_string}\"},\"query-input\":{\"@type\":\"PropertyValueSpecification\",\"valueRequired\":true,\"valueName\":\"search_term_string\"}}],\"inLanguage\":\"es\"},{\"@type\":\"Person\",\"@id\":\"https:\\\/\\\/www.pcb.ub.edu\\\/es\\\/#\\\/schema\\\/person\\\/dece7d71551633ff3423502f3e384c6a\",\"name\":\"Paula Ca\u00f1al\",\"image\":{\"@type\":\"ImageObject\",\"inLanguage\":\"es\",\"@id\":\"https:\\\/\\\/secure.gravatar.com\\\/avatar\\\/b994665ec600f20526048e5d98eab6b8aa5e116b6fe2101daebcb986872bd355?s=96&d=mm&r=g\",\"url\":\"https:\\\/\\\/secure.gravatar.com\\\/avatar\\\/b994665ec600f20526048e5d98eab6b8aa5e116b6fe2101daebcb986872bd355?s=96&d=mm&r=g\",\"contentUrl\":\"https:\\\/\\\/secure.gravatar.com\\\/avatar\\\/b994665ec600f20526048e5d98eab6b8aa5e116b6fe2101daebcb986872bd355?s=96&d=mm&r=g\",\"caption\":\"Paula Ca\u00f1al\"},\"url\":\"https:\\\/\\\/www.pcb.ub.edu\\\/es\\\/author\\\/paula\\\/\"}]}<\/script>\n<!-- \/ Yoast SEO plugin. -->","yoast_head_json":{"title":"Biocat y Farmaindustria conectan la investigaci\u00f3n catalana con la industria farmac\u00e9utica para avanzar en nuevos tratamientos - Parc Cient\u00edfic de Barcelona","description":"La XXV edici\u00f3n del Programa Farma-Biotech pretende fomentar la investigaci\u00f3n precl\u00ednica y traslacional dando apoyo a 7 proyectos de investigaci\u00f3n catalanes","robots":{"index":"index","follow":"follow","max-snippet":"max-snippet:-1","max-image-preview":"max-image-preview:large","max-video-preview":"max-video-preview:-1"},"canonical":"https:\/\/www.pcb.ub.edu\/es\/biocat-y-farmaindustria-conectan-la-investigacion-catalana-con-la-industria-farmaceutica-para-avanzar-en-nuevos-tratamientos\/","og_locale":"es_ES","og_type":"article","og_title":"Biocat y Farmaindustria conectan la investigaci\u00f3n catalana con la industria farmac\u00e9utica para avanzar en nuevos tratamientos - Parc Cient\u00edfic de Barcelona","og_description":"La XXV edici\u00f3n del Programa Farma-Biotech pretende fomentar la investigaci\u00f3n precl\u00ednica y traslacional dando apoyo a 7 proyectos de investigaci\u00f3n catalanes","og_url":"https:\/\/www.pcb.ub.edu\/es\/biocat-y-farmaindustria-conectan-la-investigacion-catalana-con-la-industria-farmaceutica-para-avanzar-en-nuevos-tratamientos\/","og_site_name":"Parc Cient\u00edfic de Barcelona","article_published_time":"2025-07-08T08:19:07+00:00","article_modified_time":"2025-07-08T09:45:57+00:00","og_image":[{"width":900,"height":330,"url":"https:\/\/www.pcb.ub.edu\/wp-content\/uploads\/2025\/07\/Adobe-Express-file-19-1.jpg","type":"image\/jpeg"}],"author":"Paula Ca\u00f1al","twitter_card":"summary_large_image","twitter_misc":{"Escrito por":"Paula Ca\u00f1al","Tiempo de lectura":"3 minutos"},"schema":{"@context":"https:\/\/schema.org","@graph":[{"@type":"Article","@id":"https:\/\/www.pcb.ub.edu\/es\/biocat-y-farmaindustria-conectan-la-investigacion-catalana-con-la-industria-farmaceutica-para-avanzar-en-nuevos-tratamientos\/#article","isPartOf":{"@id":"https:\/\/www.pcb.ub.edu\/es\/biocat-y-farmaindustria-conectan-la-investigacion-catalana-con-la-industria-farmaceutica-para-avanzar-en-nuevos-tratamientos\/"},"author":{"name":"Paula Ca\u00f1al","@id":"https:\/\/www.pcb.ub.edu\/es\/#\/schema\/person\/dece7d71551633ff3423502f3e384c6a"},"headline":"Biocat y Farmaindustria conectan la investigaci\u00f3n catalana con la industria farmac\u00e9utica para avanzar en nuevos tratamientos","datePublished":"2025-07-08T08:19:07+00:00","dateModified":"2025-07-08T09:45:57+00:00","mainEntityOfPage":{"@id":"https:\/\/www.pcb.ub.edu\/es\/biocat-y-farmaindustria-conectan-la-investigacion-catalana-con-la-industria-farmaceutica-para-avanzar-en-nuevos-tratamientos\/"},"wordCount":532,"image":{"@id":"https:\/\/www.pcb.ub.edu\/es\/biocat-y-farmaindustria-conectan-la-investigacion-catalana-con-la-industria-farmaceutica-para-avanzar-en-nuevos-tratamientos\/#primaryimage"},"thumbnailUrl":"https:\/\/www.pcb.ub.edu\/wp-content\/uploads\/2025\/07\/Adobe-Express-file-19-1.jpg","keywords":["Biocat"],"articleSection":["ENTIDADES"],"inLanguage":"es"},{"@type":"WebPage","@id":"https:\/\/www.pcb.ub.edu\/es\/biocat-y-farmaindustria-conectan-la-investigacion-catalana-con-la-industria-farmaceutica-para-avanzar-en-nuevos-tratamientos\/","url":"https:\/\/www.pcb.ub.edu\/es\/biocat-y-farmaindustria-conectan-la-investigacion-catalana-con-la-industria-farmaceutica-para-avanzar-en-nuevos-tratamientos\/","name":"Biocat y Farmaindustria conectan la investigaci\u00f3n catalana con la industria farmac\u00e9utica para avanzar en nuevos tratamientos - Parc Cient\u00edfic de Barcelona","isPartOf":{"@id":"https:\/\/www.pcb.ub.edu\/es\/#website"},"primaryImageOfPage":{"@id":"https:\/\/www.pcb.ub.edu\/es\/biocat-y-farmaindustria-conectan-la-investigacion-catalana-con-la-industria-farmaceutica-para-avanzar-en-nuevos-tratamientos\/#primaryimage"},"image":{"@id":"https:\/\/www.pcb.ub.edu\/es\/biocat-y-farmaindustria-conectan-la-investigacion-catalana-con-la-industria-farmaceutica-para-avanzar-en-nuevos-tratamientos\/#primaryimage"},"thumbnailUrl":"https:\/\/www.pcb.ub.edu\/wp-content\/uploads\/2025\/07\/Adobe-Express-file-19-1.jpg","datePublished":"2025-07-08T08:19:07+00:00","dateModified":"2025-07-08T09:45:57+00:00","author":{"@id":"https:\/\/www.pcb.ub.edu\/es\/#\/schema\/person\/dece7d71551633ff3423502f3e384c6a"},"description":"La XXV edici\u00f3n del Programa Farma-Biotech pretende fomentar la investigaci\u00f3n precl\u00ednica y traslacional dando apoyo a 7 proyectos de investigaci\u00f3n catalanes","breadcrumb":{"@id":"https:\/\/www.pcb.ub.edu\/es\/biocat-y-farmaindustria-conectan-la-investigacion-catalana-con-la-industria-farmaceutica-para-avanzar-en-nuevos-tratamientos\/#breadcrumb"},"inLanguage":"es","potentialAction":[{"@type":"ReadAction","target":["https:\/\/www.pcb.ub.edu\/es\/biocat-y-farmaindustria-conectan-la-investigacion-catalana-con-la-industria-farmaceutica-para-avanzar-en-nuevos-tratamientos\/"]}]},{"@type":"ImageObject","inLanguage":"es","@id":"https:\/\/www.pcb.ub.edu\/es\/biocat-y-farmaindustria-conectan-la-investigacion-catalana-con-la-industria-farmaceutica-para-avanzar-en-nuevos-tratamientos\/#primaryimage","url":"https:\/\/www.pcb.ub.edu\/wp-content\/uploads\/2025\/07\/Adobe-Express-file-19-1.jpg","contentUrl":"https:\/\/www.pcb.ub.edu\/wp-content\/uploads\/2025\/07\/Adobe-Express-file-19-1.jpg","width":900,"height":330},{"@type":"BreadcrumbList","@id":"https:\/\/www.pcb.ub.edu\/es\/biocat-y-farmaindustria-conectan-la-investigacion-catalana-con-la-industria-farmaceutica-para-avanzar-en-nuevos-tratamientos\/#breadcrumb","itemListElement":[{"@type":"ListItem","position":1,"name":"Home","item":"https:\/\/www.pcb.ub.edu\/es\/"},{"@type":"ListItem","position":2,"name":"Biocat y Farmaindustria conectan la investigaci\u00f3n catalana con la industria farmac\u00e9utica para avanzar en nuevos tratamientos"}]},{"@type":"WebSite","@id":"https:\/\/www.pcb.ub.edu\/es\/#website","url":"https:\/\/www.pcb.ub.edu\/es\/","name":"Parc Cient\u00edfic de Barcelona","description":"Universitat de Barcelona","potentialAction":[{"@type":"SearchAction","target":{"@type":"EntryPoint","urlTemplate":"https:\/\/www.pcb.ub.edu\/es\/?s={search_term_string}"},"query-input":{"@type":"PropertyValueSpecification","valueRequired":true,"valueName":"search_term_string"}}],"inLanguage":"es"},{"@type":"Person","@id":"https:\/\/www.pcb.ub.edu\/es\/#\/schema\/person\/dece7d71551633ff3423502f3e384c6a","name":"Paula Ca\u00f1al","image":{"@type":"ImageObject","inLanguage":"es","@id":"https:\/\/secure.gravatar.com\/avatar\/b994665ec600f20526048e5d98eab6b8aa5e116b6fe2101daebcb986872bd355?s=96&d=mm&r=g","url":"https:\/\/secure.gravatar.com\/avatar\/b994665ec600f20526048e5d98eab6b8aa5e116b6fe2101daebcb986872bd355?s=96&d=mm&r=g","contentUrl":"https:\/\/secure.gravatar.com\/avatar\/b994665ec600f20526048e5d98eab6b8aa5e116b6fe2101daebcb986872bd355?s=96&d=mm&r=g","caption":"Paula Ca\u00f1al"},"url":"https:\/\/www.pcb.ub.edu\/es\/author\/paula\/"}]}},"_links":{"self":[{"href":"https:\/\/www.pcb.ub.edu\/es\/wp-json\/wp\/v2\/posts\/105361","targetHints":{"allow":["GET"]}}],"collection":[{"href":"https:\/\/www.pcb.ub.edu\/es\/wp-json\/wp\/v2\/posts"}],"about":[{"href":"https:\/\/www.pcb.ub.edu\/es\/wp-json\/wp\/v2\/types\/post"}],"author":[{"embeddable":true,"href":"https:\/\/www.pcb.ub.edu\/es\/wp-json\/wp\/v2\/users\/14"}],"replies":[{"embeddable":true,"href":"https:\/\/www.pcb.ub.edu\/es\/wp-json\/wp\/v2\/comments?post=105361"}],"version-history":[{"count":3,"href":"https:\/\/www.pcb.ub.edu\/es\/wp-json\/wp\/v2\/posts\/105361\/revisions"}],"predecessor-version":[{"id":105376,"href":"https:\/\/www.pcb.ub.edu\/es\/wp-json\/wp\/v2\/posts\/105361\/revisions\/105376"}],"wp:featuredmedia":[{"embeddable":true,"href":"https:\/\/www.pcb.ub.edu\/es\/wp-json\/wp\/v2\/media\/105375"}],"wp:attachment":[{"href":"https:\/\/www.pcb.ub.edu\/es\/wp-json\/wp\/v2\/media?parent=105361"}],"wp:term":[{"taxonomy":"category","embeddable":true,"href":"https:\/\/www.pcb.ub.edu\/es\/wp-json\/wp\/v2\/categories?post=105361"},{"taxonomy":"post_tag","embeddable":true,"href":"https:\/\/www.pcb.ub.edu\/es\/wp-json\/wp\/v2\/tags?post=105361"}],"curies":[{"name":"wp","href":"https:\/\/api.w.org\/{rel}","templated":true}]}}