{"id":90834,"date":"2023-12-05T09:56:44","date_gmt":"2023-12-05T08:56:44","guid":{"rendered":"https:\/\/www.pcb.ub.edu\/the-health-sector-also-makes-progress-in-fulfilling-agenda-2030\/"},"modified":"2023-12-05T18:17:32","modified_gmt":"2023-12-05T17:17:32","slug":"the-health-sector-also-makes-progress-in-fulfilling-agenda-2030","status":"publish","type":"post","link":"https:\/\/www.pcb.ub.edu\/en\/the-health-sector-also-makes-progress-in-fulfilling-agenda-2030\/","title":{"rendered":"The health sector also makes progress in fulfilling Agenda 2030"},"content":{"rendered":"<p>In its biannual report, the Spanish Network of the UN Global Compact organisation reviews the contribution of Spanish and Catalan companies in their fulfilment of Agenda 2030. The 2022 report shows that companies are gradually committing to sustainability and are making progress in the integration of the SDGs into their business strategy.<\/p>\n<p>The Catalonia BioRegion sector is also making advances in the same direction. Until recently, in the life and health sciences sector it seemed that the positive results of research and health care activity which were beneficial to the people\u2019s health justified any cost or expense, as well as environmental impacts.<\/p>\n<p>Today this perspective has changed. <strong>In the context of the climate emergency, hospital centres, entities and research centres are acting to reduce their impacts<\/strong>: waste reduction, reduction of energy consumption, self-production of energy and use of water are examples of good practices launched to help minimise the environmental footprint of their activity.<\/p>\n<p>To learn about<strong> initiatives being some hospitals and research centres in Catalonia,<\/strong> you are invited to read the Biocat article about good practices in the BioRegion.<\/p>\n<p><a href=\"https:\/\/www.biocat.cat\/en\/current-news\/insights-articles\/towards-sustainable-future-more-environmental-initiatives-driven?utm_source=E-News\" target=\"_blank\" rel=\"noopener\">Towards a sustainable future: More environmental initiatives driven by the entities of the BioRegion of Catalonia (biocat.cat)<\/a><\/p>\n","protected":false},"excerpt":{"rendered":"<p>In its biannual report, the Spanish Network of the UN Global Compact organisation reviews the contribution of Spanish and Catalan companies in their fulfilment of Agenda 2030. The 2022 report&#8230;<\/p>\n","protected":false},"author":11,"featured_media":90789,"comment_status":"closed","ping_status":"closed","sticky":false,"template":"","format":"standard","meta":{"_acf_changed":false,"inline_featured_image":false,"footnotes":""},"categories":[205,209],"tags":[],"class_list":["post-90834","post","type-post","status-publish","format-standard","has-post-thumbnail","category-good-health-and-well-being","category-ods-en"],"acf":[],"yoast_head":"<!-- This site is optimized with the Yoast SEO plugin v27.3 - https:\/\/yoast.com\/product\/yoast-seo-wordpress\/ -->\n<title>The health sector also makes progress in fulfilling Agenda 2030 - Parc Cient\u00edfic de Barcelona<\/title>\n<meta name=\"description\" content=\"La falta de pluges t\u00e9 conseq\u00fc\u00e8ncies directes sobre l\u2019aigua, per\u00f2 tamb\u00e9 influeix sobre la qualitat de l\u2019aire. Quan plou fort l\u2019aire es renova i els contaminants es dispersen. Fa molts dies que no plou i l\u2019aire de la ciutat es va carregant de contaminaci\u00f3.\u00a0\" \/>\n<meta name=\"robots\" content=\"index, follow, max-snippet:-1, max-image-preview:large, max-video-preview:-1\" \/>\n<link rel=\"canonical\" href=\"https:\/\/www.pcb.ub.edu\/el-sector-salut-tambe-avanca-en-el-compliment-de-lagenda-2030\/\" \/>\n<meta property=\"og:locale\" content=\"en_US\" \/>\n<meta property=\"og:type\" content=\"article\" \/>\n<meta property=\"og:title\" content=\"The health sector also makes progress in fulfilling Agenda 2030 - Parc Cient\u00edfic de Barcelona\" \/>\n<meta property=\"og:description\" content=\"La falta de pluges t\u00e9 conseq\u00fc\u00e8ncies directes sobre l\u2019aigua, per\u00f2 tamb\u00e9 influeix sobre la qualitat de l\u2019aire. Quan plou fort l\u2019aire es renova i els contaminants es dispersen. Fa molts dies que no plou i l\u2019aire de la ciutat es va carregant de contaminaci\u00f3.\u00a0\" \/>\n<meta property=\"og:url\" content=\"https:\/\/www.pcb.ub.edu\/el-sector-salut-tambe-avanca-en-el-compliment-de-lagenda-2030\/\" \/>\n<meta property=\"og:site_name\" content=\"Parc Cient\u00edfic de Barcelona\" \/>\n<meta property=\"article:published_time\" content=\"2023-12-05T08:56:44+00:00\" \/>\n<meta property=\"article:modified_time\" content=\"2023-12-05T17:17:32+00:00\" \/>\n<meta property=\"og:image\" content=\"https:\/\/www.pcb.ub.edu\/wp-content\/uploads\/2023\/12\/agenda-2030.gif\" \/>\n\t<meta property=\"og:image:width\" content=\"900\" \/>\n\t<meta property=\"og:image:height\" content=\"330\" \/>\n\t<meta property=\"og:image:type\" content=\"image\/gif\" \/>\n<meta name=\"author\" content=\"Iuris\" \/>\n<meta name=\"twitter:card\" content=\"summary_large_image\" \/>\n<meta name=\"twitter:label1\" content=\"Written by\" \/>\n\t<meta name=\"twitter:data1\" content=\"Iuris\" \/>\n\t<meta name=\"twitter:label2\" content=\"Est. reading time\" \/>\n\t<meta name=\"twitter:data2\" content=\"1 minute\" \/>\n<script type=\"application\/ld+json\" class=\"yoast-schema-graph\">{\"@context\":\"https:\\\/\\\/schema.org\",\"@graph\":[{\"@type\":\"Article\",\"@id\":\"https:\\\/\\\/www.pcb.ub.edu\\\/el-sector-salut-tambe-avanca-en-el-compliment-de-lagenda-2030\\\/#article\",\"isPartOf\":{\"@id\":\"https:\\\/\\\/www.pcb.ub.edu\\\/el-sector-salut-tambe-avanca-en-el-compliment-de-lagenda-2030\\\/\"},\"author\":{\"name\":\"Iuris\",\"@id\":\"https:\\\/\\\/www.pcb.ub.edu\\\/es\\\/#\\\/schema\\\/person\\\/2cac99ef7339e3499496b54bb2e12e7d\"},\"headline\":\"The health sector also makes progress in fulfilling Agenda 2030\",\"datePublished\":\"2023-12-05T08:56:44+00:00\",\"dateModified\":\"2023-12-05T17:17:32+00:00\",\"mainEntityOfPage\":{\"@id\":\"https:\\\/\\\/www.pcb.ub.edu\\\/el-sector-salut-tambe-avanca-en-el-compliment-de-lagenda-2030\\\/\"},\"wordCount\":206,\"image\":{\"@id\":\"https:\\\/\\\/www.pcb.ub.edu\\\/el-sector-salut-tambe-avanca-en-el-compliment-de-lagenda-2030\\\/#primaryimage\"},\"thumbnailUrl\":\"https:\\\/\\\/www.pcb.ub.edu\\\/wp-content\\\/uploads\\\/2023\\\/12\\\/agenda-2030.gif\",\"articleSection\":[\"GOOD HEALTH AND WELL-BEING\",\"ODS\"],\"inLanguage\":\"en-US\"},{\"@type\":\"WebPage\",\"@id\":\"https:\\\/\\\/www.pcb.ub.edu\\\/el-sector-salut-tambe-avanca-en-el-compliment-de-lagenda-2030\\\/\",\"url\":\"https:\\\/\\\/www.pcb.ub.edu\\\/el-sector-salut-tambe-avanca-en-el-compliment-de-lagenda-2030\\\/\",\"name\":\"The health sector also makes progress in fulfilling Agenda 2030 - Parc Cient\u00edfic de Barcelona\",\"isPartOf\":{\"@id\":\"https:\\\/\\\/www.pcb.ub.edu\\\/es\\\/#website\"},\"primaryImageOfPage\":{\"@id\":\"https:\\\/\\\/www.pcb.ub.edu\\\/el-sector-salut-tambe-avanca-en-el-compliment-de-lagenda-2030\\\/#primaryimage\"},\"image\":{\"@id\":\"https:\\\/\\\/www.pcb.ub.edu\\\/el-sector-salut-tambe-avanca-en-el-compliment-de-lagenda-2030\\\/#primaryimage\"},\"thumbnailUrl\":\"https:\\\/\\\/www.pcb.ub.edu\\\/wp-content\\\/uploads\\\/2023\\\/12\\\/agenda-2030.gif\",\"datePublished\":\"2023-12-05T08:56:44+00:00\",\"dateModified\":\"2023-12-05T17:17:32+00:00\",\"author\":{\"@id\":\"https:\\\/\\\/www.pcb.ub.edu\\\/es\\\/#\\\/schema\\\/person\\\/2cac99ef7339e3499496b54bb2e12e7d\"},\"description\":\"La falta de pluges t\u00e9 conseq\u00fc\u00e8ncies directes sobre l\u2019aigua, per\u00f2 tamb\u00e9 influeix sobre la qualitat de l\u2019aire. Quan plou fort l\u2019aire es renova i els contaminants es dispersen. Fa molts dies que no plou i l\u2019aire de la ciutat es va carregant de contaminaci\u00f3.\u00a0\",\"breadcrumb\":{\"@id\":\"https:\\\/\\\/www.pcb.ub.edu\\\/el-sector-salut-tambe-avanca-en-el-compliment-de-lagenda-2030\\\/#breadcrumb\"},\"inLanguage\":\"en-US\",\"potentialAction\":[{\"@type\":\"ReadAction\",\"target\":[\"https:\\\/\\\/www.pcb.ub.edu\\\/el-sector-salut-tambe-avanca-en-el-compliment-de-lagenda-2030\\\/\"]}]},{\"@type\":\"ImageObject\",\"inLanguage\":\"en-US\",\"@id\":\"https:\\\/\\\/www.pcb.ub.edu\\\/el-sector-salut-tambe-avanca-en-el-compliment-de-lagenda-2030\\\/#primaryimage\",\"url\":\"https:\\\/\\\/www.pcb.ub.edu\\\/wp-content\\\/uploads\\\/2023\\\/12\\\/agenda-2030.gif\",\"contentUrl\":\"https:\\\/\\\/www.pcb.ub.edu\\\/wp-content\\\/uploads\\\/2023\\\/12\\\/agenda-2030.gif\",\"width\":900,\"height\":330},{\"@type\":\"BreadcrumbList\",\"@id\":\"https:\\\/\\\/www.pcb.ub.edu\\\/el-sector-salut-tambe-avanca-en-el-compliment-de-lagenda-2030\\\/#breadcrumb\",\"itemListElement\":[{\"@type\":\"ListItem\",\"position\":1,\"name\":\"Home\",\"item\":\"https:\\\/\\\/www.pcb.ub.edu\\\/en\\\/\"},{\"@type\":\"ListItem\",\"position\":2,\"name\":\"The health sector also makes progress in fulfilling Agenda 2030\"}]},{\"@type\":\"WebSite\",\"@id\":\"https:\\\/\\\/www.pcb.ub.edu\\\/es\\\/#website\",\"url\":\"https:\\\/\\\/www.pcb.ub.edu\\\/es\\\/\",\"name\":\"Parc Cient\u00edfic de Barcelona\",\"description\":\"Universitat de Barcelona\",\"potentialAction\":[{\"@type\":\"SearchAction\",\"target\":{\"@type\":\"EntryPoint\",\"urlTemplate\":\"https:\\\/\\\/www.pcb.ub.edu\\\/es\\\/?s={search_term_string}\"},\"query-input\":{\"@type\":\"PropertyValueSpecification\",\"valueRequired\":true,\"valueName\":\"search_term_string\"}}],\"inLanguage\":\"en-US\"},{\"@type\":\"Person\",\"@id\":\"https:\\\/\\\/www.pcb.ub.edu\\\/es\\\/#\\\/schema\\\/person\\\/2cac99ef7339e3499496b54bb2e12e7d\",\"name\":\"Iuris\",\"image\":{\"@type\":\"ImageObject\",\"inLanguage\":\"en-US\",\"@id\":\"https:\\\/\\\/secure.gravatar.com\\\/avatar\\\/a9d1bfedf501cbd8ae27b11de9986604bf4cdcea73b507457dfd4ff5dc770b75?s=96&d=mm&r=g\",\"url\":\"https:\\\/\\\/secure.gravatar.com\\\/avatar\\\/a9d1bfedf501cbd8ae27b11de9986604bf4cdcea73b507457dfd4ff5dc770b75?s=96&d=mm&r=g\",\"contentUrl\":\"https:\\\/\\\/secure.gravatar.com\\\/avatar\\\/a9d1bfedf501cbd8ae27b11de9986604bf4cdcea73b507457dfd4ff5dc770b75?s=96&d=mm&r=g\",\"caption\":\"Iuris\"},\"url\":\"https:\\\/\\\/www.pcb.ub.edu\\\/en\\\/author\\\/adminiuris\\\/\"}]}<\/script>\n<!-- \/ Yoast SEO plugin. -->","yoast_head_json":{"title":"The health sector also makes progress in fulfilling Agenda 2030 - Parc Cient\u00edfic de Barcelona","description":"La falta de pluges t\u00e9 conseq\u00fc\u00e8ncies directes sobre l\u2019aigua, per\u00f2 tamb\u00e9 influeix sobre la qualitat de l\u2019aire. Quan plou fort l\u2019aire es renova i els contaminants es dispersen. Fa molts dies que no plou i l\u2019aire de la ciutat es va carregant de contaminaci\u00f3.\u00a0","robots":{"index":"index","follow":"follow","max-snippet":"max-snippet:-1","max-image-preview":"max-image-preview:large","max-video-preview":"max-video-preview:-1"},"canonical":"https:\/\/www.pcb.ub.edu\/el-sector-salut-tambe-avanca-en-el-compliment-de-lagenda-2030\/","og_locale":"en_US","og_type":"article","og_title":"The health sector also makes progress in fulfilling Agenda 2030 - Parc Cient\u00edfic de Barcelona","og_description":"La falta de pluges t\u00e9 conseq\u00fc\u00e8ncies directes sobre l\u2019aigua, per\u00f2 tamb\u00e9 influeix sobre la qualitat de l\u2019aire. Quan plou fort l\u2019aire es renova i els contaminants es dispersen. Fa molts dies que no plou i l\u2019aire de la ciutat es va carregant de contaminaci\u00f3.\u00a0","og_url":"https:\/\/www.pcb.ub.edu\/el-sector-salut-tambe-avanca-en-el-compliment-de-lagenda-2030\/","og_site_name":"Parc Cient\u00edfic de Barcelona","article_published_time":"2023-12-05T08:56:44+00:00","article_modified_time":"2023-12-05T17:17:32+00:00","og_image":[{"width":900,"height":330,"url":"https:\/\/www.pcb.ub.edu\/wp-content\/uploads\/2023\/12\/agenda-2030.gif","type":"image\/gif"}],"author":"Iuris","twitter_card":"summary_large_image","twitter_misc":{"Written by":"Iuris","Est. reading time":"1 minute"},"schema":{"@context":"https:\/\/schema.org","@graph":[{"@type":"Article","@id":"https:\/\/www.pcb.ub.edu\/el-sector-salut-tambe-avanca-en-el-compliment-de-lagenda-2030\/#article","isPartOf":{"@id":"https:\/\/www.pcb.ub.edu\/el-sector-salut-tambe-avanca-en-el-compliment-de-lagenda-2030\/"},"author":{"name":"Iuris","@id":"https:\/\/www.pcb.ub.edu\/es\/#\/schema\/person\/2cac99ef7339e3499496b54bb2e12e7d"},"headline":"The health sector also makes progress in fulfilling Agenda 2030","datePublished":"2023-12-05T08:56:44+00:00","dateModified":"2023-12-05T17:17:32+00:00","mainEntityOfPage":{"@id":"https:\/\/www.pcb.ub.edu\/el-sector-salut-tambe-avanca-en-el-compliment-de-lagenda-2030\/"},"wordCount":206,"image":{"@id":"https:\/\/www.pcb.ub.edu\/el-sector-salut-tambe-avanca-en-el-compliment-de-lagenda-2030\/#primaryimage"},"thumbnailUrl":"https:\/\/www.pcb.ub.edu\/wp-content\/uploads\/2023\/12\/agenda-2030.gif","articleSection":["GOOD HEALTH AND WELL-BEING","ODS"],"inLanguage":"en-US"},{"@type":"WebPage","@id":"https:\/\/www.pcb.ub.edu\/el-sector-salut-tambe-avanca-en-el-compliment-de-lagenda-2030\/","url":"https:\/\/www.pcb.ub.edu\/el-sector-salut-tambe-avanca-en-el-compliment-de-lagenda-2030\/","name":"The health sector also makes progress in fulfilling Agenda 2030 - Parc Cient\u00edfic de Barcelona","isPartOf":{"@id":"https:\/\/www.pcb.ub.edu\/es\/#website"},"primaryImageOfPage":{"@id":"https:\/\/www.pcb.ub.edu\/el-sector-salut-tambe-avanca-en-el-compliment-de-lagenda-2030\/#primaryimage"},"image":{"@id":"https:\/\/www.pcb.ub.edu\/el-sector-salut-tambe-avanca-en-el-compliment-de-lagenda-2030\/#primaryimage"},"thumbnailUrl":"https:\/\/www.pcb.ub.edu\/wp-content\/uploads\/2023\/12\/agenda-2030.gif","datePublished":"2023-12-05T08:56:44+00:00","dateModified":"2023-12-05T17:17:32+00:00","author":{"@id":"https:\/\/www.pcb.ub.edu\/es\/#\/schema\/person\/2cac99ef7339e3499496b54bb2e12e7d"},"description":"La falta de pluges t\u00e9 conseq\u00fc\u00e8ncies directes sobre l\u2019aigua, per\u00f2 tamb\u00e9 influeix sobre la qualitat de l\u2019aire. Quan plou fort l\u2019aire es renova i els contaminants es dispersen. Fa molts dies que no plou i l\u2019aire de la ciutat es va carregant de contaminaci\u00f3.\u00a0","breadcrumb":{"@id":"https:\/\/www.pcb.ub.edu\/el-sector-salut-tambe-avanca-en-el-compliment-de-lagenda-2030\/#breadcrumb"},"inLanguage":"en-US","potentialAction":[{"@type":"ReadAction","target":["https:\/\/www.pcb.ub.edu\/el-sector-salut-tambe-avanca-en-el-compliment-de-lagenda-2030\/"]}]},{"@type":"ImageObject","inLanguage":"en-US","@id":"https:\/\/www.pcb.ub.edu\/el-sector-salut-tambe-avanca-en-el-compliment-de-lagenda-2030\/#primaryimage","url":"https:\/\/www.pcb.ub.edu\/wp-content\/uploads\/2023\/12\/agenda-2030.gif","contentUrl":"https:\/\/www.pcb.ub.edu\/wp-content\/uploads\/2023\/12\/agenda-2030.gif","width":900,"height":330},{"@type":"BreadcrumbList","@id":"https:\/\/www.pcb.ub.edu\/el-sector-salut-tambe-avanca-en-el-compliment-de-lagenda-2030\/#breadcrumb","itemListElement":[{"@type":"ListItem","position":1,"name":"Home","item":"https:\/\/www.pcb.ub.edu\/en\/"},{"@type":"ListItem","position":2,"name":"The health sector also makes progress in fulfilling Agenda 2030"}]},{"@type":"WebSite","@id":"https:\/\/www.pcb.ub.edu\/es\/#website","url":"https:\/\/www.pcb.ub.edu\/es\/","name":"Parc Cient\u00edfic de Barcelona","description":"Universitat de Barcelona","potentialAction":[{"@type":"SearchAction","target":{"@type":"EntryPoint","urlTemplate":"https:\/\/www.pcb.ub.edu\/es\/?s={search_term_string}"},"query-input":{"@type":"PropertyValueSpecification","valueRequired":true,"valueName":"search_term_string"}}],"inLanguage":"en-US"},{"@type":"Person","@id":"https:\/\/www.pcb.ub.edu\/es\/#\/schema\/person\/2cac99ef7339e3499496b54bb2e12e7d","name":"Iuris","image":{"@type":"ImageObject","inLanguage":"en-US","@id":"https:\/\/secure.gravatar.com\/avatar\/a9d1bfedf501cbd8ae27b11de9986604bf4cdcea73b507457dfd4ff5dc770b75?s=96&d=mm&r=g","url":"https:\/\/secure.gravatar.com\/avatar\/a9d1bfedf501cbd8ae27b11de9986604bf4cdcea73b507457dfd4ff5dc770b75?s=96&d=mm&r=g","contentUrl":"https:\/\/secure.gravatar.com\/avatar\/a9d1bfedf501cbd8ae27b11de9986604bf4cdcea73b507457dfd4ff5dc770b75?s=96&d=mm&r=g","caption":"Iuris"},"url":"https:\/\/www.pcb.ub.edu\/en\/author\/adminiuris\/"}]}},"_links":{"self":[{"href":"https:\/\/www.pcb.ub.edu\/en\/wp-json\/wp\/v2\/posts\/90834","targetHints":{"allow":["GET"]}}],"collection":[{"href":"https:\/\/www.pcb.ub.edu\/en\/wp-json\/wp\/v2\/posts"}],"about":[{"href":"https:\/\/www.pcb.ub.edu\/en\/wp-json\/wp\/v2\/types\/post"}],"author":[{"embeddable":true,"href":"https:\/\/www.pcb.ub.edu\/en\/wp-json\/wp\/v2\/users\/11"}],"replies":[{"embeddable":true,"href":"https:\/\/www.pcb.ub.edu\/en\/wp-json\/wp\/v2\/comments?post=90834"}],"version-history":[{"count":1,"href":"https:\/\/www.pcb.ub.edu\/en\/wp-json\/wp\/v2\/posts\/90834\/revisions"}],"predecessor-version":[{"id":90835,"href":"https:\/\/www.pcb.ub.edu\/en\/wp-json\/wp\/v2\/posts\/90834\/revisions\/90835"}],"wp:featuredmedia":[{"embeddable":true,"href":"https:\/\/www.pcb.ub.edu\/en\/wp-json\/wp\/v2\/media\/90789"}],"wp:attachment":[{"href":"https:\/\/www.pcb.ub.edu\/en\/wp-json\/wp\/v2\/media?parent=90834"}],"wp:term":[{"taxonomy":"category","embeddable":true,"href":"https:\/\/www.pcb.ub.edu\/en\/wp-json\/wp\/v2\/categories?post=90834"},{"taxonomy":"post_tag","embeddable":true,"href":"https:\/\/www.pcb.ub.edu\/en\/wp-json\/wp\/v2\/tags?post=90834"}],"curies":[{"name":"wp","href":"https:\/\/api.w.org\/{rel}","templated":true}]}}