{"id":87216,"date":"2023-06-21T13:49:48","date_gmt":"2023-06-21T11:49:48","guid":{"rendered":"https:\/\/www.pcb.ub.edu\/laigua-consumida-va-molt-mes-enlla-de-laigua-de-beguda-o-de-rentar-se\/"},"modified":"2023-11-21T14:51:05","modified_gmt":"2023-11-21T13:51:05","slug":"laigua-consumida-va-molt-mes-enlla-de-laigua-de-beguda-o-de-rentar-se","status":"publish","type":"post","link":"https:\/\/www.pcb.ub.edu\/en\/laigua-consumida-va-molt-mes-enlla-de-laigua-de-beguda-o-de-rentar-se\/","title":{"rendered":"L\u2019aigua consumida va molt m\u00e9s enll\u00e0 de l\u2019aigua de beguda o de rentar-se"},"content":{"rendered":"<p><strong>L\u2019aigua \u00e9s un recurs natural essencial esc\u00e0s que cal gestionar adequadament, especialment en el marc de l\u2019emerg\u00e8ncia clim\u00e0tica en la qual ens trobem immersos i que est\u00e0 alterant, tamb\u00e9, el cicle de l\u2019aigua.<\/strong><\/p>\n<p>L\u2019aigua no l\u2019utilitzem nom\u00e9s quan ens dutxem, bevem o reguem les plantes, l\u2019aigua est\u00e0 continguda en aliments i en processos industrials. El volum total d\u2019aigua dol\u00e7a utilitzada per a la fabricaci\u00f3 de productes o serveis s\u2019ha definit com a <em>petjada h\u00eddrica<\/em>. L\u2019aigua pot haver estat consumida, contaminada o evaporada. Al m\u00f3n occidental s\u2019estima que la mitjana de la petjada h\u00eddrica se situa al voltant dels 5.400 litres\/persona i dia.<\/p>\n<p>El c\u00e0lcul de la petjada h\u00eddrica \u00e9s una bona eina per informar els agents involucrats en la presa de decisions i planificaci\u00f3 estrat\u00e8gica de les pol\u00edtiques hidrol\u00f2giques.<\/p>\n<p>El c\u00e0lcul a petita escala tamb\u00e9 pot ajudar als consumidors a prendre decisions individualment i vol convidar a la reflexi\u00f3 sobre els h\u00e0bits de consum i l\u2019impacte de cada decisi\u00f3 sobre els recursos naturals. Aix\u00ed es pot determinar que una samarreta de cot\u00f3 t\u00e9 una petjada de 4.100 litres d\u2019aigua virtual, una hamburguesa 2.400, un enciam 13 i una tassa de t\u00e9 35 litres.<\/p>\n<p>Els aliments frescos i de temporada tenen una petjada h\u00eddrica menor que els productes elaborats. Com menys elaborat \u00e9s un producte, menys aigua es consumeix en la seva producci\u00f3.<\/p>\n<p>A t\u00edtol orientatiu, enllacem una calculadora de petjada h\u00eddrica per quantificar virtualment el nostre estil de vida.<\/p>\n<p><a href=\"https:\/\/www.fundacionaquae.org\/calculadora-hidrica\/\" target=\"_blank\" rel=\"noopener\">https:\/\/www.fundacionaquae.org\/calculadora-hidrica\/<\/a><\/p>\n","protected":false},"excerpt":{"rendered":"<p>L\u2019aigua \u00e9s un recurs natural essencial esc\u00e0s que cal gestionar adequadament, especialment en el marc de l\u2019emerg\u00e8ncia clim\u00e0tica en la qual ens trobem immersos i que est\u00e0 alterant, tamb\u00e9, el&#8230;<\/p>\n","protected":false},"author":1,"featured_media":87094,"comment_status":"closed","ping_status":"closed","sticky":false,"template":"","format":"standard","meta":{"_acf_changed":false,"inline_featured_image":false,"footnotes":""},"categories":[203,209],"tags":[],"class_list":["post-87216","post","type-post","status-publish","format-standard","has-post-thumbnail","category-industry-innovation-and-infrastructure","category-ods-en"],"acf":[],"yoast_head":"<!-- This site is optimized with the Yoast SEO plugin v27.3 - https:\/\/yoast.com\/product\/yoast-seo-wordpress\/ -->\n<title>L\u2019aigua consumida va molt m\u00e9s enll\u00e0 de l\u2019aigua de beguda o de rentar-se - Parc Cient\u00edfic de Barcelona<\/title>\n<meta name=\"description\" content=\"L\u2019aigua \u00e9s un recurs natural essencial esc\u00e0s que cal gestionar adequadament, especialment en el marc de l\u2019emerg\u00e8ncia clim\u00e0tica en la que ens trobem immersos i que est\u00e0 alterant, tamb\u00e9, el cicle de l\u2019aigua.\" \/>\n<meta name=\"robots\" content=\"index, follow, max-snippet:-1, max-image-preview:large, max-video-preview:-1\" \/>\n<link rel=\"canonical\" href=\"https:\/\/www.pcb.ub.edu\/en\/laigua-consumida-va-molt-mes-enlla-de-laigua-de-beguda-o-de-rentar-se\/\" \/>\n<meta property=\"og:locale\" content=\"en_US\" \/>\n<meta property=\"og:type\" content=\"article\" \/>\n<meta property=\"og:title\" content=\"L\u2019aigua consumida va molt m\u00e9s enll\u00e0 de l\u2019aigua de beguda o de rentar-se - Parc Cient\u00edfic de Barcelona\" \/>\n<meta property=\"og:description\" content=\"L\u2019aigua \u00e9s un recurs natural essencial esc\u00e0s que cal gestionar adequadament, especialment en el marc de l\u2019emerg\u00e8ncia clim\u00e0tica en la que ens trobem immersos i que est\u00e0 alterant, tamb\u00e9, el cicle de l\u2019aigua.\" \/>\n<meta property=\"og:url\" content=\"https:\/\/www.pcb.ub.edu\/en\/laigua-consumida-va-molt-mes-enlla-de-laigua-de-beguda-o-de-rentar-se\/\" \/>\n<meta property=\"og:site_name\" content=\"Parc Cient\u00edfic de Barcelona\" \/>\n<meta property=\"article:published_time\" content=\"2023-06-21T11:49:48+00:00\" \/>\n<meta property=\"article:modified_time\" content=\"2023-11-21T13:51:05+00:00\" \/>\n<meta property=\"og:image\" content=\"https:\/\/www.pcb.ub.edu\/wp-content\/uploads\/2023\/07\/octubre27.jpg\" \/>\n\t<meta property=\"og:image:width\" content=\"900\" \/>\n\t<meta property=\"og:image:height\" content=\"330\" \/>\n\t<meta property=\"og:image:type\" content=\"image\/jpeg\" \/>\n<meta name=\"author\" content=\"adminpcb\" \/>\n<meta name=\"twitter:card\" content=\"summary_large_image\" \/>\n<meta name=\"twitter:label1\" content=\"Written by\" \/>\n\t<meta name=\"twitter:data1\" content=\"adminpcb\" \/>\n\t<meta name=\"twitter:label2\" content=\"Est. reading time\" \/>\n\t<meta name=\"twitter:data2\" content=\"2 minutes\" \/>\n<script type=\"application\/ld+json\" class=\"yoast-schema-graph\">{\"@context\":\"https:\\\/\\\/schema.org\",\"@graph\":[{\"@type\":\"Article\",\"@id\":\"https:\\\/\\\/www.pcb.ub.edu\\\/en\\\/laigua-consumida-va-molt-mes-enlla-de-laigua-de-beguda-o-de-rentar-se\\\/#article\",\"isPartOf\":{\"@id\":\"https:\\\/\\\/www.pcb.ub.edu\\\/en\\\/laigua-consumida-va-molt-mes-enlla-de-laigua-de-beguda-o-de-rentar-se\\\/\"},\"author\":{\"name\":\"adminpcb\",\"@id\":\"https:\\\/\\\/www.pcb.ub.edu\\\/es\\\/#\\\/schema\\\/person\\\/d13cab05cd0a75b17fddca8496481021\"},\"headline\":\"L\u2019aigua consumida va molt m\u00e9s enll\u00e0 de l\u2019aigua de beguda o de rentar-se\",\"datePublished\":\"2023-06-21T11:49:48+00:00\",\"dateModified\":\"2023-11-21T13:51:05+00:00\",\"mainEntityOfPage\":{\"@id\":\"https:\\\/\\\/www.pcb.ub.edu\\\/en\\\/laigua-consumida-va-molt-mes-enlla-de-laigua-de-beguda-o-de-rentar-se\\\/\"},\"wordCount\":286,\"image\":{\"@id\":\"https:\\\/\\\/www.pcb.ub.edu\\\/en\\\/laigua-consumida-va-molt-mes-enlla-de-laigua-de-beguda-o-de-rentar-se\\\/#primaryimage\"},\"thumbnailUrl\":\"https:\\\/\\\/www.pcb.ub.edu\\\/wp-content\\\/uploads\\\/2023\\\/07\\\/octubre27.jpg\",\"articleSection\":[\"INDUSTRY, INNOVATION AND INFRASTRUCTURE\",\"ODS\"],\"inLanguage\":\"en-US\"},{\"@type\":\"WebPage\",\"@id\":\"https:\\\/\\\/www.pcb.ub.edu\\\/en\\\/laigua-consumida-va-molt-mes-enlla-de-laigua-de-beguda-o-de-rentar-se\\\/\",\"url\":\"https:\\\/\\\/www.pcb.ub.edu\\\/en\\\/laigua-consumida-va-molt-mes-enlla-de-laigua-de-beguda-o-de-rentar-se\\\/\",\"name\":\"L\u2019aigua consumida va molt m\u00e9s enll\u00e0 de l\u2019aigua de beguda o de rentar-se - Parc Cient\u00edfic de Barcelona\",\"isPartOf\":{\"@id\":\"https:\\\/\\\/www.pcb.ub.edu\\\/es\\\/#website\"},\"primaryImageOfPage\":{\"@id\":\"https:\\\/\\\/www.pcb.ub.edu\\\/en\\\/laigua-consumida-va-molt-mes-enlla-de-laigua-de-beguda-o-de-rentar-se\\\/#primaryimage\"},\"image\":{\"@id\":\"https:\\\/\\\/www.pcb.ub.edu\\\/en\\\/laigua-consumida-va-molt-mes-enlla-de-laigua-de-beguda-o-de-rentar-se\\\/#primaryimage\"},\"thumbnailUrl\":\"https:\\\/\\\/www.pcb.ub.edu\\\/wp-content\\\/uploads\\\/2023\\\/07\\\/octubre27.jpg\",\"datePublished\":\"2023-06-21T11:49:48+00:00\",\"dateModified\":\"2023-11-21T13:51:05+00:00\",\"author\":{\"@id\":\"https:\\\/\\\/www.pcb.ub.edu\\\/es\\\/#\\\/schema\\\/person\\\/d13cab05cd0a75b17fddca8496481021\"},\"description\":\"L\u2019aigua \u00e9s un recurs natural essencial esc\u00e0s que cal gestionar adequadament, especialment en el marc de l\u2019emerg\u00e8ncia clim\u00e0tica en la que ens trobem immersos i que est\u00e0 alterant, tamb\u00e9, el cicle de l\u2019aigua.\",\"breadcrumb\":{\"@id\":\"https:\\\/\\\/www.pcb.ub.edu\\\/en\\\/laigua-consumida-va-molt-mes-enlla-de-laigua-de-beguda-o-de-rentar-se\\\/#breadcrumb\"},\"inLanguage\":\"en-US\",\"potentialAction\":[{\"@type\":\"ReadAction\",\"target\":[\"https:\\\/\\\/www.pcb.ub.edu\\\/en\\\/laigua-consumida-va-molt-mes-enlla-de-laigua-de-beguda-o-de-rentar-se\\\/\"]}]},{\"@type\":\"ImageObject\",\"inLanguage\":\"en-US\",\"@id\":\"https:\\\/\\\/www.pcb.ub.edu\\\/en\\\/laigua-consumida-va-molt-mes-enlla-de-laigua-de-beguda-o-de-rentar-se\\\/#primaryimage\",\"url\":\"https:\\\/\\\/www.pcb.ub.edu\\\/wp-content\\\/uploads\\\/2023\\\/07\\\/octubre27.jpg\",\"contentUrl\":\"https:\\\/\\\/www.pcb.ub.edu\\\/wp-content\\\/uploads\\\/2023\\\/07\\\/octubre27.jpg\",\"width\":900,\"height\":330},{\"@type\":\"BreadcrumbList\",\"@id\":\"https:\\\/\\\/www.pcb.ub.edu\\\/en\\\/laigua-consumida-va-molt-mes-enlla-de-laigua-de-beguda-o-de-rentar-se\\\/#breadcrumb\",\"itemListElement\":[{\"@type\":\"ListItem\",\"position\":1,\"name\":\"Home\",\"item\":\"https:\\\/\\\/www.pcb.ub.edu\\\/en\\\/\"},{\"@type\":\"ListItem\",\"position\":2,\"name\":\"L\u2019aigua consumida va molt m\u00e9s enll\u00e0 de l\u2019aigua de beguda o de rentar-se\"}]},{\"@type\":\"WebSite\",\"@id\":\"https:\\\/\\\/www.pcb.ub.edu\\\/es\\\/#website\",\"url\":\"https:\\\/\\\/www.pcb.ub.edu\\\/es\\\/\",\"name\":\"Parc Cient\u00edfic de Barcelona\",\"description\":\"Universitat de Barcelona\",\"potentialAction\":[{\"@type\":\"SearchAction\",\"target\":{\"@type\":\"EntryPoint\",\"urlTemplate\":\"https:\\\/\\\/www.pcb.ub.edu\\\/es\\\/?s={search_term_string}\"},\"query-input\":{\"@type\":\"PropertyValueSpecification\",\"valueRequired\":true,\"valueName\":\"search_term_string\"}}],\"inLanguage\":\"en-US\"},{\"@type\":\"Person\",\"@id\":\"https:\\\/\\\/www.pcb.ub.edu\\\/es\\\/#\\\/schema\\\/person\\\/d13cab05cd0a75b17fddca8496481021\",\"name\":\"adminpcb\",\"image\":{\"@type\":\"ImageObject\",\"inLanguage\":\"en-US\",\"@id\":\"https:\\\/\\\/secure.gravatar.com\\\/avatar\\\/41ad0fab4bb3bf5348b0af9612159cfd93173a57bbca98fecb50fa6f3ab97d28?s=96&d=mm&r=g\",\"url\":\"https:\\\/\\\/secure.gravatar.com\\\/avatar\\\/41ad0fab4bb3bf5348b0af9612159cfd93173a57bbca98fecb50fa6f3ab97d28?s=96&d=mm&r=g\",\"contentUrl\":\"https:\\\/\\\/secure.gravatar.com\\\/avatar\\\/41ad0fab4bb3bf5348b0af9612159cfd93173a57bbca98fecb50fa6f3ab97d28?s=96&d=mm&r=g\",\"caption\":\"adminpcb\"},\"url\":\"https:\\\/\\\/www.pcb.ub.edu\\\/en\\\/author\\\/adminpcb\\\/\"}]}<\/script>\n<!-- \/ Yoast SEO plugin. -->","yoast_head_json":{"title":"L\u2019aigua consumida va molt m\u00e9s enll\u00e0 de l\u2019aigua de beguda o de rentar-se - Parc Cient\u00edfic de Barcelona","description":"L\u2019aigua \u00e9s un recurs natural essencial esc\u00e0s que cal gestionar adequadament, especialment en el marc de l\u2019emerg\u00e8ncia clim\u00e0tica en la que ens trobem immersos i que est\u00e0 alterant, tamb\u00e9, el cicle de l\u2019aigua.","robots":{"index":"index","follow":"follow","max-snippet":"max-snippet:-1","max-image-preview":"max-image-preview:large","max-video-preview":"max-video-preview:-1"},"canonical":"https:\/\/www.pcb.ub.edu\/en\/laigua-consumida-va-molt-mes-enlla-de-laigua-de-beguda-o-de-rentar-se\/","og_locale":"en_US","og_type":"article","og_title":"L\u2019aigua consumida va molt m\u00e9s enll\u00e0 de l\u2019aigua de beguda o de rentar-se - Parc Cient\u00edfic de Barcelona","og_description":"L\u2019aigua \u00e9s un recurs natural essencial esc\u00e0s que cal gestionar adequadament, especialment en el marc de l\u2019emerg\u00e8ncia clim\u00e0tica en la que ens trobem immersos i que est\u00e0 alterant, tamb\u00e9, el cicle de l\u2019aigua.","og_url":"https:\/\/www.pcb.ub.edu\/en\/laigua-consumida-va-molt-mes-enlla-de-laigua-de-beguda-o-de-rentar-se\/","og_site_name":"Parc Cient\u00edfic de Barcelona","article_published_time":"2023-06-21T11:49:48+00:00","article_modified_time":"2023-11-21T13:51:05+00:00","og_image":[{"width":900,"height":330,"url":"https:\/\/www.pcb.ub.edu\/wp-content\/uploads\/2023\/07\/octubre27.jpg","type":"image\/jpeg"}],"author":"adminpcb","twitter_card":"summary_large_image","twitter_misc":{"Written by":"adminpcb","Est. reading time":"2 minutes"},"schema":{"@context":"https:\/\/schema.org","@graph":[{"@type":"Article","@id":"https:\/\/www.pcb.ub.edu\/en\/laigua-consumida-va-molt-mes-enlla-de-laigua-de-beguda-o-de-rentar-se\/#article","isPartOf":{"@id":"https:\/\/www.pcb.ub.edu\/en\/laigua-consumida-va-molt-mes-enlla-de-laigua-de-beguda-o-de-rentar-se\/"},"author":{"name":"adminpcb","@id":"https:\/\/www.pcb.ub.edu\/es\/#\/schema\/person\/d13cab05cd0a75b17fddca8496481021"},"headline":"L\u2019aigua consumida va molt m\u00e9s enll\u00e0 de l\u2019aigua de beguda o de rentar-se","datePublished":"2023-06-21T11:49:48+00:00","dateModified":"2023-11-21T13:51:05+00:00","mainEntityOfPage":{"@id":"https:\/\/www.pcb.ub.edu\/en\/laigua-consumida-va-molt-mes-enlla-de-laigua-de-beguda-o-de-rentar-se\/"},"wordCount":286,"image":{"@id":"https:\/\/www.pcb.ub.edu\/en\/laigua-consumida-va-molt-mes-enlla-de-laigua-de-beguda-o-de-rentar-se\/#primaryimage"},"thumbnailUrl":"https:\/\/www.pcb.ub.edu\/wp-content\/uploads\/2023\/07\/octubre27.jpg","articleSection":["INDUSTRY, INNOVATION AND INFRASTRUCTURE","ODS"],"inLanguage":"en-US"},{"@type":"WebPage","@id":"https:\/\/www.pcb.ub.edu\/en\/laigua-consumida-va-molt-mes-enlla-de-laigua-de-beguda-o-de-rentar-se\/","url":"https:\/\/www.pcb.ub.edu\/en\/laigua-consumida-va-molt-mes-enlla-de-laigua-de-beguda-o-de-rentar-se\/","name":"L\u2019aigua consumida va molt m\u00e9s enll\u00e0 de l\u2019aigua de beguda o de rentar-se - Parc Cient\u00edfic de Barcelona","isPartOf":{"@id":"https:\/\/www.pcb.ub.edu\/es\/#website"},"primaryImageOfPage":{"@id":"https:\/\/www.pcb.ub.edu\/en\/laigua-consumida-va-molt-mes-enlla-de-laigua-de-beguda-o-de-rentar-se\/#primaryimage"},"image":{"@id":"https:\/\/www.pcb.ub.edu\/en\/laigua-consumida-va-molt-mes-enlla-de-laigua-de-beguda-o-de-rentar-se\/#primaryimage"},"thumbnailUrl":"https:\/\/www.pcb.ub.edu\/wp-content\/uploads\/2023\/07\/octubre27.jpg","datePublished":"2023-06-21T11:49:48+00:00","dateModified":"2023-11-21T13:51:05+00:00","author":{"@id":"https:\/\/www.pcb.ub.edu\/es\/#\/schema\/person\/d13cab05cd0a75b17fddca8496481021"},"description":"L\u2019aigua \u00e9s un recurs natural essencial esc\u00e0s que cal gestionar adequadament, especialment en el marc de l\u2019emerg\u00e8ncia clim\u00e0tica en la que ens trobem immersos i que est\u00e0 alterant, tamb\u00e9, el cicle de l\u2019aigua.","breadcrumb":{"@id":"https:\/\/www.pcb.ub.edu\/en\/laigua-consumida-va-molt-mes-enlla-de-laigua-de-beguda-o-de-rentar-se\/#breadcrumb"},"inLanguage":"en-US","potentialAction":[{"@type":"ReadAction","target":["https:\/\/www.pcb.ub.edu\/en\/laigua-consumida-va-molt-mes-enlla-de-laigua-de-beguda-o-de-rentar-se\/"]}]},{"@type":"ImageObject","inLanguage":"en-US","@id":"https:\/\/www.pcb.ub.edu\/en\/laigua-consumida-va-molt-mes-enlla-de-laigua-de-beguda-o-de-rentar-se\/#primaryimage","url":"https:\/\/www.pcb.ub.edu\/wp-content\/uploads\/2023\/07\/octubre27.jpg","contentUrl":"https:\/\/www.pcb.ub.edu\/wp-content\/uploads\/2023\/07\/octubre27.jpg","width":900,"height":330},{"@type":"BreadcrumbList","@id":"https:\/\/www.pcb.ub.edu\/en\/laigua-consumida-va-molt-mes-enlla-de-laigua-de-beguda-o-de-rentar-se\/#breadcrumb","itemListElement":[{"@type":"ListItem","position":1,"name":"Home","item":"https:\/\/www.pcb.ub.edu\/en\/"},{"@type":"ListItem","position":2,"name":"L\u2019aigua consumida va molt m\u00e9s enll\u00e0 de l\u2019aigua de beguda o de rentar-se"}]},{"@type":"WebSite","@id":"https:\/\/www.pcb.ub.edu\/es\/#website","url":"https:\/\/www.pcb.ub.edu\/es\/","name":"Parc Cient\u00edfic de Barcelona","description":"Universitat de Barcelona","potentialAction":[{"@type":"SearchAction","target":{"@type":"EntryPoint","urlTemplate":"https:\/\/www.pcb.ub.edu\/es\/?s={search_term_string}"},"query-input":{"@type":"PropertyValueSpecification","valueRequired":true,"valueName":"search_term_string"}}],"inLanguage":"en-US"},{"@type":"Person","@id":"https:\/\/www.pcb.ub.edu\/es\/#\/schema\/person\/d13cab05cd0a75b17fddca8496481021","name":"adminpcb","image":{"@type":"ImageObject","inLanguage":"en-US","@id":"https:\/\/secure.gravatar.com\/avatar\/41ad0fab4bb3bf5348b0af9612159cfd93173a57bbca98fecb50fa6f3ab97d28?s=96&d=mm&r=g","url":"https:\/\/secure.gravatar.com\/avatar\/41ad0fab4bb3bf5348b0af9612159cfd93173a57bbca98fecb50fa6f3ab97d28?s=96&d=mm&r=g","contentUrl":"https:\/\/secure.gravatar.com\/avatar\/41ad0fab4bb3bf5348b0af9612159cfd93173a57bbca98fecb50fa6f3ab97d28?s=96&d=mm&r=g","caption":"adminpcb"},"url":"https:\/\/www.pcb.ub.edu\/en\/author\/adminpcb\/"}]}},"_links":{"self":[{"href":"https:\/\/www.pcb.ub.edu\/en\/wp-json\/wp\/v2\/posts\/87216","targetHints":{"allow":["GET"]}}],"collection":[{"href":"https:\/\/www.pcb.ub.edu\/en\/wp-json\/wp\/v2\/posts"}],"about":[{"href":"https:\/\/www.pcb.ub.edu\/en\/wp-json\/wp\/v2\/types\/post"}],"author":[{"embeddable":true,"href":"https:\/\/www.pcb.ub.edu\/en\/wp-json\/wp\/v2\/users\/1"}],"replies":[{"embeddable":true,"href":"https:\/\/www.pcb.ub.edu\/en\/wp-json\/wp\/v2\/comments?post=87216"}],"version-history":[{"count":1,"href":"https:\/\/www.pcb.ub.edu\/en\/wp-json\/wp\/v2\/posts\/87216\/revisions"}],"predecessor-version":[{"id":90379,"href":"https:\/\/www.pcb.ub.edu\/en\/wp-json\/wp\/v2\/posts\/87216\/revisions\/90379"}],"wp:featuredmedia":[{"embeddable":true,"href":"https:\/\/www.pcb.ub.edu\/en\/wp-json\/wp\/v2\/media\/87094"}],"wp:attachment":[{"href":"https:\/\/www.pcb.ub.edu\/en\/wp-json\/wp\/v2\/media?parent=87216"}],"wp:term":[{"taxonomy":"category","embeddable":true,"href":"https:\/\/www.pcb.ub.edu\/en\/wp-json\/wp\/v2\/categories?post=87216"},{"taxonomy":"post_tag","embeddable":true,"href":"https:\/\/www.pcb.ub.edu\/en\/wp-json\/wp\/v2\/tags?post=87216"}],"curies":[{"name":"wp","href":"https:\/\/api.w.org\/{rel}","templated":true}]}}