{"id":86180,"date":"2023-07-05T08:54:08","date_gmt":"2023-07-05T06:54:08","guid":{"rendered":"https:\/\/www.pcb.ub.edu\/?p=86180"},"modified":"2023-07-05T09:02:42","modified_gmt":"2023-07-05T07:02:42","slug":"the-internal-clock-of-our-cells-is-influenced-by-mechanical-forces","status":"publish","type":"post","link":"https:\/\/www.pcb.ub.edu\/en\/the-internal-clock-of-our-cells-is-influenced-by-mechanical-forces\/","title":{"rendered":"The internal clock of our cells is influenced by mechanical forces"},"content":{"rendered":"<p><strong>Understanding how aging and certain associated diseases such as certain types of cancer work is one of the major current challenges in science. Now, researchers from IBEC, based at the Barcelona Science Park, have taken a step further in this knowledge by demonstrating how physical forces disrupt the circadian clock of cells, the mechanism that controls physiological changes every 24 hours. This finding can help better understand this interaction, as the circadian clock stops functioning properly with aging and certain diseases.<\/strong><\/p>\n<p>Living organisms possess an internal biological cycle known as the circadian clock, which regulates fundamental physiological activities such as metabolism, hormonal variations, body temperature, and blood pressure fluctuations.<\/p>\n<p>The proper functioning of the clock is crucial for living beings to anticipate changes between day and night and adapt their physiology accordingly. The classic example of a misalignment of this clock with evident physiological effects is the well-known jet lag that occurs when we cross different time zones by airplane.<\/p>\n<p>A group of researchers led by the ICREA Research Professor and leader of the <a href=\"https:\/\/ibecbarcelona.eu\/integrative\" target=\"_blank\" rel=\"noopener\">Integrative Cell and Tissue Dynamics<\/a> group at IBEC, Xavier Trepat, has taken a further step in deciphering it&#8217;s functioning by describing the mechanism through which the circadian clock of cells becomes deregulated in response to external physical forces. <strong>The research, recently published in the<\/strong> <em>Journal of Cell Biology<\/em>, is the result of a collaboration between IBEC and Pompeu Fabra University in Barcelona.<\/p>\n<h4><strong>YAP protein: key in the deregulation of the internal clock in response to physical forces<\/strong><\/h4>\n<p>In mammals, the central circadian clock is situated in the brain and primarily regulated by light. However, each cell possesses its own individual internal clock, which senses and adjusts to the microenvironment.<\/p>\n<p>By conducting in vitro experiments using mouse fibroblasts, which are connective tissue cells responsible for maintaining structural integrity, the researchers have observed that the dysregulation of the circadian clock is linked to the YAP protein (<em>Yes-Associated Protein<\/em>). Interestingly, this protein also governs cell proliferation and has implications in the development of metastases across various types of cancer.<\/p>\n<p>The YAP protein serves as the convergence point for external mechanical signals, enabling cells to sense the rigidity of their environment. Initially present in an inactive form within the cytoplasm of cells, YAP becomes activated in response to mechanical stimuli. Once activated, it translocates to the nucleus, where it selectively influences specific \u201ctarget\u201d genes, initiating a response to the initial stimulus.<\/p>\n<p>Researchers have utilized advanced techniques such as confocal microscopy, microfabrication, and customized computer analysis to investigate the functionality of the circadian clock at the cellular level. By applying controlled mechanical, biochemical, and genetic perturbations to cells, they have discovered that one of the \u201ctarget\u201d genes influenced by YAP is <em>Rev-erb\u03b1<\/em>, a central gene involved in circadian clock regulation.<\/p>\n<p>The finding that YAP alters cellular rhythm adds a new dimension to circadian clock regulation. It provides elements that can help explain the dysfunction of the clock in cancer cells and during the aging process.<\/p>\n<p>Xavier Trepat, leader of the study, is also a professor at the Universitat de Barcelona (UB) and member of the Centro de Investigaci\u00f3n Biom\u00e9dica en Red en Bioingenier\u00eda, Biomateriales y Nanomedicina (CIBER-BBN).<\/p>\n<p><strong>\u00bb Further information on IBEC\u2019S website<\/strong>: <a href=\"https:\/\/ibecbarcelona.eu\/the-internal-clock-of-our-cells-is-influenced-by-mechanical-forces\/\" target=\"_blank\" rel=\"noopener\">https:\/\/ibecbarcelona.eu\/the-internal-clock-of-our-cells-is-influenced-by-mechanical-forces\/<\/a><\/p>\n","protected":false},"excerpt":{"rendered":"<p>Understanding how aging and certain associated diseases such as certain types of cancer work is one of the major current challenges in science. Now, researchers from IBEC, based at the&#8230;<\/p>\n","protected":false},"author":11,"featured_media":86175,"comment_status":"closed","ping_status":"closed","sticky":false,"template":"","format":"standard","meta":{"_acf_changed":false,"inline_featured_image":false,"footnotes":""},"categories":[36],"tags":[],"class_list":["post-86180","post","type-post","status-publish","format-standard","has-post-thumbnail","category-science"],"acf":[],"yoast_head":"<!-- This site is optimized with the Yoast SEO plugin v27.3 - https:\/\/yoast.com\/product\/yoast-seo-wordpress\/ -->\n<title>The internal clock of our cells is influenced by mechanical forces - Parc Cient\u00edfic de Barcelona<\/title>\n<meta name=\"robots\" content=\"index, follow, max-snippet:-1, max-image-preview:large, max-video-preview:-1\" \/>\n<link rel=\"canonical\" href=\"https:\/\/www.pcb.ub.edu\/en\/the-internal-clock-of-our-cells-is-influenced-by-mechanical-forces\/\" \/>\n<meta property=\"og:locale\" content=\"en_US\" \/>\n<meta property=\"og:type\" content=\"article\" \/>\n<meta property=\"og:title\" content=\"The internal clock of our cells is influenced by mechanical forces - Parc Cient\u00edfic de Barcelona\" \/>\n<meta property=\"og:description\" content=\"Understanding how aging and certain associated diseases such as certain types of cancer work is one of the major current challenges in science. Now, researchers from IBEC, based at the...\" \/>\n<meta property=\"og:url\" content=\"https:\/\/www.pcb.ub.edu\/en\/the-internal-clock-of-our-cells-is-influenced-by-mechanical-forces\/\" \/>\n<meta property=\"og:site_name\" content=\"Parc Cient\u00edfic de Barcelona\" \/>\n<meta property=\"article:published_time\" content=\"2023-07-05T06:54:08+00:00\" \/>\n<meta property=\"article:modified_time\" content=\"2023-07-05T07:02:42+00:00\" \/>\n<meta property=\"og:image\" content=\"https:\/\/www.pcb.ub.edu\/wp-content\/uploads\/2023\/07\/rellotge.jpg\" \/>\n\t<meta property=\"og:image:width\" content=\"948\" \/>\n\t<meta property=\"og:image:height\" content=\"347\" \/>\n\t<meta property=\"og:image:type\" content=\"image\/jpeg\" \/>\n<meta name=\"author\" content=\"Iuris\" \/>\n<meta name=\"twitter:card\" content=\"summary_large_image\" \/>\n<meta name=\"twitter:label1\" content=\"Written by\" \/>\n\t<meta name=\"twitter:data1\" content=\"Iuris\" \/>\n\t<meta name=\"twitter:label2\" content=\"Est. reading time\" \/>\n\t<meta name=\"twitter:data2\" content=\"3 minutes\" \/>\n<script type=\"application\/ld+json\" class=\"yoast-schema-graph\">{\"@context\":\"https:\\\/\\\/schema.org\",\"@graph\":[{\"@type\":\"Article\",\"@id\":\"https:\\\/\\\/www.pcb.ub.edu\\\/en\\\/the-internal-clock-of-our-cells-is-influenced-by-mechanical-forces\\\/#article\",\"isPartOf\":{\"@id\":\"https:\\\/\\\/www.pcb.ub.edu\\\/en\\\/the-internal-clock-of-our-cells-is-influenced-by-mechanical-forces\\\/\"},\"author\":{\"name\":\"Iuris\",\"@id\":\"https:\\\/\\\/www.pcb.ub.edu\\\/es\\\/#\\\/schema\\\/person\\\/2cac99ef7339e3499496b54bb2e12e7d\"},\"headline\":\"The internal clock of our cells is influenced by mechanical forces\",\"datePublished\":\"2023-07-05T06:54:08+00:00\",\"dateModified\":\"2023-07-05T07:02:42+00:00\",\"mainEntityOfPage\":{\"@id\":\"https:\\\/\\\/www.pcb.ub.edu\\\/en\\\/the-internal-clock-of-our-cells-is-influenced-by-mechanical-forces\\\/\"},\"wordCount\":549,\"image\":{\"@id\":\"https:\\\/\\\/www.pcb.ub.edu\\\/en\\\/the-internal-clock-of-our-cells-is-influenced-by-mechanical-forces\\\/#primaryimage\"},\"thumbnailUrl\":\"https:\\\/\\\/www.pcb.ub.edu\\\/wp-content\\\/uploads\\\/2023\\\/07\\\/rellotge.jpg\",\"articleSection\":[\"SCIENCE\"],\"inLanguage\":\"en-US\"},{\"@type\":\"WebPage\",\"@id\":\"https:\\\/\\\/www.pcb.ub.edu\\\/en\\\/the-internal-clock-of-our-cells-is-influenced-by-mechanical-forces\\\/\",\"url\":\"https:\\\/\\\/www.pcb.ub.edu\\\/en\\\/the-internal-clock-of-our-cells-is-influenced-by-mechanical-forces\\\/\",\"name\":\"The internal clock of our cells is influenced by mechanical forces - Parc Cient\u00edfic de Barcelona\",\"isPartOf\":{\"@id\":\"https:\\\/\\\/www.pcb.ub.edu\\\/es\\\/#website\"},\"primaryImageOfPage\":{\"@id\":\"https:\\\/\\\/www.pcb.ub.edu\\\/en\\\/the-internal-clock-of-our-cells-is-influenced-by-mechanical-forces\\\/#primaryimage\"},\"image\":{\"@id\":\"https:\\\/\\\/www.pcb.ub.edu\\\/en\\\/the-internal-clock-of-our-cells-is-influenced-by-mechanical-forces\\\/#primaryimage\"},\"thumbnailUrl\":\"https:\\\/\\\/www.pcb.ub.edu\\\/wp-content\\\/uploads\\\/2023\\\/07\\\/rellotge.jpg\",\"datePublished\":\"2023-07-05T06:54:08+00:00\",\"dateModified\":\"2023-07-05T07:02:42+00:00\",\"author\":{\"@id\":\"https:\\\/\\\/www.pcb.ub.edu\\\/es\\\/#\\\/schema\\\/person\\\/2cac99ef7339e3499496b54bb2e12e7d\"},\"breadcrumb\":{\"@id\":\"https:\\\/\\\/www.pcb.ub.edu\\\/en\\\/the-internal-clock-of-our-cells-is-influenced-by-mechanical-forces\\\/#breadcrumb\"},\"inLanguage\":\"en-US\",\"potentialAction\":[{\"@type\":\"ReadAction\",\"target\":[\"https:\\\/\\\/www.pcb.ub.edu\\\/en\\\/the-internal-clock-of-our-cells-is-influenced-by-mechanical-forces\\\/\"]}]},{\"@type\":\"ImageObject\",\"inLanguage\":\"en-US\",\"@id\":\"https:\\\/\\\/www.pcb.ub.edu\\\/en\\\/the-internal-clock-of-our-cells-is-influenced-by-mechanical-forces\\\/#primaryimage\",\"url\":\"https:\\\/\\\/www.pcb.ub.edu\\\/wp-content\\\/uploads\\\/2023\\\/07\\\/rellotge.jpg\",\"contentUrl\":\"https:\\\/\\\/www.pcb.ub.edu\\\/wp-content\\\/uploads\\\/2023\\\/07\\\/rellotge.jpg\",\"width\":948,\"height\":347},{\"@type\":\"BreadcrumbList\",\"@id\":\"https:\\\/\\\/www.pcb.ub.edu\\\/en\\\/the-internal-clock-of-our-cells-is-influenced-by-mechanical-forces\\\/#breadcrumb\",\"itemListElement\":[{\"@type\":\"ListItem\",\"position\":1,\"name\":\"Home\",\"item\":\"https:\\\/\\\/www.pcb.ub.edu\\\/en\\\/\"},{\"@type\":\"ListItem\",\"position\":2,\"name\":\"The internal clock of our cells is influenced by mechanical forces\"}]},{\"@type\":\"WebSite\",\"@id\":\"https:\\\/\\\/www.pcb.ub.edu\\\/es\\\/#website\",\"url\":\"https:\\\/\\\/www.pcb.ub.edu\\\/es\\\/\",\"name\":\"Parc Cient\u00edfic de Barcelona\",\"description\":\"Universitat de Barcelona\",\"potentialAction\":[{\"@type\":\"SearchAction\",\"target\":{\"@type\":\"EntryPoint\",\"urlTemplate\":\"https:\\\/\\\/www.pcb.ub.edu\\\/es\\\/?s={search_term_string}\"},\"query-input\":{\"@type\":\"PropertyValueSpecification\",\"valueRequired\":true,\"valueName\":\"search_term_string\"}}],\"inLanguage\":\"en-US\"},{\"@type\":\"Person\",\"@id\":\"https:\\\/\\\/www.pcb.ub.edu\\\/es\\\/#\\\/schema\\\/person\\\/2cac99ef7339e3499496b54bb2e12e7d\",\"name\":\"Iuris\",\"image\":{\"@type\":\"ImageObject\",\"inLanguage\":\"en-US\",\"@id\":\"https:\\\/\\\/secure.gravatar.com\\\/avatar\\\/a9d1bfedf501cbd8ae27b11de9986604bf4cdcea73b507457dfd4ff5dc770b75?s=96&d=mm&r=g\",\"url\":\"https:\\\/\\\/secure.gravatar.com\\\/avatar\\\/a9d1bfedf501cbd8ae27b11de9986604bf4cdcea73b507457dfd4ff5dc770b75?s=96&d=mm&r=g\",\"contentUrl\":\"https:\\\/\\\/secure.gravatar.com\\\/avatar\\\/a9d1bfedf501cbd8ae27b11de9986604bf4cdcea73b507457dfd4ff5dc770b75?s=96&d=mm&r=g\",\"caption\":\"Iuris\"},\"url\":\"https:\\\/\\\/www.pcb.ub.edu\\\/en\\\/author\\\/adminiuris\\\/\"}]}<\/script>\n<!-- \/ Yoast SEO plugin. -->","yoast_head_json":{"title":"The internal clock of our cells is influenced by mechanical forces - Parc Cient\u00edfic de Barcelona","robots":{"index":"index","follow":"follow","max-snippet":"max-snippet:-1","max-image-preview":"max-image-preview:large","max-video-preview":"max-video-preview:-1"},"canonical":"https:\/\/www.pcb.ub.edu\/en\/the-internal-clock-of-our-cells-is-influenced-by-mechanical-forces\/","og_locale":"en_US","og_type":"article","og_title":"The internal clock of our cells is influenced by mechanical forces - Parc Cient\u00edfic de Barcelona","og_description":"Understanding how aging and certain associated diseases such as certain types of cancer work is one of the major current challenges in science. Now, researchers from IBEC, based at the...","og_url":"https:\/\/www.pcb.ub.edu\/en\/the-internal-clock-of-our-cells-is-influenced-by-mechanical-forces\/","og_site_name":"Parc Cient\u00edfic de Barcelona","article_published_time":"2023-07-05T06:54:08+00:00","article_modified_time":"2023-07-05T07:02:42+00:00","og_image":[{"width":948,"height":347,"url":"https:\/\/www.pcb.ub.edu\/wp-content\/uploads\/2023\/07\/rellotge.jpg","type":"image\/jpeg"}],"author":"Iuris","twitter_card":"summary_large_image","twitter_misc":{"Written by":"Iuris","Est. reading time":"3 minutes"},"schema":{"@context":"https:\/\/schema.org","@graph":[{"@type":"Article","@id":"https:\/\/www.pcb.ub.edu\/en\/the-internal-clock-of-our-cells-is-influenced-by-mechanical-forces\/#article","isPartOf":{"@id":"https:\/\/www.pcb.ub.edu\/en\/the-internal-clock-of-our-cells-is-influenced-by-mechanical-forces\/"},"author":{"name":"Iuris","@id":"https:\/\/www.pcb.ub.edu\/es\/#\/schema\/person\/2cac99ef7339e3499496b54bb2e12e7d"},"headline":"The internal clock of our cells is influenced by mechanical forces","datePublished":"2023-07-05T06:54:08+00:00","dateModified":"2023-07-05T07:02:42+00:00","mainEntityOfPage":{"@id":"https:\/\/www.pcb.ub.edu\/en\/the-internal-clock-of-our-cells-is-influenced-by-mechanical-forces\/"},"wordCount":549,"image":{"@id":"https:\/\/www.pcb.ub.edu\/en\/the-internal-clock-of-our-cells-is-influenced-by-mechanical-forces\/#primaryimage"},"thumbnailUrl":"https:\/\/www.pcb.ub.edu\/wp-content\/uploads\/2023\/07\/rellotge.jpg","articleSection":["SCIENCE"],"inLanguage":"en-US"},{"@type":"WebPage","@id":"https:\/\/www.pcb.ub.edu\/en\/the-internal-clock-of-our-cells-is-influenced-by-mechanical-forces\/","url":"https:\/\/www.pcb.ub.edu\/en\/the-internal-clock-of-our-cells-is-influenced-by-mechanical-forces\/","name":"The internal clock of our cells is influenced by mechanical forces - Parc Cient\u00edfic de Barcelona","isPartOf":{"@id":"https:\/\/www.pcb.ub.edu\/es\/#website"},"primaryImageOfPage":{"@id":"https:\/\/www.pcb.ub.edu\/en\/the-internal-clock-of-our-cells-is-influenced-by-mechanical-forces\/#primaryimage"},"image":{"@id":"https:\/\/www.pcb.ub.edu\/en\/the-internal-clock-of-our-cells-is-influenced-by-mechanical-forces\/#primaryimage"},"thumbnailUrl":"https:\/\/www.pcb.ub.edu\/wp-content\/uploads\/2023\/07\/rellotge.jpg","datePublished":"2023-07-05T06:54:08+00:00","dateModified":"2023-07-05T07:02:42+00:00","author":{"@id":"https:\/\/www.pcb.ub.edu\/es\/#\/schema\/person\/2cac99ef7339e3499496b54bb2e12e7d"},"breadcrumb":{"@id":"https:\/\/www.pcb.ub.edu\/en\/the-internal-clock-of-our-cells-is-influenced-by-mechanical-forces\/#breadcrumb"},"inLanguage":"en-US","potentialAction":[{"@type":"ReadAction","target":["https:\/\/www.pcb.ub.edu\/en\/the-internal-clock-of-our-cells-is-influenced-by-mechanical-forces\/"]}]},{"@type":"ImageObject","inLanguage":"en-US","@id":"https:\/\/www.pcb.ub.edu\/en\/the-internal-clock-of-our-cells-is-influenced-by-mechanical-forces\/#primaryimage","url":"https:\/\/www.pcb.ub.edu\/wp-content\/uploads\/2023\/07\/rellotge.jpg","contentUrl":"https:\/\/www.pcb.ub.edu\/wp-content\/uploads\/2023\/07\/rellotge.jpg","width":948,"height":347},{"@type":"BreadcrumbList","@id":"https:\/\/www.pcb.ub.edu\/en\/the-internal-clock-of-our-cells-is-influenced-by-mechanical-forces\/#breadcrumb","itemListElement":[{"@type":"ListItem","position":1,"name":"Home","item":"https:\/\/www.pcb.ub.edu\/en\/"},{"@type":"ListItem","position":2,"name":"The internal clock of our cells is influenced by mechanical forces"}]},{"@type":"WebSite","@id":"https:\/\/www.pcb.ub.edu\/es\/#website","url":"https:\/\/www.pcb.ub.edu\/es\/","name":"Parc Cient\u00edfic de Barcelona","description":"Universitat de Barcelona","potentialAction":[{"@type":"SearchAction","target":{"@type":"EntryPoint","urlTemplate":"https:\/\/www.pcb.ub.edu\/es\/?s={search_term_string}"},"query-input":{"@type":"PropertyValueSpecification","valueRequired":true,"valueName":"search_term_string"}}],"inLanguage":"en-US"},{"@type":"Person","@id":"https:\/\/www.pcb.ub.edu\/es\/#\/schema\/person\/2cac99ef7339e3499496b54bb2e12e7d","name":"Iuris","image":{"@type":"ImageObject","inLanguage":"en-US","@id":"https:\/\/secure.gravatar.com\/avatar\/a9d1bfedf501cbd8ae27b11de9986604bf4cdcea73b507457dfd4ff5dc770b75?s=96&d=mm&r=g","url":"https:\/\/secure.gravatar.com\/avatar\/a9d1bfedf501cbd8ae27b11de9986604bf4cdcea73b507457dfd4ff5dc770b75?s=96&d=mm&r=g","contentUrl":"https:\/\/secure.gravatar.com\/avatar\/a9d1bfedf501cbd8ae27b11de9986604bf4cdcea73b507457dfd4ff5dc770b75?s=96&d=mm&r=g","caption":"Iuris"},"url":"https:\/\/www.pcb.ub.edu\/en\/author\/adminiuris\/"}]}},"_links":{"self":[{"href":"https:\/\/www.pcb.ub.edu\/en\/wp-json\/wp\/v2\/posts\/86180","targetHints":{"allow":["GET"]}}],"collection":[{"href":"https:\/\/www.pcb.ub.edu\/en\/wp-json\/wp\/v2\/posts"}],"about":[{"href":"https:\/\/www.pcb.ub.edu\/en\/wp-json\/wp\/v2\/types\/post"}],"author":[{"embeddable":true,"href":"https:\/\/www.pcb.ub.edu\/en\/wp-json\/wp\/v2\/users\/11"}],"replies":[{"embeddable":true,"href":"https:\/\/www.pcb.ub.edu\/en\/wp-json\/wp\/v2\/comments?post=86180"}],"version-history":[{"count":1,"href":"https:\/\/www.pcb.ub.edu\/en\/wp-json\/wp\/v2\/posts\/86180\/revisions"}],"predecessor-version":[{"id":86181,"href":"https:\/\/www.pcb.ub.edu\/en\/wp-json\/wp\/v2\/posts\/86180\/revisions\/86181"}],"wp:featuredmedia":[{"embeddable":true,"href":"https:\/\/www.pcb.ub.edu\/en\/wp-json\/wp\/v2\/media\/86175"}],"wp:attachment":[{"href":"https:\/\/www.pcb.ub.edu\/en\/wp-json\/wp\/v2\/media?parent=86180"}],"wp:term":[{"taxonomy":"category","embeddable":true,"href":"https:\/\/www.pcb.ub.edu\/en\/wp-json\/wp\/v2\/categories?post=86180"},{"taxonomy":"post_tag","embeddable":true,"href":"https:\/\/www.pcb.ub.edu\/en\/wp-json\/wp\/v2\/tags?post=86180"}],"curies":[{"name":"wp","href":"https:\/\/api.w.org\/{rel}","templated":true}]}}