{"id":48934,"date":"2014-05-29T00:00:00","date_gmt":"2014-05-28T23:00:00","guid":{"rendered":"http:\/\/www.pcb.ub.edu\/mes-de-70-assistents-a-la-presentacio-del-programa-recerca-a-secundaria-2014-2015to-translate\/"},"modified":"2020-11-18T14:54:11","modified_gmt":"2020-11-18T13:54:11","slug":"mes-de-70-assistents-a-la-presentacio-del-programa-recerca-a-secundaria-2014-2015to-translate","status":"publish","type":"post","link":"https:\/\/www.pcb.ub.edu\/en\/mes-de-70-assistents-a-la-presentacio-del-programa-recerca-a-secundaria-2014-2015to-translate\/","title":{"rendered":"M\u00e9s de 70 assistents, a la presentaci\u00f3 del programa \u00abRecerca a Secund\u00e0ria\u00bb 2014-2015TO TRANSLATE >>>"},"content":{"rendered":"<p>A l&#8217;acte \u2013al qual van assistir un total de setenta professors\u2013 hi van intervenir Jes\u00das Purroy, director ctor t\u00e8cnic de Serveis Cient\u00edfics i Tecnol\u00f2gic del PCB; Miriam Mart\u00ednez coordinadora del programa \u00abRecerca en Societat\u00bb; Josep Maria Fern\u00e1ndez, professor de Biologia de la Universitat de Barcelona (UB) i col\u00b7laborador del programa. <\/p>\n<p> En el decurs de la presentaci\u00f3 es va informar del funcionament d&#8217;aquest projecte, aix\u00ed com de les \u00e0rees tem\u00e0tiques dels investigadors que faran de tutors en aquesta edici\u00f3 ja que els \u00e0mbits de recerca concrets en qu\u00e8 es pot oferir tutela estan supeditats als dels cient\u00edfics del PCB que hi participen. Enguany aquestes \u00e0rees s\u00f3n: toxicologia, senyalitzaci\u00f3 cel\u00b7lular, estructura i din\u00e0mica de les prote\u00efnes, nanoci\u00e8ncia, nanotecnologia i nanobioenginyeria, ecologia de rius, gen\u00f2mica i c\u00e0ncer, malalties heterog\u00e8niques i polig\u00e8niques, qu\u00edmica combinat\u00f2ria i microsc\u00f2pia.  <\/p>\n<p> En aquesta 8a edici\u00f3 de \u00abRecerca a Secund\u00e0ria\u00bb es convoquen 40 beques de col\u00b7laboraci\u00f3 per donar suport a 40 treballs de recerca d&#8217;Instituts d&#8217;Educaci\u00f3 Superior (IES). A m\u00e9s de disposar de l&#8217;ajut de l&#8217;assessorament del Parc Cient\u00edfic de Barcelona, els estudiants tamb\u00e9 disposen de la tutela del seu professor de secund\u00e0ria, que \u00e9s el m\u00e0xim responsable del projecte.  <\/p>\n<p> El termini per presentar les sol\u00b7licituds dels estudiants finalitza l&#8217;1 de juny. Un cop resolta la convocat\u00f2ria, s&#8217;informar\u00e0 personalment als tutors dels alumnes admesos i la resoluci\u00f3 es far\u00e0 p\u00fablica del 18 al 22 de juny al web: <a href=\"http:\/\/www.pcb.ub.edu\/homePCB\/live\/ct\/p1926.asp\" target=\"_blank\" class=\"email\" rel=\"noopener noreferrer\">http:\/\/www.pcb.ub.edu\/homePCB\/live\/ct\/p1926.asp<\/a> <\/p>\n","protected":false},"excerpt":{"rendered":"<p>Ahir va tenir lloc al Parc Cient\u00edfic de Barcelona (PCB) la presentaci\u00f3 del programa \u00ab<a href=\"http:\/\/www.pcb.ub.edu\/homePCB\/live\/ct\/p1926.asp\" class=\"email\">Recerca en Secund\u00e0ria<\/a>\u00bb. Aquesta iniciativa \u2013organitzada per l&#8217;\u00c0rea de Difusi\u00f3 de la Ci\u00e8ncia Tdel PCB, en col\u00b7laboraci\u00f3 amb la Fundaci\u00f3 Catalunya-La Pedrera\u2013 s&#8217;adre\u00e7a a estudiants de primer de batxillerat amb la finalitat d&#8217;oferir-los la possibilitat de dur a terme la part pr\u00e0ctica del seu treball de recerca als laboratoris del PCB, tutelats per un investigador. El termini per presentar les sol\u00b7licituds finalitza 16 de juny. <\/p>\n","protected":false},"author":1,"featured_media":0,"comment_status":"closed","ping_status":"open","sticky":false,"template":"","format":"standard","meta":{"_acf_changed":false,"inline_featured_image":false,"footnotes":""},"categories":[8],"tags":[],"class_list":["post-48934","post","type-post","status-publish","format-standard","category-uncategorized"],"acf":[],"yoast_head":"<!-- This site is optimized with the Yoast SEO plugin v27.3 - https:\/\/yoast.com\/product\/yoast-seo-wordpress\/ -->\n<title>M\u00e9s de 70 assistents, a la presentaci\u00f3 del programa \u00abRecerca a Secund\u00e0ria\u00bb 2014-2015TO TRANSLATE &gt;&gt;&gt; - Parc Cient\u00edfic de Barcelona<\/title>\n<meta name=\"robots\" content=\"index, follow, max-snippet:-1, max-image-preview:large, max-video-preview:-1\" \/>\n<link rel=\"canonical\" href=\"https:\/\/www.pcb.ub.edu\/en\/mes-de-70-assistents-a-la-presentacio-del-programa-recerca-a-secundaria-2014-2015to-translate\/\" \/>\n<meta property=\"og:locale\" content=\"en_US\" \/>\n<meta property=\"og:type\" content=\"article\" \/>\n<meta property=\"og:title\" content=\"M\u00e9s de 70 assistents, a la presentaci\u00f3 del programa \u00abRecerca a Secund\u00e0ria\u00bb 2014-2015TO TRANSLATE &gt;&gt;&gt; - Parc Cient\u00edfic de Barcelona\" \/>\n<meta property=\"og:description\" content=\"Ahir va tenir lloc al Parc Cient\u00edfic de Barcelona (PCB) la presentaci\u00f3 del programa \u00abRecerca en Secund\u00e0ria\u00bb. Aquesta iniciativa \u2013organitzada per l&#039;\u00c0rea de Difusi\u00f3 de la Ci\u00e8ncia Tdel PCB, en col\u00b7laboraci\u00f3 amb la Fundaci\u00f3 Catalunya-La Pedrera\u2013 s&#039;adre\u00e7a a estudiants de primer de batxillerat amb la finalitat d&#039;oferir-los la possibilitat de dur a terme la part pr\u00e0ctica del seu treball de recerca als laboratoris del PCB, tutelats per un investigador. El termini per presentar les sol\u00b7licituds finalitza 16 de juny.\" \/>\n<meta property=\"og:url\" content=\"https:\/\/www.pcb.ub.edu\/en\/mes-de-70-assistents-a-la-presentacio-del-programa-recerca-a-secundaria-2014-2015to-translate\/\" \/>\n<meta property=\"og:site_name\" content=\"Parc Cient\u00edfic de Barcelona\" \/>\n<meta property=\"article:published_time\" content=\"2014-05-28T23:00:00+00:00\" \/>\n<meta property=\"article:modified_time\" content=\"2020-11-18T13:54:11+00:00\" \/>\n<meta name=\"author\" content=\"adminpcb\" \/>\n<meta name=\"twitter:card\" content=\"summary_large_image\" \/>\n<meta name=\"twitter:label1\" content=\"Written by\" \/>\n\t<meta name=\"twitter:data1\" content=\"adminpcb\" \/>\n\t<meta name=\"twitter:label2\" content=\"Est. reading time\" \/>\n\t<meta name=\"twitter:data2\" content=\"1 minute\" \/>\n<script type=\"application\/ld+json\" class=\"yoast-schema-graph\">{\"@context\":\"https:\\\/\\\/schema.org\",\"@graph\":[{\"@type\":\"Article\",\"@id\":\"https:\\\/\\\/www.pcb.ub.edu\\\/en\\\/mes-de-70-assistents-a-la-presentacio-del-programa-recerca-a-secundaria-2014-2015to-translate\\\/#article\",\"isPartOf\":{\"@id\":\"https:\\\/\\\/www.pcb.ub.edu\\\/en\\\/mes-de-70-assistents-a-la-presentacio-del-programa-recerca-a-secundaria-2014-2015to-translate\\\/\"},\"author\":{\"name\":\"adminpcb\",\"@id\":\"https:\\\/\\\/www.pcb.ub.edu\\\/es\\\/#\\\/schema\\\/person\\\/d13cab05cd0a75b17fddca8496481021\"},\"headline\":\"M\u00e9s de 70 assistents, a la presentaci\u00f3 del programa \u00abRecerca a Secund\u00e0ria\u00bb 2014-2015TO TRANSLATE >>>\",\"datePublished\":\"2014-05-28T23:00:00+00:00\",\"dateModified\":\"2020-11-18T13:54:11+00:00\",\"mainEntityOfPage\":{\"@id\":\"https:\\\/\\\/www.pcb.ub.edu\\\/en\\\/mes-de-70-assistents-a-la-presentacio-del-programa-recerca-a-secundaria-2014-2015to-translate\\\/\"},\"wordCount\":280,\"inLanguage\":\"en-US\"},{\"@type\":\"WebPage\",\"@id\":\"https:\\\/\\\/www.pcb.ub.edu\\\/en\\\/mes-de-70-assistents-a-la-presentacio-del-programa-recerca-a-secundaria-2014-2015to-translate\\\/\",\"url\":\"https:\\\/\\\/www.pcb.ub.edu\\\/en\\\/mes-de-70-assistents-a-la-presentacio-del-programa-recerca-a-secundaria-2014-2015to-translate\\\/\",\"name\":\"M\u00e9s de 70 assistents, a la presentaci\u00f3 del programa \u00abRecerca a Secund\u00e0ria\u00bb 2014-2015TO TRANSLATE >>> - Parc Cient\u00edfic de Barcelona\",\"isPartOf\":{\"@id\":\"https:\\\/\\\/www.pcb.ub.edu\\\/es\\\/#website\"},\"datePublished\":\"2014-05-28T23:00:00+00:00\",\"dateModified\":\"2020-11-18T13:54:11+00:00\",\"author\":{\"@id\":\"https:\\\/\\\/www.pcb.ub.edu\\\/es\\\/#\\\/schema\\\/person\\\/d13cab05cd0a75b17fddca8496481021\"},\"breadcrumb\":{\"@id\":\"https:\\\/\\\/www.pcb.ub.edu\\\/en\\\/mes-de-70-assistents-a-la-presentacio-del-programa-recerca-a-secundaria-2014-2015to-translate\\\/#breadcrumb\"},\"inLanguage\":\"en-US\",\"potentialAction\":[{\"@type\":\"ReadAction\",\"target\":[\"https:\\\/\\\/www.pcb.ub.edu\\\/en\\\/mes-de-70-assistents-a-la-presentacio-del-programa-recerca-a-secundaria-2014-2015to-translate\\\/\"]}]},{\"@type\":\"BreadcrumbList\",\"@id\":\"https:\\\/\\\/www.pcb.ub.edu\\\/en\\\/mes-de-70-assistents-a-la-presentacio-del-programa-recerca-a-secundaria-2014-2015to-translate\\\/#breadcrumb\",\"itemListElement\":[{\"@type\":\"ListItem\",\"position\":1,\"name\":\"Home\",\"item\":\"https:\\\/\\\/www.pcb.ub.edu\\\/en\\\/\"},{\"@type\":\"ListItem\",\"position\":2,\"name\":\"M\u00e9s de 70 assistents, a la presentaci\u00f3 del programa \u00abRecerca a Secund\u00e0ria\u00bb 2014-2015TO TRANSLATE >>>\"}]},{\"@type\":\"WebSite\",\"@id\":\"https:\\\/\\\/www.pcb.ub.edu\\\/es\\\/#website\",\"url\":\"https:\\\/\\\/www.pcb.ub.edu\\\/es\\\/\",\"name\":\"Parc Cient\u00edfic de Barcelona\",\"description\":\"Universitat de Barcelona\",\"potentialAction\":[{\"@type\":\"SearchAction\",\"target\":{\"@type\":\"EntryPoint\",\"urlTemplate\":\"https:\\\/\\\/www.pcb.ub.edu\\\/es\\\/?s={search_term_string}\"},\"query-input\":{\"@type\":\"PropertyValueSpecification\",\"valueRequired\":true,\"valueName\":\"search_term_string\"}}],\"inLanguage\":\"en-US\"},{\"@type\":\"Person\",\"@id\":\"https:\\\/\\\/www.pcb.ub.edu\\\/es\\\/#\\\/schema\\\/person\\\/d13cab05cd0a75b17fddca8496481021\",\"name\":\"adminpcb\",\"image\":{\"@type\":\"ImageObject\",\"inLanguage\":\"en-US\",\"@id\":\"https:\\\/\\\/secure.gravatar.com\\\/avatar\\\/41ad0fab4bb3bf5348b0af9612159cfd93173a57bbca98fecb50fa6f3ab97d28?s=96&d=mm&r=g\",\"url\":\"https:\\\/\\\/secure.gravatar.com\\\/avatar\\\/41ad0fab4bb3bf5348b0af9612159cfd93173a57bbca98fecb50fa6f3ab97d28?s=96&d=mm&r=g\",\"contentUrl\":\"https:\\\/\\\/secure.gravatar.com\\\/avatar\\\/41ad0fab4bb3bf5348b0af9612159cfd93173a57bbca98fecb50fa6f3ab97d28?s=96&d=mm&r=g\",\"caption\":\"adminpcb\"},\"url\":\"https:\\\/\\\/www.pcb.ub.edu\\\/en\\\/author\\\/adminpcb\\\/\"}]}<\/script>\n<!-- \/ Yoast SEO plugin. -->","yoast_head_json":{"title":"M\u00e9s de 70 assistents, a la presentaci\u00f3 del programa \u00abRecerca a Secund\u00e0ria\u00bb 2014-2015TO TRANSLATE >>> - Parc Cient\u00edfic de Barcelona","robots":{"index":"index","follow":"follow","max-snippet":"max-snippet:-1","max-image-preview":"max-image-preview:large","max-video-preview":"max-video-preview:-1"},"canonical":"https:\/\/www.pcb.ub.edu\/en\/mes-de-70-assistents-a-la-presentacio-del-programa-recerca-a-secundaria-2014-2015to-translate\/","og_locale":"en_US","og_type":"article","og_title":"M\u00e9s de 70 assistents, a la presentaci\u00f3 del programa \u00abRecerca a Secund\u00e0ria\u00bb 2014-2015TO TRANSLATE >>> - Parc Cient\u00edfic de Barcelona","og_description":"Ahir va tenir lloc al Parc Cient\u00edfic de Barcelona (PCB) la presentaci\u00f3 del programa \u00abRecerca en Secund\u00e0ria\u00bb. Aquesta iniciativa \u2013organitzada per l'\u00c0rea de Difusi\u00f3 de la Ci\u00e8ncia Tdel PCB, en col\u00b7laboraci\u00f3 amb la Fundaci\u00f3 Catalunya-La Pedrera\u2013 s'adre\u00e7a a estudiants de primer de batxillerat amb la finalitat d'oferir-los la possibilitat de dur a terme la part pr\u00e0ctica del seu treball de recerca als laboratoris del PCB, tutelats per un investigador. El termini per presentar les sol\u00b7licituds finalitza 16 de juny.","og_url":"https:\/\/www.pcb.ub.edu\/en\/mes-de-70-assistents-a-la-presentacio-del-programa-recerca-a-secundaria-2014-2015to-translate\/","og_site_name":"Parc Cient\u00edfic de Barcelona","article_published_time":"2014-05-28T23:00:00+00:00","article_modified_time":"2020-11-18T13:54:11+00:00","author":"adminpcb","twitter_card":"summary_large_image","twitter_misc":{"Written by":"adminpcb","Est. reading time":"1 minute"},"schema":{"@context":"https:\/\/schema.org","@graph":[{"@type":"Article","@id":"https:\/\/www.pcb.ub.edu\/en\/mes-de-70-assistents-a-la-presentacio-del-programa-recerca-a-secundaria-2014-2015to-translate\/#article","isPartOf":{"@id":"https:\/\/www.pcb.ub.edu\/en\/mes-de-70-assistents-a-la-presentacio-del-programa-recerca-a-secundaria-2014-2015to-translate\/"},"author":{"name":"adminpcb","@id":"https:\/\/www.pcb.ub.edu\/es\/#\/schema\/person\/d13cab05cd0a75b17fddca8496481021"},"headline":"M\u00e9s de 70 assistents, a la presentaci\u00f3 del programa \u00abRecerca a Secund\u00e0ria\u00bb 2014-2015TO TRANSLATE >>>","datePublished":"2014-05-28T23:00:00+00:00","dateModified":"2020-11-18T13:54:11+00:00","mainEntityOfPage":{"@id":"https:\/\/www.pcb.ub.edu\/en\/mes-de-70-assistents-a-la-presentacio-del-programa-recerca-a-secundaria-2014-2015to-translate\/"},"wordCount":280,"inLanguage":"en-US"},{"@type":"WebPage","@id":"https:\/\/www.pcb.ub.edu\/en\/mes-de-70-assistents-a-la-presentacio-del-programa-recerca-a-secundaria-2014-2015to-translate\/","url":"https:\/\/www.pcb.ub.edu\/en\/mes-de-70-assistents-a-la-presentacio-del-programa-recerca-a-secundaria-2014-2015to-translate\/","name":"M\u00e9s de 70 assistents, a la presentaci\u00f3 del programa \u00abRecerca a Secund\u00e0ria\u00bb 2014-2015TO TRANSLATE >>> - Parc Cient\u00edfic de Barcelona","isPartOf":{"@id":"https:\/\/www.pcb.ub.edu\/es\/#website"},"datePublished":"2014-05-28T23:00:00+00:00","dateModified":"2020-11-18T13:54:11+00:00","author":{"@id":"https:\/\/www.pcb.ub.edu\/es\/#\/schema\/person\/d13cab05cd0a75b17fddca8496481021"},"breadcrumb":{"@id":"https:\/\/www.pcb.ub.edu\/en\/mes-de-70-assistents-a-la-presentacio-del-programa-recerca-a-secundaria-2014-2015to-translate\/#breadcrumb"},"inLanguage":"en-US","potentialAction":[{"@type":"ReadAction","target":["https:\/\/www.pcb.ub.edu\/en\/mes-de-70-assistents-a-la-presentacio-del-programa-recerca-a-secundaria-2014-2015to-translate\/"]}]},{"@type":"BreadcrumbList","@id":"https:\/\/www.pcb.ub.edu\/en\/mes-de-70-assistents-a-la-presentacio-del-programa-recerca-a-secundaria-2014-2015to-translate\/#breadcrumb","itemListElement":[{"@type":"ListItem","position":1,"name":"Home","item":"https:\/\/www.pcb.ub.edu\/en\/"},{"@type":"ListItem","position":2,"name":"M\u00e9s de 70 assistents, a la presentaci\u00f3 del programa \u00abRecerca a Secund\u00e0ria\u00bb 2014-2015TO TRANSLATE >>>"}]},{"@type":"WebSite","@id":"https:\/\/www.pcb.ub.edu\/es\/#website","url":"https:\/\/www.pcb.ub.edu\/es\/","name":"Parc Cient\u00edfic de Barcelona","description":"Universitat de Barcelona","potentialAction":[{"@type":"SearchAction","target":{"@type":"EntryPoint","urlTemplate":"https:\/\/www.pcb.ub.edu\/es\/?s={search_term_string}"},"query-input":{"@type":"PropertyValueSpecification","valueRequired":true,"valueName":"search_term_string"}}],"inLanguage":"en-US"},{"@type":"Person","@id":"https:\/\/www.pcb.ub.edu\/es\/#\/schema\/person\/d13cab05cd0a75b17fddca8496481021","name":"adminpcb","image":{"@type":"ImageObject","inLanguage":"en-US","@id":"https:\/\/secure.gravatar.com\/avatar\/41ad0fab4bb3bf5348b0af9612159cfd93173a57bbca98fecb50fa6f3ab97d28?s=96&d=mm&r=g","url":"https:\/\/secure.gravatar.com\/avatar\/41ad0fab4bb3bf5348b0af9612159cfd93173a57bbca98fecb50fa6f3ab97d28?s=96&d=mm&r=g","contentUrl":"https:\/\/secure.gravatar.com\/avatar\/41ad0fab4bb3bf5348b0af9612159cfd93173a57bbca98fecb50fa6f3ab97d28?s=96&d=mm&r=g","caption":"adminpcb"},"url":"https:\/\/www.pcb.ub.edu\/en\/author\/adminpcb\/"}]}},"_links":{"self":[{"href":"https:\/\/www.pcb.ub.edu\/en\/wp-json\/wp\/v2\/posts\/48934","targetHints":{"allow":["GET"]}}],"collection":[{"href":"https:\/\/www.pcb.ub.edu\/en\/wp-json\/wp\/v2\/posts"}],"about":[{"href":"https:\/\/www.pcb.ub.edu\/en\/wp-json\/wp\/v2\/types\/post"}],"author":[{"embeddable":true,"href":"https:\/\/www.pcb.ub.edu\/en\/wp-json\/wp\/v2\/users\/1"}],"replies":[{"embeddable":true,"href":"https:\/\/www.pcb.ub.edu\/en\/wp-json\/wp\/v2\/comments?post=48934"}],"version-history":[{"count":1,"href":"https:\/\/www.pcb.ub.edu\/en\/wp-json\/wp\/v2\/posts\/48934\/revisions"}],"predecessor-version":[{"id":52655,"href":"https:\/\/www.pcb.ub.edu\/en\/wp-json\/wp\/v2\/posts\/48934\/revisions\/52655"}],"wp:attachment":[{"href":"https:\/\/www.pcb.ub.edu\/en\/wp-json\/wp\/v2\/media?parent=48934"}],"wp:term":[{"taxonomy":"category","embeddable":true,"href":"https:\/\/www.pcb.ub.edu\/en\/wp-json\/wp\/v2\/categories?post=48934"},{"taxonomy":"post_tag","embeddable":true,"href":"https:\/\/www.pcb.ub.edu\/en\/wp-json\/wp\/v2\/tags?post=48934"}],"curies":[{"name":"wp","href":"https:\/\/api.w.org\/{rel}","templated":true}]}}