{"id":48562,"date":"2013-09-16T00:00:00","date_gmt":"2013-09-15T23:00:00","guid":{"rendered":"http:\/\/www.pcb.ub.edu\/la-responsabilitat-social-corporativa-des-de-la-perspectiva-de-la-direccio-estrategica-de-lempresato-translate\/"},"modified":"2020-11-18T14:53:26","modified_gmt":"2020-11-18T13:53:26","slug":"la-responsabilitat-social-corporativa-des-de-la-perspectiva-de-la-direccio-estrategica-de-lempresato-translate","status":"publish","type":"post","link":"https:\/\/www.pcb.ub.edu\/en\/la-responsabilitat-social-corporativa-des-de-la-perspectiva-de-la-direccio-estrategica-de-lempresato-translate\/","title":{"rendered":"La Responsabilitat Social Corporativa des de la perspectiva de la direcci\u00f3 estrat\u00e8gica de l&#8217;empresaTO TRANSLATE >>>"},"content":{"rendered":"<p>&#8221;<\/p>\n<div class=\"col-sm-6 detall-noticia-imatges\">\n<div class=\"row\">\n<div class=\"item active one-image\">\n\t\t\t\t\t\t<a class=\"icon-search\" href='http:\/\/www.pcb.ub.edu\/wp-content\/uploads\/2020\/11\/1379340303076.jpg'><\/a><br \/>\n\t\t\t\t\t\t<img src='http:\/\/www.pcb.ub.edu\/wp-content\/uploads\/2020\/11\/1379340303076.jpg' \/>\n\t\t\t\t\t<\/div><\/div><\/div>\n<p>\t\t\tLa trobada \u2013que tindr\u00e0 lloc els propers dies 3 i 4 d&#8217;octubre a la sala d&#8217;actes de l&#8217;Institut de Formaci\u00f3 Cont\u00ednua de la UB (IL3-UB)\u2013 tamb\u00e9 inclour\u00e0 una visita a les instal\u2022lacions de la planta de producci\u00f3 d&#8217;Esteve a Martorelles (Vall\u00e8s Oriental) i al centre d&#8217;Ikea de Sabadell, on els participants tindran l&#8217;oportunitat de con\u00e8ixer in situ la pol\u00edtica d&#8217;RSE d&#8217;ambdues empreses des de la perspectiva de la direcci\u00f3 estrat\u00e8gica. <\/p>\n<p> Les normes, els valors, l&#8217;\u00e8tica s\u00f3n elements inherents a l&#8217;actual societat del benestar, per\u00f2 al m\u00f3n de l&#8217;empresa una necessitat clau \u00e9s entendre, i assumir en la pr\u00e0ctica, que comportaments responsables aporten valor al negoci. A la jornada es debatr\u00e0 entorn de les raons econ\u00f2miques que hi ha al darrere de la utilitzaci\u00f3 o no utilitzaci\u00f3 d&#8217;\u00edndexs i est\u00e0ndards de comunicaci\u00f3 de l&#8217;RSC a les organitzacions, i es reflexionar\u00e0, aix\u00ed mateix, entorn la relaci\u00f3 que existiria entre un possible augment de compet\u00e8ncia als mercats i les possibilitats que els alts executius entenguin els comportaments responsables com a oportunitats de negoci.  <\/p>\n<p>El f\u00f2rum comptar\u00e0 amb la participaci\u00f3 de reconeguts experts del m\u00f3n acad\u00e8mic i empresarial, com ara; Joao Carvalho, director del projecte M\u00f3s-Bele\u2013Cam\u00f5es\u2013Coopera\u00e7\u00e3o Portuguesa (Timor Leste); Joaquin Trigo, director de l&#8217;Institut d&#8217;Estudis Econ\u00f2mics (IEE); Amadeu Petitb\u00f3, professor d&#8217;Economia Aplicada de la Universitat Complutense de Madrid i expresident del Tribunal de Defensa de la Compet\u00e8ncia (TDC); i Isabel Vidal, presidenta de la Fundaci\u00f3 Centre d&#8217;Investigaci\u00f3 d&#8217;Economia i Societat i directora acad\u00e8mica del M\u00e0ster en Responsabilitat Social Corporativa, Comptabilitat i Auditoria Social de la UB. <\/p>\n<p>A la jornada tamb\u00e9 s&#8217;analitzaran dues experi\u00e8ncies d&#8217;\u00e8xit a l&#8217;\u00e0mbit de la implementaci\u00f3 de l&#8217;RSC \u2013el cas de Ferrovial, presentat per Manuel Costa, cap de Relacions Institucionals i Responsabilitat Corporativa del grup, i el cas d&#8217;Ikea, exposat per Mercedes Guti\u00e9rrez, responsable de Sostenibilitat de la companyia\u2013 i es presentaran, aix\u00ed mateix, els projectes finals dels alumnes de la XI  edici\u00f3 del M\u00e0ster. <\/p>\n<p><a href=\"http:\/\/www.grupcies.com\/Noticies-Agenda.587.0.html?&amp;L=xixyxkkwd&amp;tx_ttnews[tt_news]=112&amp;tx_ttnews[backPid]=344&amp;cHash=73415dd508\" target=\"_blank\" class=\"email\" rel=\"noopener noreferrer\">Per m\u00e9s informaci\u00f3 [+]<\/a><\/p>\n","protected":false},"excerpt":{"rendered":"<p>La Universitat de Barcelona (UB) i la <a href=\"http:\/\/www.pcb.ub.edu\/homePCB\/live\/ct\/p1009.asp\" target=\"_blank\" class=\"email\" rel=\"noopener noreferrer\">Fundaci\u00f3 Centre d&#8217;Investigaci\u00f3 d&#8217;Economia i Societat (CIES)<\/a>, amb seu al Parc Cient\u00edfic de Barcelona (PCB), organitzen una Jornada sobre Responsabilitat Social Corporativa (RSC) amb motiu de l&#8217;inici de curs de la XII edici\u00f3 del &#8220;M\u00e0ster en Responsabilitat Social Corporativa, Comptabilitat i Auditoria Social&#8221;.<\/p>\n","protected":false},"author":1,"featured_media":0,"comment_status":"closed","ping_status":"open","sticky":false,"template":"","format":"standard","meta":{"_acf_changed":false,"inline_featured_image":false,"footnotes":""},"categories":[8],"tags":[],"class_list":["post-48562","post","type-post","status-publish","format-standard","category-uncategorized"],"acf":[],"yoast_head":"<!-- This site is optimized with the Yoast SEO plugin v27.3 - https:\/\/yoast.com\/product\/yoast-seo-wordpress\/ -->\n<title>La Responsabilitat Social Corporativa des de la perspectiva de la direcci\u00f3 estrat\u00e8gica de l&#039;empresaTO TRANSLATE &gt;&gt;&gt; - Parc Cient\u00edfic de Barcelona<\/title>\n<meta name=\"robots\" content=\"index, follow, max-snippet:-1, max-image-preview:large, max-video-preview:-1\" \/>\n<link rel=\"canonical\" href=\"https:\/\/www.pcb.ub.edu\/en\/la-responsabilitat-social-corporativa-des-de-la-perspectiva-de-la-direccio-estrategica-de-lempresato-translate\/\" \/>\n<meta property=\"og:locale\" content=\"en_US\" \/>\n<meta property=\"og:type\" content=\"article\" \/>\n<meta property=\"og:title\" content=\"La Responsabilitat Social Corporativa des de la perspectiva de la direcci\u00f3 estrat\u00e8gica de l&#039;empresaTO TRANSLATE &gt;&gt;&gt; - Parc Cient\u00edfic de Barcelona\" \/>\n<meta property=\"og:description\" content=\"La Universitat de Barcelona (UB) i la Fundaci\u00f3 Centre d&#039;Investigaci\u00f3 d&#039;Economia i Societat (CIES), amb seu al Parc Cient\u00edfic de Barcelona (PCB), organitzen una Jornada sobre Responsabilitat Social Corporativa (RSC) amb motiu de l&#039;inici de curs de la XII edici\u00f3 del &quot;M\u00e0ster en Responsabilitat Social Corporativa, Comptabilitat i Auditoria Social&quot;.\" \/>\n<meta property=\"og:url\" content=\"https:\/\/www.pcb.ub.edu\/en\/la-responsabilitat-social-corporativa-des-de-la-perspectiva-de-la-direccio-estrategica-de-lempresato-translate\/\" \/>\n<meta property=\"og:site_name\" content=\"Parc Cient\u00edfic de Barcelona\" \/>\n<meta property=\"article:published_time\" content=\"2013-09-15T23:00:00+00:00\" \/>\n<meta property=\"article:modified_time\" content=\"2020-11-18T13:53:26+00:00\" \/>\n<meta property=\"og:image\" content=\"http:\/\/www.pcb.ub.edu\/wp-content\/uploads\/2020\/11\/1379340303076.jpg\" \/>\n<meta name=\"author\" content=\"adminpcb\" \/>\n<meta name=\"twitter:card\" content=\"summary_large_image\" \/>\n<meta name=\"twitter:label1\" content=\"Written by\" \/>\n\t<meta name=\"twitter:data1\" content=\"adminpcb\" \/>\n\t<meta name=\"twitter:label2\" content=\"Est. reading time\" \/>\n\t<meta name=\"twitter:data2\" content=\"2 minutes\" \/>\n<script type=\"application\/ld+json\" class=\"yoast-schema-graph\">{\"@context\":\"https:\\\/\\\/schema.org\",\"@graph\":[{\"@type\":\"Article\",\"@id\":\"https:\\\/\\\/www.pcb.ub.edu\\\/en\\\/la-responsabilitat-social-corporativa-des-de-la-perspectiva-de-la-direccio-estrategica-de-lempresato-translate\\\/#article\",\"isPartOf\":{\"@id\":\"https:\\\/\\\/www.pcb.ub.edu\\\/en\\\/la-responsabilitat-social-corporativa-des-de-la-perspectiva-de-la-direccio-estrategica-de-lempresato-translate\\\/\"},\"author\":{\"name\":\"adminpcb\",\"@id\":\"https:\\\/\\\/www.pcb.ub.edu\\\/es\\\/#\\\/schema\\\/person\\\/d13cab05cd0a75b17fddca8496481021\"},\"headline\":\"La Responsabilitat Social Corporativa des de la perspectiva de la direcci\u00f3 estrat\u00e8gica de l&#8217;empresaTO TRANSLATE >>>\",\"datePublished\":\"2013-09-15T23:00:00+00:00\",\"dateModified\":\"2020-11-18T13:53:26+00:00\",\"mainEntityOfPage\":{\"@id\":\"https:\\\/\\\/www.pcb.ub.edu\\\/en\\\/la-responsabilitat-social-corporativa-des-de-la-perspectiva-de-la-direccio-estrategica-de-lempresato-translate\\\/\"},\"wordCount\":364,\"image\":{\"@id\":\"https:\\\/\\\/www.pcb.ub.edu\\\/en\\\/la-responsabilitat-social-corporativa-des-de-la-perspectiva-de-la-direccio-estrategica-de-lempresato-translate\\\/#primaryimage\"},\"thumbnailUrl\":\"http:\\\/\\\/www.pcb.ub.edu\\\/wp-content\\\/uploads\\\/2020\\\/11\\\/1379340303076.jpg\",\"inLanguage\":\"en-US\"},{\"@type\":\"WebPage\",\"@id\":\"https:\\\/\\\/www.pcb.ub.edu\\\/en\\\/la-responsabilitat-social-corporativa-des-de-la-perspectiva-de-la-direccio-estrategica-de-lempresato-translate\\\/\",\"url\":\"https:\\\/\\\/www.pcb.ub.edu\\\/en\\\/la-responsabilitat-social-corporativa-des-de-la-perspectiva-de-la-direccio-estrategica-de-lempresato-translate\\\/\",\"name\":\"La Responsabilitat Social Corporativa des de la perspectiva de la direcci\u00f3 estrat\u00e8gica de l'empresaTO TRANSLATE >>> - Parc Cient\u00edfic de Barcelona\",\"isPartOf\":{\"@id\":\"https:\\\/\\\/www.pcb.ub.edu\\\/es\\\/#website\"},\"primaryImageOfPage\":{\"@id\":\"https:\\\/\\\/www.pcb.ub.edu\\\/en\\\/la-responsabilitat-social-corporativa-des-de-la-perspectiva-de-la-direccio-estrategica-de-lempresato-translate\\\/#primaryimage\"},\"image\":{\"@id\":\"https:\\\/\\\/www.pcb.ub.edu\\\/en\\\/la-responsabilitat-social-corporativa-des-de-la-perspectiva-de-la-direccio-estrategica-de-lempresato-translate\\\/#primaryimage\"},\"thumbnailUrl\":\"http:\\\/\\\/www.pcb.ub.edu\\\/wp-content\\\/uploads\\\/2020\\\/11\\\/1379340303076.jpg\",\"datePublished\":\"2013-09-15T23:00:00+00:00\",\"dateModified\":\"2020-11-18T13:53:26+00:00\",\"author\":{\"@id\":\"https:\\\/\\\/www.pcb.ub.edu\\\/es\\\/#\\\/schema\\\/person\\\/d13cab05cd0a75b17fddca8496481021\"},\"breadcrumb\":{\"@id\":\"https:\\\/\\\/www.pcb.ub.edu\\\/en\\\/la-responsabilitat-social-corporativa-des-de-la-perspectiva-de-la-direccio-estrategica-de-lempresato-translate\\\/#breadcrumb\"},\"inLanguage\":\"en-US\",\"potentialAction\":[{\"@type\":\"ReadAction\",\"target\":[\"https:\\\/\\\/www.pcb.ub.edu\\\/en\\\/la-responsabilitat-social-corporativa-des-de-la-perspectiva-de-la-direccio-estrategica-de-lempresato-translate\\\/\"]}]},{\"@type\":\"ImageObject\",\"inLanguage\":\"en-US\",\"@id\":\"https:\\\/\\\/www.pcb.ub.edu\\\/en\\\/la-responsabilitat-social-corporativa-des-de-la-perspectiva-de-la-direccio-estrategica-de-lempresato-translate\\\/#primaryimage\",\"url\":\"http:\\\/\\\/www.pcb.ub.edu\\\/wp-content\\\/uploads\\\/2020\\\/11\\\/1379340303076.jpg\",\"contentUrl\":\"http:\\\/\\\/www.pcb.ub.edu\\\/wp-content\\\/uploads\\\/2020\\\/11\\\/1379340303076.jpg\"},{\"@type\":\"BreadcrumbList\",\"@id\":\"https:\\\/\\\/www.pcb.ub.edu\\\/en\\\/la-responsabilitat-social-corporativa-des-de-la-perspectiva-de-la-direccio-estrategica-de-lempresato-translate\\\/#breadcrumb\",\"itemListElement\":[{\"@type\":\"ListItem\",\"position\":1,\"name\":\"Home\",\"item\":\"https:\\\/\\\/www.pcb.ub.edu\\\/en\\\/\"},{\"@type\":\"ListItem\",\"position\":2,\"name\":\"La Responsabilitat Social Corporativa des de la perspectiva de la direcci\u00f3 estrat\u00e8gica de l&#8217;empresaTO TRANSLATE >>>\"}]},{\"@type\":\"WebSite\",\"@id\":\"https:\\\/\\\/www.pcb.ub.edu\\\/es\\\/#website\",\"url\":\"https:\\\/\\\/www.pcb.ub.edu\\\/es\\\/\",\"name\":\"Parc Cient\u00edfic de Barcelona\",\"description\":\"Universitat de Barcelona\",\"potentialAction\":[{\"@type\":\"SearchAction\",\"target\":{\"@type\":\"EntryPoint\",\"urlTemplate\":\"https:\\\/\\\/www.pcb.ub.edu\\\/es\\\/?s={search_term_string}\"},\"query-input\":{\"@type\":\"PropertyValueSpecification\",\"valueRequired\":true,\"valueName\":\"search_term_string\"}}],\"inLanguage\":\"en-US\"},{\"@type\":\"Person\",\"@id\":\"https:\\\/\\\/www.pcb.ub.edu\\\/es\\\/#\\\/schema\\\/person\\\/d13cab05cd0a75b17fddca8496481021\",\"name\":\"adminpcb\",\"image\":{\"@type\":\"ImageObject\",\"inLanguage\":\"en-US\",\"@id\":\"https:\\\/\\\/secure.gravatar.com\\\/avatar\\\/41ad0fab4bb3bf5348b0af9612159cfd93173a57bbca98fecb50fa6f3ab97d28?s=96&d=mm&r=g\",\"url\":\"https:\\\/\\\/secure.gravatar.com\\\/avatar\\\/41ad0fab4bb3bf5348b0af9612159cfd93173a57bbca98fecb50fa6f3ab97d28?s=96&d=mm&r=g\",\"contentUrl\":\"https:\\\/\\\/secure.gravatar.com\\\/avatar\\\/41ad0fab4bb3bf5348b0af9612159cfd93173a57bbca98fecb50fa6f3ab97d28?s=96&d=mm&r=g\",\"caption\":\"adminpcb\"},\"url\":\"https:\\\/\\\/www.pcb.ub.edu\\\/en\\\/author\\\/adminpcb\\\/\"}]}<\/script>\n<!-- \/ Yoast SEO plugin. -->","yoast_head_json":{"title":"La Responsabilitat Social Corporativa des de la perspectiva de la direcci\u00f3 estrat\u00e8gica de l'empresaTO TRANSLATE >>> - Parc Cient\u00edfic de Barcelona","robots":{"index":"index","follow":"follow","max-snippet":"max-snippet:-1","max-image-preview":"max-image-preview:large","max-video-preview":"max-video-preview:-1"},"canonical":"https:\/\/www.pcb.ub.edu\/en\/la-responsabilitat-social-corporativa-des-de-la-perspectiva-de-la-direccio-estrategica-de-lempresato-translate\/","og_locale":"en_US","og_type":"article","og_title":"La Responsabilitat Social Corporativa des de la perspectiva de la direcci\u00f3 estrat\u00e8gica de l'empresaTO TRANSLATE >>> - Parc Cient\u00edfic de Barcelona","og_description":"La Universitat de Barcelona (UB) i la Fundaci\u00f3 Centre d'Investigaci\u00f3 d'Economia i Societat (CIES), amb seu al Parc Cient\u00edfic de Barcelona (PCB), organitzen una Jornada sobre Responsabilitat Social Corporativa (RSC) amb motiu de l'inici de curs de la XII edici\u00f3 del \"M\u00e0ster en Responsabilitat Social Corporativa, Comptabilitat i Auditoria Social\".","og_url":"https:\/\/www.pcb.ub.edu\/en\/la-responsabilitat-social-corporativa-des-de-la-perspectiva-de-la-direccio-estrategica-de-lempresato-translate\/","og_site_name":"Parc Cient\u00edfic de Barcelona","article_published_time":"2013-09-15T23:00:00+00:00","article_modified_time":"2020-11-18T13:53:26+00:00","og_image":[{"url":"http:\/\/www.pcb.ub.edu\/wp-content\/uploads\/2020\/11\/1379340303076.jpg","type":"","width":"","height":""}],"author":"adminpcb","twitter_card":"summary_large_image","twitter_misc":{"Written by":"adminpcb","Est. reading time":"2 minutes"},"schema":{"@context":"https:\/\/schema.org","@graph":[{"@type":"Article","@id":"https:\/\/www.pcb.ub.edu\/en\/la-responsabilitat-social-corporativa-des-de-la-perspectiva-de-la-direccio-estrategica-de-lempresato-translate\/#article","isPartOf":{"@id":"https:\/\/www.pcb.ub.edu\/en\/la-responsabilitat-social-corporativa-des-de-la-perspectiva-de-la-direccio-estrategica-de-lempresato-translate\/"},"author":{"name":"adminpcb","@id":"https:\/\/www.pcb.ub.edu\/es\/#\/schema\/person\/d13cab05cd0a75b17fddca8496481021"},"headline":"La Responsabilitat Social Corporativa des de la perspectiva de la direcci\u00f3 estrat\u00e8gica de l&#8217;empresaTO TRANSLATE >>>","datePublished":"2013-09-15T23:00:00+00:00","dateModified":"2020-11-18T13:53:26+00:00","mainEntityOfPage":{"@id":"https:\/\/www.pcb.ub.edu\/en\/la-responsabilitat-social-corporativa-des-de-la-perspectiva-de-la-direccio-estrategica-de-lempresato-translate\/"},"wordCount":364,"image":{"@id":"https:\/\/www.pcb.ub.edu\/en\/la-responsabilitat-social-corporativa-des-de-la-perspectiva-de-la-direccio-estrategica-de-lempresato-translate\/#primaryimage"},"thumbnailUrl":"http:\/\/www.pcb.ub.edu\/wp-content\/uploads\/2020\/11\/1379340303076.jpg","inLanguage":"en-US"},{"@type":"WebPage","@id":"https:\/\/www.pcb.ub.edu\/en\/la-responsabilitat-social-corporativa-des-de-la-perspectiva-de-la-direccio-estrategica-de-lempresato-translate\/","url":"https:\/\/www.pcb.ub.edu\/en\/la-responsabilitat-social-corporativa-des-de-la-perspectiva-de-la-direccio-estrategica-de-lempresato-translate\/","name":"La Responsabilitat Social Corporativa des de la perspectiva de la direcci\u00f3 estrat\u00e8gica de l'empresaTO TRANSLATE >>> - Parc Cient\u00edfic de Barcelona","isPartOf":{"@id":"https:\/\/www.pcb.ub.edu\/es\/#website"},"primaryImageOfPage":{"@id":"https:\/\/www.pcb.ub.edu\/en\/la-responsabilitat-social-corporativa-des-de-la-perspectiva-de-la-direccio-estrategica-de-lempresato-translate\/#primaryimage"},"image":{"@id":"https:\/\/www.pcb.ub.edu\/en\/la-responsabilitat-social-corporativa-des-de-la-perspectiva-de-la-direccio-estrategica-de-lempresato-translate\/#primaryimage"},"thumbnailUrl":"http:\/\/www.pcb.ub.edu\/wp-content\/uploads\/2020\/11\/1379340303076.jpg","datePublished":"2013-09-15T23:00:00+00:00","dateModified":"2020-11-18T13:53:26+00:00","author":{"@id":"https:\/\/www.pcb.ub.edu\/es\/#\/schema\/person\/d13cab05cd0a75b17fddca8496481021"},"breadcrumb":{"@id":"https:\/\/www.pcb.ub.edu\/en\/la-responsabilitat-social-corporativa-des-de-la-perspectiva-de-la-direccio-estrategica-de-lempresato-translate\/#breadcrumb"},"inLanguage":"en-US","potentialAction":[{"@type":"ReadAction","target":["https:\/\/www.pcb.ub.edu\/en\/la-responsabilitat-social-corporativa-des-de-la-perspectiva-de-la-direccio-estrategica-de-lempresato-translate\/"]}]},{"@type":"ImageObject","inLanguage":"en-US","@id":"https:\/\/www.pcb.ub.edu\/en\/la-responsabilitat-social-corporativa-des-de-la-perspectiva-de-la-direccio-estrategica-de-lempresato-translate\/#primaryimage","url":"http:\/\/www.pcb.ub.edu\/wp-content\/uploads\/2020\/11\/1379340303076.jpg","contentUrl":"http:\/\/www.pcb.ub.edu\/wp-content\/uploads\/2020\/11\/1379340303076.jpg"},{"@type":"BreadcrumbList","@id":"https:\/\/www.pcb.ub.edu\/en\/la-responsabilitat-social-corporativa-des-de-la-perspectiva-de-la-direccio-estrategica-de-lempresato-translate\/#breadcrumb","itemListElement":[{"@type":"ListItem","position":1,"name":"Home","item":"https:\/\/www.pcb.ub.edu\/en\/"},{"@type":"ListItem","position":2,"name":"La Responsabilitat Social Corporativa des de la perspectiva de la direcci\u00f3 estrat\u00e8gica de l&#8217;empresaTO TRANSLATE >>>"}]},{"@type":"WebSite","@id":"https:\/\/www.pcb.ub.edu\/es\/#website","url":"https:\/\/www.pcb.ub.edu\/es\/","name":"Parc Cient\u00edfic de Barcelona","description":"Universitat de Barcelona","potentialAction":[{"@type":"SearchAction","target":{"@type":"EntryPoint","urlTemplate":"https:\/\/www.pcb.ub.edu\/es\/?s={search_term_string}"},"query-input":{"@type":"PropertyValueSpecification","valueRequired":true,"valueName":"search_term_string"}}],"inLanguage":"en-US"},{"@type":"Person","@id":"https:\/\/www.pcb.ub.edu\/es\/#\/schema\/person\/d13cab05cd0a75b17fddca8496481021","name":"adminpcb","image":{"@type":"ImageObject","inLanguage":"en-US","@id":"https:\/\/secure.gravatar.com\/avatar\/41ad0fab4bb3bf5348b0af9612159cfd93173a57bbca98fecb50fa6f3ab97d28?s=96&d=mm&r=g","url":"https:\/\/secure.gravatar.com\/avatar\/41ad0fab4bb3bf5348b0af9612159cfd93173a57bbca98fecb50fa6f3ab97d28?s=96&d=mm&r=g","contentUrl":"https:\/\/secure.gravatar.com\/avatar\/41ad0fab4bb3bf5348b0af9612159cfd93173a57bbca98fecb50fa6f3ab97d28?s=96&d=mm&r=g","caption":"adminpcb"},"url":"https:\/\/www.pcb.ub.edu\/en\/author\/adminpcb\/"}]}},"_links":{"self":[{"href":"https:\/\/www.pcb.ub.edu\/en\/wp-json\/wp\/v2\/posts\/48562","targetHints":{"allow":["GET"]}}],"collection":[{"href":"https:\/\/www.pcb.ub.edu\/en\/wp-json\/wp\/v2\/posts"}],"about":[{"href":"https:\/\/www.pcb.ub.edu\/en\/wp-json\/wp\/v2\/types\/post"}],"author":[{"embeddable":true,"href":"https:\/\/www.pcb.ub.edu\/en\/wp-json\/wp\/v2\/users\/1"}],"replies":[{"embeddable":true,"href":"https:\/\/www.pcb.ub.edu\/en\/wp-json\/wp\/v2\/comments?post=48562"}],"version-history":[{"count":1,"href":"https:\/\/www.pcb.ub.edu\/en\/wp-json\/wp\/v2\/posts\/48562\/revisions"}],"predecessor-version":[{"id":52510,"href":"https:\/\/www.pcb.ub.edu\/en\/wp-json\/wp\/v2\/posts\/48562\/revisions\/52510"}],"wp:attachment":[{"href":"https:\/\/www.pcb.ub.edu\/en\/wp-json\/wp\/v2\/media?parent=48562"}],"wp:term":[{"taxonomy":"category","embeddable":true,"href":"https:\/\/www.pcb.ub.edu\/en\/wp-json\/wp\/v2\/categories?post=48562"},{"taxonomy":"post_tag","embeddable":true,"href":"https:\/\/www.pcb.ub.edu\/en\/wp-json\/wp\/v2\/tags?post=48562"}],"curies":[{"name":"wp","href":"https:\/\/api.w.org\/{rel}","templated":true}]}}