{"id":48206,"date":"2012-12-18T00:00:00","date_gmt":"2012-12-17T23:00:00","guid":{"rendered":"http:\/\/www.pcb.ub.edu\/r-gomis-is-awarded-the-ii-valdes-salas-prize-in-applied-biomedicine\/"},"modified":"2012-12-18T00:00:00","modified_gmt":"2012-12-17T23:00:00","slug":"r-gomis-is-awarded-the-ii-valdes-salas-prize-in-applied-biomedicine","status":"publish","type":"post","link":"https:\/\/www.pcb.ub.edu\/en\/r-gomis-is-awarded-the-ii-valdes-salas-prize-in-applied-biomedicine\/","title":{"rendered":"R. Gomis is awarded the &#8216;II Vald\u00e9s-Salas Prize in Applied Biomedicine&#8217;"},"content":{"rendered":"<p>&#8221;<\/p>\n<div class=\"col-sm-6 detall-noticia-imatges\">\n<div class=\"row\">\n<div class=\"item active one-image\">\n\t\t\t\t\t\t<a class=\"icon-search\" href='http:\/\/www.pcb.ub.edu\/wp-content\/uploads\/2020\/11\/1355822824711.jpg'><\/a><br \/>\n\t\t\t\t\t\t<img src='http:\/\/www.pcb.ub.edu\/wp-content\/uploads\/2020\/11\/1355822824711.jpg' \/>\n\t\t\t\t\t<\/div><\/div><\/div>\n<p>\t\t\tThe findings of Dr. Roger R. Gomis and his team have allowed the identification for the first time of the expression of a specific gene that predicts patients&#8217; risk of developing breast cancer metastasis to bone and not to other tissues, independently of any other clinical\/pathological parameter-currently used in clinical practice. These discoveries have had a transcendental impact on the creation of Inbiomotion Ltd. and  on the subsequent incorporation of powerful investors to develop the business with an initial investment of \u20ac 2M. Among these investors is Ysios Capital Partners, the largest venture capital fund in biotechnology in Spain, as well as investment vehicles such as JV Risk Technologies Ltd.  and the Vila Casas Foundation.<\/p>\n<p>   The jury&#8217;s decision recognizes the experimental work conducted by Dr. Gomis\u00b4s team in this field  that has been the basis for the creation of the company Inbiomotion and subsequent incorporation to this new company of major national and international investors to enable the development of clinical applications of considerable interest in the field of Oncology, &#8220;, also highlights that &#8220;this work once again demonstrates that basic investigation of excellence can provide concrete and practical answers to problems of great biomedicine relevance&#8221;, stressing that &#8221; this work demonstrates once again that quality basic research supported by prestigious scientific journals can provide specific answers to problems of the outmost biomedical relevance.&#8221;<\/p>\n<p> Roger R. Gomis (Barcelona, 1974) holds a PhD in Biochemistry and Molecular Biology by the University of Barcelona. Since 2007, he has been undertaking his research work at IRB Barcelona. Prior to that, Dr Gomis used to work for the grouo led  by  Joan Massagu\u00e9 at the Memorial Sloan-Kettering Cancer Center (New York, USA). He has published in the most prestigious journals and is one of the founders of the company   Inbiomotion Ltd. <\/p>\n<p> Inbiomotion Ltd is a spin-off  of the Institute for Biomedical Research  (IRB Barcelona) and the Catalan Institute for Research and Advanced Studies (ICREA). The biotech, located at the Barcelona Science Park focuses on developing biomarkers for the prediction of bone metastases from primary tumor biopsies. In July 2012, Inbiomotion closed the first round of funding from Ysios Capital for a total of 2 million Euros. The unique biomarker developed by Inbiomotion encodes a nuclear protein and can predict which patients will develop bone disease. This marker has been validated in over 900 patient samples from two independent cohorts, with three independent techniques (gene expression, IHC and ISH), and has resulted in a negative predictive value of over 95%.<\/p>\n<p> The Prize in Applied Biomedicine granted by the Vald\u00e9s-Sales Foundation-promoted in collaboration with the University of Oviedo and co-sponsored by Bayer and the Asturian Pharmaceutical Cooperative  (COFAS) &#8211; is called for the second time this year and aims to recognize the successful collaboration  between researchers and companies. Its aim is to reward research used by a company with positive financial results. This feature gives a unique character to this award nationwide.<\/p>\n<p> <a href=\"http:\/\/www.fundacionvaldessalas.es\/premios\/premio\/-\/asset_publisher\/jQC9\/content\/ii-premio-en-biomedicina-aplicada?redirect=%2F\" target=\"_blank\" class=\"email\" rel=\"noopener noreferrer\">For further information [+]<\/a>   <\/p>\n","protected":false},"excerpt":{"rendered":"<p>The jury of the &#8220;II Vald\u00e9s-Salas Prize in Applied Biomedicine&#8221; has unanimously been awarded to IRB Barcelona researcher, Roger R. Gomis, for his scientific work in collaboration with the company Inbiomotion around the development of new markers to predict bone metastases in patients with breast cancer. The decision was made public yesterday in a ceremony held at the Historic Building of the University of Oviedo, chaired by the President of the University, Vicente Gotor, accompanied by Professor of Biochemistry and Molecular Biology at the University of Oviedo, Carlos L\u00f3pez-Ot\u00edn, and by Vice Presient of the Vald\u00e9s-Salas Foundation, Joaqu\u00edn Lorences.<\/p>\n","protected":false},"author":1,"featured_media":0,"comment_status":"closed","ping_status":"open","sticky":false,"template":"","format":"standard","meta":{"_acf_changed":false,"inline_featured_image":false,"footnotes":""},"categories":[8],"tags":[],"class_list":["post-48206","post","type-post","status-publish","format-standard","category-uncategorized"],"acf":[],"yoast_head":"<!-- This site is optimized with the Yoast SEO plugin v27.3 - https:\/\/yoast.com\/product\/yoast-seo-wordpress\/ -->\n<title>R. Gomis is awarded the &#039;II Vald\u00e9s-Salas Prize in Applied Biomedicine&#039; - Parc Cient\u00edfic de Barcelona<\/title>\n<meta name=\"robots\" content=\"index, follow, max-snippet:-1, max-image-preview:large, max-video-preview:-1\" \/>\n<link rel=\"canonical\" href=\"https:\/\/www.pcb.ub.edu\/en\/r-gomis-is-awarded-the-ii-valdes-salas-prize-in-applied-biomedicine\/\" \/>\n<meta property=\"og:locale\" content=\"en_US\" \/>\n<meta property=\"og:type\" content=\"article\" \/>\n<meta property=\"og:title\" content=\"R. Gomis is awarded the &#039;II Vald\u00e9s-Salas Prize in Applied Biomedicine&#039; - Parc Cient\u00edfic de Barcelona\" \/>\n<meta property=\"og:description\" content=\"The jury of the &quot;II Vald\u00e9s-Salas Prize in Applied Biomedicine&quot; has unanimously been awarded to IRB Barcelona researcher, Roger R. Gomis, for his scientific work in collaboration with the company Inbiomotion around the development of new markers to predict bone metastases in patients with breast cancer. The decision was made public yesterday in a ceremony held at the Historic Building of the University of Oviedo, chaired by the President of the University, Vicente Gotor, accompanied by Professor of Biochemistry and Molecular Biology at the University of Oviedo, Carlos L\u00f3pez-Ot\u00edn, and by Vice Presient of the Vald\u00e9s-Salas Foundation, Joaqu\u00edn Lorences.\" \/>\n<meta property=\"og:url\" content=\"https:\/\/www.pcb.ub.edu\/en\/r-gomis-is-awarded-the-ii-valdes-salas-prize-in-applied-biomedicine\/\" \/>\n<meta property=\"og:site_name\" content=\"Parc Cient\u00edfic de Barcelona\" \/>\n<meta property=\"article:published_time\" content=\"2012-12-17T23:00:00+00:00\" \/>\n<meta property=\"og:image\" content=\"http:\/\/www.pcb.ub.edu\/wp-content\/uploads\/2020\/11\/1355822824711.jpg\" \/>\n<meta name=\"author\" content=\"adminpcb\" \/>\n<meta name=\"twitter:card\" content=\"summary_large_image\" \/>\n<meta name=\"twitter:label1\" content=\"Written by\" \/>\n\t<meta name=\"twitter:data1\" content=\"adminpcb\" \/>\n\t<meta name=\"twitter:label2\" content=\"Est. reading time\" \/>\n\t<meta name=\"twitter:data2\" content=\"2 minutes\" \/>\n<script type=\"application\/ld+json\" class=\"yoast-schema-graph\">{\"@context\":\"https:\\\/\\\/schema.org\",\"@graph\":[{\"@type\":\"Article\",\"@id\":\"https:\\\/\\\/www.pcb.ub.edu\\\/en\\\/r-gomis-is-awarded-the-ii-valdes-salas-prize-in-applied-biomedicine\\\/#article\",\"isPartOf\":{\"@id\":\"https:\\\/\\\/www.pcb.ub.edu\\\/en\\\/r-gomis-is-awarded-the-ii-valdes-salas-prize-in-applied-biomedicine\\\/\"},\"author\":{\"name\":\"adminpcb\",\"@id\":\"https:\\\/\\\/www.pcb.ub.edu\\\/es\\\/#\\\/schema\\\/person\\\/d13cab05cd0a75b17fddca8496481021\"},\"headline\":\"R. Gomis is awarded the &#8216;II Vald\u00e9s-Salas Prize in Applied Biomedicine&#8217;\",\"datePublished\":\"2012-12-17T23:00:00+00:00\",\"mainEntityOfPage\":{\"@id\":\"https:\\\/\\\/www.pcb.ub.edu\\\/en\\\/r-gomis-is-awarded-the-ii-valdes-salas-prize-in-applied-biomedicine\\\/\"},\"wordCount\":495,\"image\":{\"@id\":\"https:\\\/\\\/www.pcb.ub.edu\\\/en\\\/r-gomis-is-awarded-the-ii-valdes-salas-prize-in-applied-biomedicine\\\/#primaryimage\"},\"thumbnailUrl\":\"http:\\\/\\\/www.pcb.ub.edu\\\/wp-content\\\/uploads\\\/2020\\\/11\\\/1355822824711.jpg\",\"inLanguage\":\"en-US\"},{\"@type\":\"WebPage\",\"@id\":\"https:\\\/\\\/www.pcb.ub.edu\\\/en\\\/r-gomis-is-awarded-the-ii-valdes-salas-prize-in-applied-biomedicine\\\/\",\"url\":\"https:\\\/\\\/www.pcb.ub.edu\\\/en\\\/r-gomis-is-awarded-the-ii-valdes-salas-prize-in-applied-biomedicine\\\/\",\"name\":\"R. Gomis is awarded the 'II Vald\u00e9s-Salas Prize in Applied Biomedicine' - Parc Cient\u00edfic de Barcelona\",\"isPartOf\":{\"@id\":\"https:\\\/\\\/www.pcb.ub.edu\\\/es\\\/#website\"},\"primaryImageOfPage\":{\"@id\":\"https:\\\/\\\/www.pcb.ub.edu\\\/en\\\/r-gomis-is-awarded-the-ii-valdes-salas-prize-in-applied-biomedicine\\\/#primaryimage\"},\"image\":{\"@id\":\"https:\\\/\\\/www.pcb.ub.edu\\\/en\\\/r-gomis-is-awarded-the-ii-valdes-salas-prize-in-applied-biomedicine\\\/#primaryimage\"},\"thumbnailUrl\":\"http:\\\/\\\/www.pcb.ub.edu\\\/wp-content\\\/uploads\\\/2020\\\/11\\\/1355822824711.jpg\",\"datePublished\":\"2012-12-17T23:00:00+00:00\",\"author\":{\"@id\":\"https:\\\/\\\/www.pcb.ub.edu\\\/es\\\/#\\\/schema\\\/person\\\/d13cab05cd0a75b17fddca8496481021\"},\"breadcrumb\":{\"@id\":\"https:\\\/\\\/www.pcb.ub.edu\\\/en\\\/r-gomis-is-awarded-the-ii-valdes-salas-prize-in-applied-biomedicine\\\/#breadcrumb\"},\"inLanguage\":\"en-US\",\"potentialAction\":[{\"@type\":\"ReadAction\",\"target\":[\"https:\\\/\\\/www.pcb.ub.edu\\\/en\\\/r-gomis-is-awarded-the-ii-valdes-salas-prize-in-applied-biomedicine\\\/\"]}]},{\"@type\":\"ImageObject\",\"inLanguage\":\"en-US\",\"@id\":\"https:\\\/\\\/www.pcb.ub.edu\\\/en\\\/r-gomis-is-awarded-the-ii-valdes-salas-prize-in-applied-biomedicine\\\/#primaryimage\",\"url\":\"http:\\\/\\\/www.pcb.ub.edu\\\/wp-content\\\/uploads\\\/2020\\\/11\\\/1355822824711.jpg\",\"contentUrl\":\"http:\\\/\\\/www.pcb.ub.edu\\\/wp-content\\\/uploads\\\/2020\\\/11\\\/1355822824711.jpg\"},{\"@type\":\"BreadcrumbList\",\"@id\":\"https:\\\/\\\/www.pcb.ub.edu\\\/en\\\/r-gomis-is-awarded-the-ii-valdes-salas-prize-in-applied-biomedicine\\\/#breadcrumb\",\"itemListElement\":[{\"@type\":\"ListItem\",\"position\":1,\"name\":\"Home\",\"item\":\"https:\\\/\\\/www.pcb.ub.edu\\\/en\\\/\"},{\"@type\":\"ListItem\",\"position\":2,\"name\":\"R. Gomis is awarded the &#8216;II Vald\u00e9s-Salas Prize in Applied Biomedicine&#8217;\"}]},{\"@type\":\"WebSite\",\"@id\":\"https:\\\/\\\/www.pcb.ub.edu\\\/es\\\/#website\",\"url\":\"https:\\\/\\\/www.pcb.ub.edu\\\/es\\\/\",\"name\":\"Parc Cient\u00edfic de Barcelona\",\"description\":\"Universitat de Barcelona\",\"potentialAction\":[{\"@type\":\"SearchAction\",\"target\":{\"@type\":\"EntryPoint\",\"urlTemplate\":\"https:\\\/\\\/www.pcb.ub.edu\\\/es\\\/?s={search_term_string}\"},\"query-input\":{\"@type\":\"PropertyValueSpecification\",\"valueRequired\":true,\"valueName\":\"search_term_string\"}}],\"inLanguage\":\"en-US\"},{\"@type\":\"Person\",\"@id\":\"https:\\\/\\\/www.pcb.ub.edu\\\/es\\\/#\\\/schema\\\/person\\\/d13cab05cd0a75b17fddca8496481021\",\"name\":\"adminpcb\",\"image\":{\"@type\":\"ImageObject\",\"inLanguage\":\"en-US\",\"@id\":\"https:\\\/\\\/secure.gravatar.com\\\/avatar\\\/41ad0fab4bb3bf5348b0af9612159cfd93173a57bbca98fecb50fa6f3ab97d28?s=96&d=mm&r=g\",\"url\":\"https:\\\/\\\/secure.gravatar.com\\\/avatar\\\/41ad0fab4bb3bf5348b0af9612159cfd93173a57bbca98fecb50fa6f3ab97d28?s=96&d=mm&r=g\",\"contentUrl\":\"https:\\\/\\\/secure.gravatar.com\\\/avatar\\\/41ad0fab4bb3bf5348b0af9612159cfd93173a57bbca98fecb50fa6f3ab97d28?s=96&d=mm&r=g\",\"caption\":\"adminpcb\"},\"url\":\"https:\\\/\\\/www.pcb.ub.edu\\\/en\\\/author\\\/adminpcb\\\/\"}]}<\/script>\n<!-- \/ Yoast SEO plugin. -->","yoast_head_json":{"title":"R. Gomis is awarded the 'II Vald\u00e9s-Salas Prize in Applied Biomedicine' - Parc Cient\u00edfic de Barcelona","robots":{"index":"index","follow":"follow","max-snippet":"max-snippet:-1","max-image-preview":"max-image-preview:large","max-video-preview":"max-video-preview:-1"},"canonical":"https:\/\/www.pcb.ub.edu\/en\/r-gomis-is-awarded-the-ii-valdes-salas-prize-in-applied-biomedicine\/","og_locale":"en_US","og_type":"article","og_title":"R. Gomis is awarded the 'II Vald\u00e9s-Salas Prize in Applied Biomedicine' - Parc Cient\u00edfic de Barcelona","og_description":"The jury of the \"II Vald\u00e9s-Salas Prize in Applied Biomedicine\" has unanimously been awarded to IRB Barcelona researcher, Roger R. Gomis, for his scientific work in collaboration with the company Inbiomotion around the development of new markers to predict bone metastases in patients with breast cancer. The decision was made public yesterday in a ceremony held at the Historic Building of the University of Oviedo, chaired by the President of the University, Vicente Gotor, accompanied by Professor of Biochemistry and Molecular Biology at the University of Oviedo, Carlos L\u00f3pez-Ot\u00edn, and by Vice Presient of the Vald\u00e9s-Salas Foundation, Joaqu\u00edn Lorences.","og_url":"https:\/\/www.pcb.ub.edu\/en\/r-gomis-is-awarded-the-ii-valdes-salas-prize-in-applied-biomedicine\/","og_site_name":"Parc Cient\u00edfic de Barcelona","article_published_time":"2012-12-17T23:00:00+00:00","og_image":[{"url":"http:\/\/www.pcb.ub.edu\/wp-content\/uploads\/2020\/11\/1355822824711.jpg","type":"","width":"","height":""}],"author":"adminpcb","twitter_card":"summary_large_image","twitter_misc":{"Written by":"adminpcb","Est. reading time":"2 minutes"},"schema":{"@context":"https:\/\/schema.org","@graph":[{"@type":"Article","@id":"https:\/\/www.pcb.ub.edu\/en\/r-gomis-is-awarded-the-ii-valdes-salas-prize-in-applied-biomedicine\/#article","isPartOf":{"@id":"https:\/\/www.pcb.ub.edu\/en\/r-gomis-is-awarded-the-ii-valdes-salas-prize-in-applied-biomedicine\/"},"author":{"name":"adminpcb","@id":"https:\/\/www.pcb.ub.edu\/es\/#\/schema\/person\/d13cab05cd0a75b17fddca8496481021"},"headline":"R. Gomis is awarded the &#8216;II Vald\u00e9s-Salas Prize in Applied Biomedicine&#8217;","datePublished":"2012-12-17T23:00:00+00:00","mainEntityOfPage":{"@id":"https:\/\/www.pcb.ub.edu\/en\/r-gomis-is-awarded-the-ii-valdes-salas-prize-in-applied-biomedicine\/"},"wordCount":495,"image":{"@id":"https:\/\/www.pcb.ub.edu\/en\/r-gomis-is-awarded-the-ii-valdes-salas-prize-in-applied-biomedicine\/#primaryimage"},"thumbnailUrl":"http:\/\/www.pcb.ub.edu\/wp-content\/uploads\/2020\/11\/1355822824711.jpg","inLanguage":"en-US"},{"@type":"WebPage","@id":"https:\/\/www.pcb.ub.edu\/en\/r-gomis-is-awarded-the-ii-valdes-salas-prize-in-applied-biomedicine\/","url":"https:\/\/www.pcb.ub.edu\/en\/r-gomis-is-awarded-the-ii-valdes-salas-prize-in-applied-biomedicine\/","name":"R. Gomis is awarded the 'II Vald\u00e9s-Salas Prize in Applied Biomedicine' - Parc Cient\u00edfic de Barcelona","isPartOf":{"@id":"https:\/\/www.pcb.ub.edu\/es\/#website"},"primaryImageOfPage":{"@id":"https:\/\/www.pcb.ub.edu\/en\/r-gomis-is-awarded-the-ii-valdes-salas-prize-in-applied-biomedicine\/#primaryimage"},"image":{"@id":"https:\/\/www.pcb.ub.edu\/en\/r-gomis-is-awarded-the-ii-valdes-salas-prize-in-applied-biomedicine\/#primaryimage"},"thumbnailUrl":"http:\/\/www.pcb.ub.edu\/wp-content\/uploads\/2020\/11\/1355822824711.jpg","datePublished":"2012-12-17T23:00:00+00:00","author":{"@id":"https:\/\/www.pcb.ub.edu\/es\/#\/schema\/person\/d13cab05cd0a75b17fddca8496481021"},"breadcrumb":{"@id":"https:\/\/www.pcb.ub.edu\/en\/r-gomis-is-awarded-the-ii-valdes-salas-prize-in-applied-biomedicine\/#breadcrumb"},"inLanguage":"en-US","potentialAction":[{"@type":"ReadAction","target":["https:\/\/www.pcb.ub.edu\/en\/r-gomis-is-awarded-the-ii-valdes-salas-prize-in-applied-biomedicine\/"]}]},{"@type":"ImageObject","inLanguage":"en-US","@id":"https:\/\/www.pcb.ub.edu\/en\/r-gomis-is-awarded-the-ii-valdes-salas-prize-in-applied-biomedicine\/#primaryimage","url":"http:\/\/www.pcb.ub.edu\/wp-content\/uploads\/2020\/11\/1355822824711.jpg","contentUrl":"http:\/\/www.pcb.ub.edu\/wp-content\/uploads\/2020\/11\/1355822824711.jpg"},{"@type":"BreadcrumbList","@id":"https:\/\/www.pcb.ub.edu\/en\/r-gomis-is-awarded-the-ii-valdes-salas-prize-in-applied-biomedicine\/#breadcrumb","itemListElement":[{"@type":"ListItem","position":1,"name":"Home","item":"https:\/\/www.pcb.ub.edu\/en\/"},{"@type":"ListItem","position":2,"name":"R. Gomis is awarded the &#8216;II Vald\u00e9s-Salas Prize in Applied Biomedicine&#8217;"}]},{"@type":"WebSite","@id":"https:\/\/www.pcb.ub.edu\/es\/#website","url":"https:\/\/www.pcb.ub.edu\/es\/","name":"Parc Cient\u00edfic de Barcelona","description":"Universitat de Barcelona","potentialAction":[{"@type":"SearchAction","target":{"@type":"EntryPoint","urlTemplate":"https:\/\/www.pcb.ub.edu\/es\/?s={search_term_string}"},"query-input":{"@type":"PropertyValueSpecification","valueRequired":true,"valueName":"search_term_string"}}],"inLanguage":"en-US"},{"@type":"Person","@id":"https:\/\/www.pcb.ub.edu\/es\/#\/schema\/person\/d13cab05cd0a75b17fddca8496481021","name":"adminpcb","image":{"@type":"ImageObject","inLanguage":"en-US","@id":"https:\/\/secure.gravatar.com\/avatar\/41ad0fab4bb3bf5348b0af9612159cfd93173a57bbca98fecb50fa6f3ab97d28?s=96&d=mm&r=g","url":"https:\/\/secure.gravatar.com\/avatar\/41ad0fab4bb3bf5348b0af9612159cfd93173a57bbca98fecb50fa6f3ab97d28?s=96&d=mm&r=g","contentUrl":"https:\/\/secure.gravatar.com\/avatar\/41ad0fab4bb3bf5348b0af9612159cfd93173a57bbca98fecb50fa6f3ab97d28?s=96&d=mm&r=g","caption":"adminpcb"},"url":"https:\/\/www.pcb.ub.edu\/en\/author\/adminpcb\/"}]}},"_links":{"self":[{"href":"https:\/\/www.pcb.ub.edu\/en\/wp-json\/wp\/v2\/posts\/48206","targetHints":{"allow":["GET"]}}],"collection":[{"href":"https:\/\/www.pcb.ub.edu\/en\/wp-json\/wp\/v2\/posts"}],"about":[{"href":"https:\/\/www.pcb.ub.edu\/en\/wp-json\/wp\/v2\/types\/post"}],"author":[{"embeddable":true,"href":"https:\/\/www.pcb.ub.edu\/en\/wp-json\/wp\/v2\/users\/1"}],"replies":[{"embeddable":true,"href":"https:\/\/www.pcb.ub.edu\/en\/wp-json\/wp\/v2\/comments?post=48206"}],"version-history":[{"count":0,"href":"https:\/\/www.pcb.ub.edu\/en\/wp-json\/wp\/v2\/posts\/48206\/revisions"}],"wp:attachment":[{"href":"https:\/\/www.pcb.ub.edu\/en\/wp-json\/wp\/v2\/media?parent=48206"}],"wp:term":[{"taxonomy":"category","embeddable":true,"href":"https:\/\/www.pcb.ub.edu\/en\/wp-json\/wp\/v2\/categories?post=48206"},{"taxonomy":"post_tag","embeddable":true,"href":"https:\/\/www.pcb.ub.edu\/en\/wp-json\/wp\/v2\/tags?post=48206"}],"curies":[{"name":"wp","href":"https:\/\/api.w.org\/{rel}","templated":true}]}}