{"id":47991,"date":"2012-07-18T00:00:00","date_gmt":"2012-07-17T23:00:00","guid":{"rendered":"http:\/\/www.pcb.ub.edu\/irb-barcelona-receives-the-narcis-monturiol-plaque\/"},"modified":"2020-11-18T14:52:34","modified_gmt":"2020-11-18T13:52:34","slug":"irb-barcelona-receives-the-narcis-monturiol-plaque","status":"publish","type":"post","link":"https:\/\/www.pcb.ub.edu\/en\/irb-barcelona-receives-the-narcis-monturiol-plaque\/","title":{"rendered":"IRB Barcelona receives the Narc\u00eds Monturiol Plaque"},"content":{"rendered":"<p>&#8221;<\/p>\n<div class=\"col-sm-6 detall-noticia-imatges\">\n<div class=\"row\">\n<div class=\"item active one-image\">\n\t\t\t\t\t\t<a class=\"icon-search\" href='http:\/\/www.pcb.ub.edu\/wp-content\/uploads\/2020\/11\/1342626915573.png'><\/a><br \/>\n\t\t\t\t\t\t<img src='http:\/\/www.pcb.ub.edu\/wp-content\/uploads\/2020\/11\/1342626915573.png' \/>\n\t\t\t\t\t<\/div><\/div><\/div>\n<p>\t\t\tThe Obra Social &#8220;la Caixa&#8221;&#8221; and the Fundaci\u00f3 Fero are the other two organisations presented the award this year. The presentation ceremony will be held in September (date to be determined) in the Palau de la Generalitat.The Government also announced the awards of Narc\u00eds Monturiol Medals to thirteen authorities in the fields of science and technology: Salvador Barber\u00e0, Joaquim Bruna, Luis F. Cabeza, El\u00edas Campo, Joaquim Casal, Josep Domingo, Dieter Einfeld, Climent Gin\u00e9, Maria Pau Ginebra, Jordi Isern, Genoveva Mart\u00ed, Emilio Montesinos and N\u00faria Sebasti\u00e1n.  El Govern ha aprovat tamb\u00e9 la concessi\u00f3 de les Medalles Narc\u00eds Monturiol a tretze personalitats de reconegut prestigi en el mateix \u00e0mbit cient\u00edfic i tecnol\u00f2gic. <\/p>\n<p> <a href=\"http:\/\/www.irbbarcelona.org\/files\/File\/2012_07_17_AcordsGovernGdC_IRBBarcelona.pdf\" target=\"_blank\" class=\"email\" rel=\"noopener noreferrer\">Award decision of the Narc\u00eds Monturiol Plaques and Medals [+]<\/a> <\/p>\n","protected":false},"excerpt":{"rendered":"<p>Yesterday, 17 July, the Catalan Government announced the award of the Narc\u00eds Monturiol Plaque to the Institute for Research in Biomedicine (IRB Barcelona). First given by the Catalan Government in 1982, these awards recognize the contribution of Catalan organisations to furthering science and technology.<\/p>\n","protected":false},"author":1,"featured_media":0,"comment_status":"closed","ping_status":"open","sticky":false,"template":"","format":"standard","meta":{"_acf_changed":false,"inline_featured_image":false,"footnotes":""},"categories":[8],"tags":[],"class_list":["post-47991","post","type-post","status-publish","format-standard","category-uncategorized"],"acf":[],"yoast_head":"<!-- This site is optimized with the Yoast SEO plugin v27.3 - https:\/\/yoast.com\/product\/yoast-seo-wordpress\/ -->\n<title>IRB Barcelona receives the Narc\u00eds Monturiol Plaque - Parc Cient\u00edfic de Barcelona<\/title>\n<meta name=\"robots\" content=\"index, follow, max-snippet:-1, max-image-preview:large, max-video-preview:-1\" \/>\n<link rel=\"canonical\" href=\"https:\/\/www.pcb.ub.edu\/en\/irb-barcelona-receives-the-narcis-monturiol-plaque\/\" \/>\n<meta property=\"og:locale\" content=\"en_US\" \/>\n<meta property=\"og:type\" content=\"article\" \/>\n<meta property=\"og:title\" content=\"IRB Barcelona receives the Narc\u00eds Monturiol Plaque - Parc Cient\u00edfic de Barcelona\" \/>\n<meta property=\"og:description\" content=\"Yesterday, 17 July, the Catalan Government announced the award of the Narc\u00eds Monturiol Plaque to the Institute for Research in Biomedicine (IRB Barcelona). First given by the Catalan Government in 1982, these awards recognize the contribution of Catalan organisations to furthering science and technology.\" \/>\n<meta property=\"og:url\" content=\"https:\/\/www.pcb.ub.edu\/en\/irb-barcelona-receives-the-narcis-monturiol-plaque\/\" \/>\n<meta property=\"og:site_name\" content=\"Parc Cient\u00edfic de Barcelona\" \/>\n<meta property=\"article:published_time\" content=\"2012-07-17T23:00:00+00:00\" \/>\n<meta property=\"article:modified_time\" content=\"2020-11-18T13:52:34+00:00\" \/>\n<meta property=\"og:image\" content=\"http:\/\/www.pcb.ub.edu\/wp-content\/uploads\/2020\/11\/1342626915573.png\" \/>\n<meta name=\"author\" content=\"adminpcb\" \/>\n<meta name=\"twitter:card\" content=\"summary_large_image\" \/>\n<meta name=\"twitter:label1\" content=\"Written by\" \/>\n\t<meta name=\"twitter:data1\" content=\"adminpcb\" \/>\n\t<meta name=\"twitter:label2\" content=\"Est. reading time\" \/>\n\t<meta name=\"twitter:data2\" content=\"1 minute\" \/>\n<script type=\"application\/ld+json\" class=\"yoast-schema-graph\">{\"@context\":\"https:\\\/\\\/schema.org\",\"@graph\":[{\"@type\":\"Article\",\"@id\":\"https:\\\/\\\/www.pcb.ub.edu\\\/en\\\/irb-barcelona-receives-the-narcis-monturiol-plaque\\\/#article\",\"isPartOf\":{\"@id\":\"https:\\\/\\\/www.pcb.ub.edu\\\/en\\\/irb-barcelona-receives-the-narcis-monturiol-plaque\\\/\"},\"author\":{\"name\":\"adminpcb\",\"@id\":\"https:\\\/\\\/www.pcb.ub.edu\\\/es\\\/#\\\/schema\\\/person\\\/d13cab05cd0a75b17fddca8496481021\"},\"headline\":\"IRB Barcelona receives the Narc\u00eds Monturiol Plaque\",\"datePublished\":\"2012-07-17T23:00:00+00:00\",\"dateModified\":\"2020-11-18T13:52:34+00:00\",\"mainEntityOfPage\":{\"@id\":\"https:\\\/\\\/www.pcb.ub.edu\\\/en\\\/irb-barcelona-receives-the-narcis-monturiol-plaque\\\/\"},\"wordCount\":136,\"image\":{\"@id\":\"https:\\\/\\\/www.pcb.ub.edu\\\/en\\\/irb-barcelona-receives-the-narcis-monturiol-plaque\\\/#primaryimage\"},\"thumbnailUrl\":\"http:\\\/\\\/www.pcb.ub.edu\\\/wp-content\\\/uploads\\\/2020\\\/11\\\/1342626915573.png\",\"inLanguage\":\"en-US\"},{\"@type\":\"WebPage\",\"@id\":\"https:\\\/\\\/www.pcb.ub.edu\\\/en\\\/irb-barcelona-receives-the-narcis-monturiol-plaque\\\/\",\"url\":\"https:\\\/\\\/www.pcb.ub.edu\\\/en\\\/irb-barcelona-receives-the-narcis-monturiol-plaque\\\/\",\"name\":\"IRB Barcelona receives the Narc\u00eds Monturiol Plaque - Parc Cient\u00edfic de Barcelona\",\"isPartOf\":{\"@id\":\"https:\\\/\\\/www.pcb.ub.edu\\\/es\\\/#website\"},\"primaryImageOfPage\":{\"@id\":\"https:\\\/\\\/www.pcb.ub.edu\\\/en\\\/irb-barcelona-receives-the-narcis-monturiol-plaque\\\/#primaryimage\"},\"image\":{\"@id\":\"https:\\\/\\\/www.pcb.ub.edu\\\/en\\\/irb-barcelona-receives-the-narcis-monturiol-plaque\\\/#primaryimage\"},\"thumbnailUrl\":\"http:\\\/\\\/www.pcb.ub.edu\\\/wp-content\\\/uploads\\\/2020\\\/11\\\/1342626915573.png\",\"datePublished\":\"2012-07-17T23:00:00+00:00\",\"dateModified\":\"2020-11-18T13:52:34+00:00\",\"author\":{\"@id\":\"https:\\\/\\\/www.pcb.ub.edu\\\/es\\\/#\\\/schema\\\/person\\\/d13cab05cd0a75b17fddca8496481021\"},\"breadcrumb\":{\"@id\":\"https:\\\/\\\/www.pcb.ub.edu\\\/en\\\/irb-barcelona-receives-the-narcis-monturiol-plaque\\\/#breadcrumb\"},\"inLanguage\":\"en-US\",\"potentialAction\":[{\"@type\":\"ReadAction\",\"target\":[\"https:\\\/\\\/www.pcb.ub.edu\\\/en\\\/irb-barcelona-receives-the-narcis-monturiol-plaque\\\/\"]}]},{\"@type\":\"ImageObject\",\"inLanguage\":\"en-US\",\"@id\":\"https:\\\/\\\/www.pcb.ub.edu\\\/en\\\/irb-barcelona-receives-the-narcis-monturiol-plaque\\\/#primaryimage\",\"url\":\"http:\\\/\\\/www.pcb.ub.edu\\\/wp-content\\\/uploads\\\/2020\\\/11\\\/1342626915573.png\",\"contentUrl\":\"http:\\\/\\\/www.pcb.ub.edu\\\/wp-content\\\/uploads\\\/2020\\\/11\\\/1342626915573.png\"},{\"@type\":\"BreadcrumbList\",\"@id\":\"https:\\\/\\\/www.pcb.ub.edu\\\/en\\\/irb-barcelona-receives-the-narcis-monturiol-plaque\\\/#breadcrumb\",\"itemListElement\":[{\"@type\":\"ListItem\",\"position\":1,\"name\":\"Home\",\"item\":\"https:\\\/\\\/www.pcb.ub.edu\\\/en\\\/\"},{\"@type\":\"ListItem\",\"position\":2,\"name\":\"IRB Barcelona receives the Narc\u00eds Monturiol Plaque\"}]},{\"@type\":\"WebSite\",\"@id\":\"https:\\\/\\\/www.pcb.ub.edu\\\/es\\\/#website\",\"url\":\"https:\\\/\\\/www.pcb.ub.edu\\\/es\\\/\",\"name\":\"Parc Cient\u00edfic de Barcelona\",\"description\":\"Universitat de Barcelona\",\"potentialAction\":[{\"@type\":\"SearchAction\",\"target\":{\"@type\":\"EntryPoint\",\"urlTemplate\":\"https:\\\/\\\/www.pcb.ub.edu\\\/es\\\/?s={search_term_string}\"},\"query-input\":{\"@type\":\"PropertyValueSpecification\",\"valueRequired\":true,\"valueName\":\"search_term_string\"}}],\"inLanguage\":\"en-US\"},{\"@type\":\"Person\",\"@id\":\"https:\\\/\\\/www.pcb.ub.edu\\\/es\\\/#\\\/schema\\\/person\\\/d13cab05cd0a75b17fddca8496481021\",\"name\":\"adminpcb\",\"image\":{\"@type\":\"ImageObject\",\"inLanguage\":\"en-US\",\"@id\":\"https:\\\/\\\/secure.gravatar.com\\\/avatar\\\/41ad0fab4bb3bf5348b0af9612159cfd93173a57bbca98fecb50fa6f3ab97d28?s=96&d=mm&r=g\",\"url\":\"https:\\\/\\\/secure.gravatar.com\\\/avatar\\\/41ad0fab4bb3bf5348b0af9612159cfd93173a57bbca98fecb50fa6f3ab97d28?s=96&d=mm&r=g\",\"contentUrl\":\"https:\\\/\\\/secure.gravatar.com\\\/avatar\\\/41ad0fab4bb3bf5348b0af9612159cfd93173a57bbca98fecb50fa6f3ab97d28?s=96&d=mm&r=g\",\"caption\":\"adminpcb\"},\"url\":\"https:\\\/\\\/www.pcb.ub.edu\\\/en\\\/author\\\/adminpcb\\\/\"}]}<\/script>\n<!-- \/ Yoast SEO plugin. -->","yoast_head_json":{"title":"IRB Barcelona receives the Narc\u00eds Monturiol Plaque - Parc Cient\u00edfic de Barcelona","robots":{"index":"index","follow":"follow","max-snippet":"max-snippet:-1","max-image-preview":"max-image-preview:large","max-video-preview":"max-video-preview:-1"},"canonical":"https:\/\/www.pcb.ub.edu\/en\/irb-barcelona-receives-the-narcis-monturiol-plaque\/","og_locale":"en_US","og_type":"article","og_title":"IRB Barcelona receives the Narc\u00eds Monturiol Plaque - Parc Cient\u00edfic de Barcelona","og_description":"Yesterday, 17 July, the Catalan Government announced the award of the Narc\u00eds Monturiol Plaque to the Institute for Research in Biomedicine (IRB Barcelona). First given by the Catalan Government in 1982, these awards recognize the contribution of Catalan organisations to furthering science and technology.","og_url":"https:\/\/www.pcb.ub.edu\/en\/irb-barcelona-receives-the-narcis-monturiol-plaque\/","og_site_name":"Parc Cient\u00edfic de Barcelona","article_published_time":"2012-07-17T23:00:00+00:00","article_modified_time":"2020-11-18T13:52:34+00:00","og_image":[{"url":"http:\/\/www.pcb.ub.edu\/wp-content\/uploads\/2020\/11\/1342626915573.png","type":"","width":"","height":""}],"author":"adminpcb","twitter_card":"summary_large_image","twitter_misc":{"Written by":"adminpcb","Est. reading time":"1 minute"},"schema":{"@context":"https:\/\/schema.org","@graph":[{"@type":"Article","@id":"https:\/\/www.pcb.ub.edu\/en\/irb-barcelona-receives-the-narcis-monturiol-plaque\/#article","isPartOf":{"@id":"https:\/\/www.pcb.ub.edu\/en\/irb-barcelona-receives-the-narcis-monturiol-plaque\/"},"author":{"name":"adminpcb","@id":"https:\/\/www.pcb.ub.edu\/es\/#\/schema\/person\/d13cab05cd0a75b17fddca8496481021"},"headline":"IRB Barcelona receives the Narc\u00eds Monturiol Plaque","datePublished":"2012-07-17T23:00:00+00:00","dateModified":"2020-11-18T13:52:34+00:00","mainEntityOfPage":{"@id":"https:\/\/www.pcb.ub.edu\/en\/irb-barcelona-receives-the-narcis-monturiol-plaque\/"},"wordCount":136,"image":{"@id":"https:\/\/www.pcb.ub.edu\/en\/irb-barcelona-receives-the-narcis-monturiol-plaque\/#primaryimage"},"thumbnailUrl":"http:\/\/www.pcb.ub.edu\/wp-content\/uploads\/2020\/11\/1342626915573.png","inLanguage":"en-US"},{"@type":"WebPage","@id":"https:\/\/www.pcb.ub.edu\/en\/irb-barcelona-receives-the-narcis-monturiol-plaque\/","url":"https:\/\/www.pcb.ub.edu\/en\/irb-barcelona-receives-the-narcis-monturiol-plaque\/","name":"IRB Barcelona receives the Narc\u00eds Monturiol Plaque - Parc Cient\u00edfic de Barcelona","isPartOf":{"@id":"https:\/\/www.pcb.ub.edu\/es\/#website"},"primaryImageOfPage":{"@id":"https:\/\/www.pcb.ub.edu\/en\/irb-barcelona-receives-the-narcis-monturiol-plaque\/#primaryimage"},"image":{"@id":"https:\/\/www.pcb.ub.edu\/en\/irb-barcelona-receives-the-narcis-monturiol-plaque\/#primaryimage"},"thumbnailUrl":"http:\/\/www.pcb.ub.edu\/wp-content\/uploads\/2020\/11\/1342626915573.png","datePublished":"2012-07-17T23:00:00+00:00","dateModified":"2020-11-18T13:52:34+00:00","author":{"@id":"https:\/\/www.pcb.ub.edu\/es\/#\/schema\/person\/d13cab05cd0a75b17fddca8496481021"},"breadcrumb":{"@id":"https:\/\/www.pcb.ub.edu\/en\/irb-barcelona-receives-the-narcis-monturiol-plaque\/#breadcrumb"},"inLanguage":"en-US","potentialAction":[{"@type":"ReadAction","target":["https:\/\/www.pcb.ub.edu\/en\/irb-barcelona-receives-the-narcis-monturiol-plaque\/"]}]},{"@type":"ImageObject","inLanguage":"en-US","@id":"https:\/\/www.pcb.ub.edu\/en\/irb-barcelona-receives-the-narcis-monturiol-plaque\/#primaryimage","url":"http:\/\/www.pcb.ub.edu\/wp-content\/uploads\/2020\/11\/1342626915573.png","contentUrl":"http:\/\/www.pcb.ub.edu\/wp-content\/uploads\/2020\/11\/1342626915573.png"},{"@type":"BreadcrumbList","@id":"https:\/\/www.pcb.ub.edu\/en\/irb-barcelona-receives-the-narcis-monturiol-plaque\/#breadcrumb","itemListElement":[{"@type":"ListItem","position":1,"name":"Home","item":"https:\/\/www.pcb.ub.edu\/en\/"},{"@type":"ListItem","position":2,"name":"IRB Barcelona receives the Narc\u00eds Monturiol Plaque"}]},{"@type":"WebSite","@id":"https:\/\/www.pcb.ub.edu\/es\/#website","url":"https:\/\/www.pcb.ub.edu\/es\/","name":"Parc Cient\u00edfic de Barcelona","description":"Universitat de Barcelona","potentialAction":[{"@type":"SearchAction","target":{"@type":"EntryPoint","urlTemplate":"https:\/\/www.pcb.ub.edu\/es\/?s={search_term_string}"},"query-input":{"@type":"PropertyValueSpecification","valueRequired":true,"valueName":"search_term_string"}}],"inLanguage":"en-US"},{"@type":"Person","@id":"https:\/\/www.pcb.ub.edu\/es\/#\/schema\/person\/d13cab05cd0a75b17fddca8496481021","name":"adminpcb","image":{"@type":"ImageObject","inLanguage":"en-US","@id":"https:\/\/secure.gravatar.com\/avatar\/41ad0fab4bb3bf5348b0af9612159cfd93173a57bbca98fecb50fa6f3ab97d28?s=96&d=mm&r=g","url":"https:\/\/secure.gravatar.com\/avatar\/41ad0fab4bb3bf5348b0af9612159cfd93173a57bbca98fecb50fa6f3ab97d28?s=96&d=mm&r=g","contentUrl":"https:\/\/secure.gravatar.com\/avatar\/41ad0fab4bb3bf5348b0af9612159cfd93173a57bbca98fecb50fa6f3ab97d28?s=96&d=mm&r=g","caption":"adminpcb"},"url":"https:\/\/www.pcb.ub.edu\/en\/author\/adminpcb\/"}]}},"_links":{"self":[{"href":"https:\/\/www.pcb.ub.edu\/en\/wp-json\/wp\/v2\/posts\/47991","targetHints":{"allow":["GET"]}}],"collection":[{"href":"https:\/\/www.pcb.ub.edu\/en\/wp-json\/wp\/v2\/posts"}],"about":[{"href":"https:\/\/www.pcb.ub.edu\/en\/wp-json\/wp\/v2\/types\/post"}],"author":[{"embeddable":true,"href":"https:\/\/www.pcb.ub.edu\/en\/wp-json\/wp\/v2\/users\/1"}],"replies":[{"embeddable":true,"href":"https:\/\/www.pcb.ub.edu\/en\/wp-json\/wp\/v2\/comments?post=47991"}],"version-history":[{"count":1,"href":"https:\/\/www.pcb.ub.edu\/en\/wp-json\/wp\/v2\/posts\/47991\/revisions"}],"predecessor-version":[{"id":52309,"href":"https:\/\/www.pcb.ub.edu\/en\/wp-json\/wp\/v2\/posts\/47991\/revisions\/52309"}],"wp:attachment":[{"href":"https:\/\/www.pcb.ub.edu\/en\/wp-json\/wp\/v2\/media?parent=47991"}],"wp:term":[{"taxonomy":"category","embeddable":true,"href":"https:\/\/www.pcb.ub.edu\/en\/wp-json\/wp\/v2\/categories?post=47991"},{"taxonomy":"post_tag","embeddable":true,"href":"https:\/\/www.pcb.ub.edu\/en\/wp-json\/wp\/v2\/tags?post=47991"}],"curies":[{"name":"wp","href":"https:\/\/api.w.org\/{rel}","templated":true}]}}