{"id":47884,"date":"2012-05-29T00:00:00","date_gmt":"2012-05-28T23:00:00","guid":{"rendered":"http:\/\/www.pcb.ub.edu\/el-parc-cientific-de-barcelona-participara-a-la-bio-boston-2012-to-translate\/"},"modified":"2020-11-18T14:52:22","modified_gmt":"2020-11-18T13:52:22","slug":"el-parc-cientific-de-barcelona-participara-a-la-bio-boston-2012-to-translate","status":"publish","type":"post","link":"https:\/\/www.pcb.ub.edu\/en\/el-parc-cientific-de-barcelona-participara-a-la-bio-boston-2012-to-translate\/","title":{"rendered":"El Parc Cient\u00edfic de Barcelona participar\u00e0 a la BIO Boston 2012 TO TRANSLATE >>>"},"content":{"rendered":"<p>Biocat, com ha fet en les \u00faltimes cinc edicions, coordina la participaci\u00f3 de la delegaci\u00f3 catalana formada per 49 empreses i 21 entitats del sector biotecnol\u00f2gic i biom\u00e8dic. En l&#8217;edici\u00f3 2012, l&#8217;Estat espanyol ser\u00e0 el pavell\u00f3 internacional m\u00e9s important, dins del qual Catalunya representa m\u00e9s del 60%, per davant de pa\u00efsos com el Brasil, la Xina, l&#8217;\u00cdndia i R\u00fassia. El pavell\u00f3 espanyol estar\u00e0 situat en un punt estrat\u00e8gic just davant de l&#8217;Estat amfitri\u00f3 de Massachussets.  La delegaci\u00f3 catalana comptar\u00e0 amb un suport institucional sense precedents a trav\u00e9s de la pres\u00e8ncia a la convenci\u00f3 del president de la Generalitat, Artur Mas; el conseller d&#8217;Economia i Coneixement, Andreu Mas Colell; el conseller de Salut, Boi Ruiz; entre d&#8217;altres representants del govern.  <\/p>\n","protected":false},"excerpt":{"rendered":"<p>Connect, partner and innovate. Amb aquest lema es presenta la vintena edici\u00f3 de la BIO International Convention, del 18 al 21 de juny de 2012, a la ciutat de Boston (Massachussets, Estats Units). La BIO \u00e9s la reuni\u00f3 empresarial internacional m\u00e9s important en l&#8217;\u00e0mbit de la biotecnologia. Enguany reunir\u00e0 m\u00e9s de 15.000 delegats de 65 pa\u00efsos, m\u00e9s 900 expositors i 1.800 companyies. La zona d&#8217;exposici\u00f3 es complementa amb el Business Forum, on tindran lloc les reunions de partnering, que el 2011 va generar m\u00e9s de 21.000 trobades one-to-one.  <\/p>\n","protected":false},"author":1,"featured_media":0,"comment_status":"closed","ping_status":"open","sticky":false,"template":"","format":"standard","meta":{"_acf_changed":false,"inline_featured_image":false,"footnotes":""},"categories":[8],"tags":[],"class_list":["post-47884","post","type-post","status-publish","format-standard","category-uncategorized"],"acf":[],"yoast_head":"<!-- This site is optimized with the Yoast SEO plugin v27.3 - https:\/\/yoast.com\/product\/yoast-seo-wordpress\/ -->\n<title>El Parc Cient\u00edfic de Barcelona participar\u00e0 a la BIO Boston 2012 TO TRANSLATE &gt;&gt;&gt; - Parc Cient\u00edfic de Barcelona<\/title>\n<meta name=\"robots\" content=\"index, follow, max-snippet:-1, max-image-preview:large, max-video-preview:-1\" \/>\n<link rel=\"canonical\" href=\"https:\/\/www.pcb.ub.edu\/en\/el-parc-cientific-de-barcelona-participara-a-la-bio-boston-2012-to-translate\/\" \/>\n<meta property=\"og:locale\" content=\"en_US\" \/>\n<meta property=\"og:type\" content=\"article\" \/>\n<meta property=\"og:title\" content=\"El Parc Cient\u00edfic de Barcelona participar\u00e0 a la BIO Boston 2012 TO TRANSLATE &gt;&gt;&gt; - Parc Cient\u00edfic de Barcelona\" \/>\n<meta property=\"og:description\" content=\"Connect, partner and innovate. Amb aquest lema es presenta la vintena edici\u00f3 de la BIO International Convention, del 18 al 21 de juny de 2012, a la ciutat de Boston (Massachussets, Estats Units). La BIO \u00e9s la reuni\u00f3 empresarial internacional m\u00e9s important en l&#039;\u00e0mbit de la biotecnologia. Enguany reunir\u00e0 m\u00e9s de 15.000 delegats de 65 pa\u00efsos, m\u00e9s 900 expositors i 1.800 companyies. La zona d&#039;exposici\u00f3 es complementa amb el Business Forum, on tindran lloc les reunions de partnering, que el 2011 va generar m\u00e9s de 21.000 trobades one-to-one.\" \/>\n<meta property=\"og:url\" content=\"https:\/\/www.pcb.ub.edu\/en\/el-parc-cientific-de-barcelona-participara-a-la-bio-boston-2012-to-translate\/\" \/>\n<meta property=\"og:site_name\" content=\"Parc Cient\u00edfic de Barcelona\" \/>\n<meta property=\"article:published_time\" content=\"2012-05-28T23:00:00+00:00\" \/>\n<meta property=\"article:modified_time\" content=\"2020-11-18T13:52:22+00:00\" \/>\n<meta name=\"author\" content=\"adminpcb\" \/>\n<meta name=\"twitter:card\" content=\"summary_large_image\" \/>\n<meta name=\"twitter:label1\" content=\"Written by\" \/>\n\t<meta name=\"twitter:data1\" content=\"adminpcb\" \/>\n\t<meta name=\"twitter:label2\" content=\"Est. reading time\" \/>\n\t<meta name=\"twitter:data2\" content=\"1 minute\" \/>\n<script type=\"application\/ld+json\" class=\"yoast-schema-graph\">{\"@context\":\"https:\\\/\\\/schema.org\",\"@graph\":[{\"@type\":\"Article\",\"@id\":\"https:\\\/\\\/www.pcb.ub.edu\\\/en\\\/el-parc-cientific-de-barcelona-participara-a-la-bio-boston-2012-to-translate\\\/#article\",\"isPartOf\":{\"@id\":\"https:\\\/\\\/www.pcb.ub.edu\\\/en\\\/el-parc-cientific-de-barcelona-participara-a-la-bio-boston-2012-to-translate\\\/\"},\"author\":{\"name\":\"adminpcb\",\"@id\":\"https:\\\/\\\/www.pcb.ub.edu\\\/es\\\/#\\\/schema\\\/person\\\/d13cab05cd0a75b17fddca8496481021\"},\"headline\":\"El Parc Cient\u00edfic de Barcelona participar\u00e0 a la BIO Boston 2012 TO TRANSLATE >>>\",\"datePublished\":\"2012-05-28T23:00:00+00:00\",\"dateModified\":\"2020-11-18T13:52:22+00:00\",\"mainEntityOfPage\":{\"@id\":\"https:\\\/\\\/www.pcb.ub.edu\\\/en\\\/el-parc-cientific-de-barcelona-participara-a-la-bio-boston-2012-to-translate\\\/\"},\"wordCount\":138,\"inLanguage\":\"en-US\"},{\"@type\":\"WebPage\",\"@id\":\"https:\\\/\\\/www.pcb.ub.edu\\\/en\\\/el-parc-cientific-de-barcelona-participara-a-la-bio-boston-2012-to-translate\\\/\",\"url\":\"https:\\\/\\\/www.pcb.ub.edu\\\/en\\\/el-parc-cientific-de-barcelona-participara-a-la-bio-boston-2012-to-translate\\\/\",\"name\":\"El Parc Cient\u00edfic de Barcelona participar\u00e0 a la BIO Boston 2012 TO TRANSLATE >>> - Parc Cient\u00edfic de Barcelona\",\"isPartOf\":{\"@id\":\"https:\\\/\\\/www.pcb.ub.edu\\\/es\\\/#website\"},\"datePublished\":\"2012-05-28T23:00:00+00:00\",\"dateModified\":\"2020-11-18T13:52:22+00:00\",\"author\":{\"@id\":\"https:\\\/\\\/www.pcb.ub.edu\\\/es\\\/#\\\/schema\\\/person\\\/d13cab05cd0a75b17fddca8496481021\"},\"breadcrumb\":{\"@id\":\"https:\\\/\\\/www.pcb.ub.edu\\\/en\\\/el-parc-cientific-de-barcelona-participara-a-la-bio-boston-2012-to-translate\\\/#breadcrumb\"},\"inLanguage\":\"en-US\",\"potentialAction\":[{\"@type\":\"ReadAction\",\"target\":[\"https:\\\/\\\/www.pcb.ub.edu\\\/en\\\/el-parc-cientific-de-barcelona-participara-a-la-bio-boston-2012-to-translate\\\/\"]}]},{\"@type\":\"BreadcrumbList\",\"@id\":\"https:\\\/\\\/www.pcb.ub.edu\\\/en\\\/el-parc-cientific-de-barcelona-participara-a-la-bio-boston-2012-to-translate\\\/#breadcrumb\",\"itemListElement\":[{\"@type\":\"ListItem\",\"position\":1,\"name\":\"Home\",\"item\":\"https:\\\/\\\/www.pcb.ub.edu\\\/en\\\/\"},{\"@type\":\"ListItem\",\"position\":2,\"name\":\"El Parc Cient\u00edfic de Barcelona participar\u00e0 a la BIO Boston 2012 TO TRANSLATE >>>\"}]},{\"@type\":\"WebSite\",\"@id\":\"https:\\\/\\\/www.pcb.ub.edu\\\/es\\\/#website\",\"url\":\"https:\\\/\\\/www.pcb.ub.edu\\\/es\\\/\",\"name\":\"Parc Cient\u00edfic de Barcelona\",\"description\":\"Universitat de Barcelona\",\"potentialAction\":[{\"@type\":\"SearchAction\",\"target\":{\"@type\":\"EntryPoint\",\"urlTemplate\":\"https:\\\/\\\/www.pcb.ub.edu\\\/es\\\/?s={search_term_string}\"},\"query-input\":{\"@type\":\"PropertyValueSpecification\",\"valueRequired\":true,\"valueName\":\"search_term_string\"}}],\"inLanguage\":\"en-US\"},{\"@type\":\"Person\",\"@id\":\"https:\\\/\\\/www.pcb.ub.edu\\\/es\\\/#\\\/schema\\\/person\\\/d13cab05cd0a75b17fddca8496481021\",\"name\":\"adminpcb\",\"image\":{\"@type\":\"ImageObject\",\"inLanguage\":\"en-US\",\"@id\":\"https:\\\/\\\/secure.gravatar.com\\\/avatar\\\/41ad0fab4bb3bf5348b0af9612159cfd93173a57bbca98fecb50fa6f3ab97d28?s=96&d=mm&r=g\",\"url\":\"https:\\\/\\\/secure.gravatar.com\\\/avatar\\\/41ad0fab4bb3bf5348b0af9612159cfd93173a57bbca98fecb50fa6f3ab97d28?s=96&d=mm&r=g\",\"contentUrl\":\"https:\\\/\\\/secure.gravatar.com\\\/avatar\\\/41ad0fab4bb3bf5348b0af9612159cfd93173a57bbca98fecb50fa6f3ab97d28?s=96&d=mm&r=g\",\"caption\":\"adminpcb\"},\"url\":\"https:\\\/\\\/www.pcb.ub.edu\\\/en\\\/author\\\/adminpcb\\\/\"}]}<\/script>\n<!-- \/ Yoast SEO plugin. -->","yoast_head_json":{"title":"El Parc Cient\u00edfic de Barcelona participar\u00e0 a la BIO Boston 2012 TO TRANSLATE >>> - Parc Cient\u00edfic de Barcelona","robots":{"index":"index","follow":"follow","max-snippet":"max-snippet:-1","max-image-preview":"max-image-preview:large","max-video-preview":"max-video-preview:-1"},"canonical":"https:\/\/www.pcb.ub.edu\/en\/el-parc-cientific-de-barcelona-participara-a-la-bio-boston-2012-to-translate\/","og_locale":"en_US","og_type":"article","og_title":"El Parc Cient\u00edfic de Barcelona participar\u00e0 a la BIO Boston 2012 TO TRANSLATE >>> - Parc Cient\u00edfic de Barcelona","og_description":"Connect, partner and innovate. Amb aquest lema es presenta la vintena edici\u00f3 de la BIO International Convention, del 18 al 21 de juny de 2012, a la ciutat de Boston (Massachussets, Estats Units). La BIO \u00e9s la reuni\u00f3 empresarial internacional m\u00e9s important en l'\u00e0mbit de la biotecnologia. Enguany reunir\u00e0 m\u00e9s de 15.000 delegats de 65 pa\u00efsos, m\u00e9s 900 expositors i 1.800 companyies. La zona d'exposici\u00f3 es complementa amb el Business Forum, on tindran lloc les reunions de partnering, que el 2011 va generar m\u00e9s de 21.000 trobades one-to-one.","og_url":"https:\/\/www.pcb.ub.edu\/en\/el-parc-cientific-de-barcelona-participara-a-la-bio-boston-2012-to-translate\/","og_site_name":"Parc Cient\u00edfic de Barcelona","article_published_time":"2012-05-28T23:00:00+00:00","article_modified_time":"2020-11-18T13:52:22+00:00","author":"adminpcb","twitter_card":"summary_large_image","twitter_misc":{"Written by":"adminpcb","Est. reading time":"1 minute"},"schema":{"@context":"https:\/\/schema.org","@graph":[{"@type":"Article","@id":"https:\/\/www.pcb.ub.edu\/en\/el-parc-cientific-de-barcelona-participara-a-la-bio-boston-2012-to-translate\/#article","isPartOf":{"@id":"https:\/\/www.pcb.ub.edu\/en\/el-parc-cientific-de-barcelona-participara-a-la-bio-boston-2012-to-translate\/"},"author":{"name":"adminpcb","@id":"https:\/\/www.pcb.ub.edu\/es\/#\/schema\/person\/d13cab05cd0a75b17fddca8496481021"},"headline":"El Parc Cient\u00edfic de Barcelona participar\u00e0 a la BIO Boston 2012 TO TRANSLATE >>>","datePublished":"2012-05-28T23:00:00+00:00","dateModified":"2020-11-18T13:52:22+00:00","mainEntityOfPage":{"@id":"https:\/\/www.pcb.ub.edu\/en\/el-parc-cientific-de-barcelona-participara-a-la-bio-boston-2012-to-translate\/"},"wordCount":138,"inLanguage":"en-US"},{"@type":"WebPage","@id":"https:\/\/www.pcb.ub.edu\/en\/el-parc-cientific-de-barcelona-participara-a-la-bio-boston-2012-to-translate\/","url":"https:\/\/www.pcb.ub.edu\/en\/el-parc-cientific-de-barcelona-participara-a-la-bio-boston-2012-to-translate\/","name":"El Parc Cient\u00edfic de Barcelona participar\u00e0 a la BIO Boston 2012 TO TRANSLATE >>> - Parc Cient\u00edfic de Barcelona","isPartOf":{"@id":"https:\/\/www.pcb.ub.edu\/es\/#website"},"datePublished":"2012-05-28T23:00:00+00:00","dateModified":"2020-11-18T13:52:22+00:00","author":{"@id":"https:\/\/www.pcb.ub.edu\/es\/#\/schema\/person\/d13cab05cd0a75b17fddca8496481021"},"breadcrumb":{"@id":"https:\/\/www.pcb.ub.edu\/en\/el-parc-cientific-de-barcelona-participara-a-la-bio-boston-2012-to-translate\/#breadcrumb"},"inLanguage":"en-US","potentialAction":[{"@type":"ReadAction","target":["https:\/\/www.pcb.ub.edu\/en\/el-parc-cientific-de-barcelona-participara-a-la-bio-boston-2012-to-translate\/"]}]},{"@type":"BreadcrumbList","@id":"https:\/\/www.pcb.ub.edu\/en\/el-parc-cientific-de-barcelona-participara-a-la-bio-boston-2012-to-translate\/#breadcrumb","itemListElement":[{"@type":"ListItem","position":1,"name":"Home","item":"https:\/\/www.pcb.ub.edu\/en\/"},{"@type":"ListItem","position":2,"name":"El Parc Cient\u00edfic de Barcelona participar\u00e0 a la BIO Boston 2012 TO TRANSLATE >>>"}]},{"@type":"WebSite","@id":"https:\/\/www.pcb.ub.edu\/es\/#website","url":"https:\/\/www.pcb.ub.edu\/es\/","name":"Parc Cient\u00edfic de Barcelona","description":"Universitat de Barcelona","potentialAction":[{"@type":"SearchAction","target":{"@type":"EntryPoint","urlTemplate":"https:\/\/www.pcb.ub.edu\/es\/?s={search_term_string}"},"query-input":{"@type":"PropertyValueSpecification","valueRequired":true,"valueName":"search_term_string"}}],"inLanguage":"en-US"},{"@type":"Person","@id":"https:\/\/www.pcb.ub.edu\/es\/#\/schema\/person\/d13cab05cd0a75b17fddca8496481021","name":"adminpcb","image":{"@type":"ImageObject","inLanguage":"en-US","@id":"https:\/\/secure.gravatar.com\/avatar\/41ad0fab4bb3bf5348b0af9612159cfd93173a57bbca98fecb50fa6f3ab97d28?s=96&d=mm&r=g","url":"https:\/\/secure.gravatar.com\/avatar\/41ad0fab4bb3bf5348b0af9612159cfd93173a57bbca98fecb50fa6f3ab97d28?s=96&d=mm&r=g","contentUrl":"https:\/\/secure.gravatar.com\/avatar\/41ad0fab4bb3bf5348b0af9612159cfd93173a57bbca98fecb50fa6f3ab97d28?s=96&d=mm&r=g","caption":"adminpcb"},"url":"https:\/\/www.pcb.ub.edu\/en\/author\/adminpcb\/"}]}},"_links":{"self":[{"href":"https:\/\/www.pcb.ub.edu\/en\/wp-json\/wp\/v2\/posts\/47884","targetHints":{"allow":["GET"]}}],"collection":[{"href":"https:\/\/www.pcb.ub.edu\/en\/wp-json\/wp\/v2\/posts"}],"about":[{"href":"https:\/\/www.pcb.ub.edu\/en\/wp-json\/wp\/v2\/types\/post"}],"author":[{"embeddable":true,"href":"https:\/\/www.pcb.ub.edu\/en\/wp-json\/wp\/v2\/users\/1"}],"replies":[{"embeddable":true,"href":"https:\/\/www.pcb.ub.edu\/en\/wp-json\/wp\/v2\/comments?post=47884"}],"version-history":[{"count":1,"href":"https:\/\/www.pcb.ub.edu\/en\/wp-json\/wp\/v2\/posts\/47884\/revisions"}],"predecessor-version":[{"id":52270,"href":"https:\/\/www.pcb.ub.edu\/en\/wp-json\/wp\/v2\/posts\/47884\/revisions\/52270"}],"wp:attachment":[{"href":"https:\/\/www.pcb.ub.edu\/en\/wp-json\/wp\/v2\/media?parent=47884"}],"wp:term":[{"taxonomy":"category","embeddable":true,"href":"https:\/\/www.pcb.ub.edu\/en\/wp-json\/wp\/v2\/categories?post=47884"},{"taxonomy":"post_tag","embeddable":true,"href":"https:\/\/www.pcb.ub.edu\/en\/wp-json\/wp\/v2\/tags?post=47884"}],"curies":[{"name":"wp","href":"https:\/\/api.w.org\/{rel}","templated":true}]}}