{"id":47114,"date":"2004-04-16T00:00:00","date_gmt":"2004-04-15T23:00:00","guid":{"rendered":"http:\/\/www.pcb.ub.edu\/jornades-pcb-les-un-punt-de-trobada-per-a-la-transferencia-de-tecnologiato-translate\/"},"modified":"2020-11-18T14:51:05","modified_gmt":"2020-11-18T13:51:05","slug":"jornades-pcb-les-un-punt-de-trobada-per-a-la-transferencia-de-tecnologiato-translate","status":"publish","type":"post","link":"https:\/\/www.pcb.ub.edu\/en\/jornades-pcb-les-un-punt-de-trobada-per-a-la-transferencia-de-tecnologiato-translate\/","title":{"rendered":"Jornades PCB-LES, un punt de trobada per a la transfer\u00e8ncia de tecnologiaTO TRANSLATE >>>"},"content":{"rendered":"<p>&#8221;<\/p>\n<div class=\"col-sm-6 detall-noticia-imatges\">\n<div class=\"row\">\n<div class=\"item active one-image\">\n\t\t\t\t\t\t<a class=\"icon-search\" href='http:\/\/www.pcb.ub.edu\/wp-content\/uploads\/2020\/11\/1082107816524.jpg'><\/a><br \/>\n\t\t\t\t\t\t<img src='http:\/\/www.pcb.ub.edu\/wp-content\/uploads\/2020\/11\/1082107816524.jpg' \/>\n\t\t\t\t\t<\/div><\/div><\/div>\n<p>\t\t\tA la inauguraci\u00f3, han participat el director general del PCB M\u00e0rius Rubiralta, el director del <a href=\"http:\/\/www.ub.es\/recerca\/fbg.htm\" target=\"_blank\" class=\"email\" rel=\"noopener noreferrer\">Centre d&#8217;Innovaci\u00f3<\/a> de la Fundaci\u00f3 Bosch i Gimpera Anicet Blanch i la vicepresidenta de l&#8217;associaci\u00f3 <a href=\"http:\/\/www.les-europe.org\/spain-portugal\/\" target=\"_blank\" class=\"email\" rel=\"noopener noreferrer\">LES Espa\u00f1a-Portugal<\/a> M. Dolores Conde. A continuaci\u00f3 representants del PCB, del Centre d&#8217;Innovaci\u00f3 i d&#8217;empreses ubicades al mateix Parc exposaran la seva experi\u00e8ncia dins el camp de la creaci\u00f3 d&#8217;empreses de base tecnol\u00f2gica i el funcionament d&#8217;empreses ja consolidades.  <a href=\"http:\/\/www.pcb.ub.es\/homePCB\/docs\/pdf\/activitats\/jornadapcb_les.pdf\" target=\"_blank\" class=\"email\" rel=\"noopener noreferrer\">See programme.<\/a> <\/p>\n","protected":false},"excerpt":{"rendered":"<p>Avui dijous 16 d&#8217;abril t\u00e9 lloc a l&#8217;Aula F\u00e8lix Serratosa la Jornada PCB-LES amb l&#8217;objectiu de proporcionar una punt de trobada per donar a con\u00e8ixer diferents projectes en el camp de la transfer\u00e8ncia de tecnologia i coneixement. Organitzada pel Parc Cient\u00edfic de Barcelona i l&#8217;associaci\u00f3 LES Espa\u00f1a-Portugal, la jornada est\u00e0 dirigida a diferents agents que participen en aquest camp d&#8217;activitat. <\/p>\n","protected":false},"author":1,"featured_media":0,"comment_status":"closed","ping_status":"open","sticky":false,"template":"","format":"standard","meta":{"_acf_changed":false,"inline_featured_image":false,"footnotes":""},"categories":[8],"tags":[],"class_list":["post-47114","post","type-post","status-publish","format-standard","category-uncategorized"],"acf":[],"yoast_head":"<!-- This site is optimized with the Yoast SEO plugin v27.3 - https:\/\/yoast.com\/product\/yoast-seo-wordpress\/ -->\n<title>Jornades PCB-LES, un punt de trobada per a la transfer\u00e8ncia de tecnologiaTO TRANSLATE &gt;&gt;&gt; - Parc Cient\u00edfic de Barcelona<\/title>\n<meta name=\"robots\" content=\"index, follow, max-snippet:-1, max-image-preview:large, max-video-preview:-1\" \/>\n<link rel=\"canonical\" href=\"https:\/\/www.pcb.ub.edu\/en\/jornades-pcb-les-un-punt-de-trobada-per-a-la-transferencia-de-tecnologiato-translate\/\" \/>\n<meta property=\"og:locale\" content=\"en_US\" \/>\n<meta property=\"og:type\" content=\"article\" \/>\n<meta property=\"og:title\" content=\"Jornades PCB-LES, un punt de trobada per a la transfer\u00e8ncia de tecnologiaTO TRANSLATE &gt;&gt;&gt; - Parc Cient\u00edfic de Barcelona\" \/>\n<meta property=\"og:description\" content=\"Avui dijous 16 d&#039;abril t\u00e9 lloc a l&#039;Aula F\u00e8lix Serratosa la Jornada PCB-LES amb l&#039;objectiu de proporcionar una punt de trobada per donar a con\u00e8ixer diferents projectes en el camp de la transfer\u00e8ncia de tecnologia i coneixement. Organitzada pel Parc Cient\u00edfic de Barcelona i l&#039;associaci\u00f3 LES Espa\u00f1a-Portugal, la jornada est\u00e0 dirigida a diferents agents que participen en aquest camp d&#039;activitat.\" \/>\n<meta property=\"og:url\" content=\"https:\/\/www.pcb.ub.edu\/en\/jornades-pcb-les-un-punt-de-trobada-per-a-la-transferencia-de-tecnologiato-translate\/\" \/>\n<meta property=\"og:site_name\" content=\"Parc Cient\u00edfic de Barcelona\" \/>\n<meta property=\"article:published_time\" content=\"2004-04-15T23:00:00+00:00\" \/>\n<meta property=\"article:modified_time\" content=\"2020-11-18T13:51:05+00:00\" \/>\n<meta property=\"og:image\" content=\"http:\/\/www.pcb.ub.edu\/wp-content\/uploads\/2020\/11\/1082107816524.jpg\" \/>\n<meta name=\"author\" content=\"adminpcb\" \/>\n<meta name=\"twitter:card\" content=\"summary_large_image\" \/>\n<meta name=\"twitter:label1\" content=\"Written by\" \/>\n\t<meta name=\"twitter:data1\" content=\"adminpcb\" \/>\n<script type=\"application\/ld+json\" class=\"yoast-schema-graph\">{\"@context\":\"https:\\\/\\\/schema.org\",\"@graph\":[{\"@type\":\"Article\",\"@id\":\"https:\\\/\\\/www.pcb.ub.edu\\\/en\\\/jornades-pcb-les-un-punt-de-trobada-per-a-la-transferencia-de-tecnologiato-translate\\\/#article\",\"isPartOf\":{\"@id\":\"https:\\\/\\\/www.pcb.ub.edu\\\/en\\\/jornades-pcb-les-un-punt-de-trobada-per-a-la-transferencia-de-tecnologiato-translate\\\/\"},\"author\":{\"name\":\"adminpcb\",\"@id\":\"https:\\\/\\\/www.pcb.ub.edu\\\/es\\\/#\\\/schema\\\/person\\\/d13cab05cd0a75b17fddca8496481021\"},\"headline\":\"Jornades PCB-LES, un punt de trobada per a la transfer\u00e8ncia de tecnologiaTO TRANSLATE >>>\",\"datePublished\":\"2004-04-15T23:00:00+00:00\",\"dateModified\":\"2020-11-18T13:51:05+00:00\",\"mainEntityOfPage\":{\"@id\":\"https:\\\/\\\/www.pcb.ub.edu\\\/en\\\/jornades-pcb-les-un-punt-de-trobada-per-a-la-transferencia-de-tecnologiato-translate\\\/\"},\"wordCount\":89,\"image\":{\"@id\":\"https:\\\/\\\/www.pcb.ub.edu\\\/en\\\/jornades-pcb-les-un-punt-de-trobada-per-a-la-transferencia-de-tecnologiato-translate\\\/#primaryimage\"},\"thumbnailUrl\":\"http:\\\/\\\/www.pcb.ub.edu\\\/wp-content\\\/uploads\\\/2020\\\/11\\\/1082107816524.jpg\",\"inLanguage\":\"en-US\"},{\"@type\":\"WebPage\",\"@id\":\"https:\\\/\\\/www.pcb.ub.edu\\\/en\\\/jornades-pcb-les-un-punt-de-trobada-per-a-la-transferencia-de-tecnologiato-translate\\\/\",\"url\":\"https:\\\/\\\/www.pcb.ub.edu\\\/en\\\/jornades-pcb-les-un-punt-de-trobada-per-a-la-transferencia-de-tecnologiato-translate\\\/\",\"name\":\"Jornades PCB-LES, un punt de trobada per a la transfer\u00e8ncia de tecnologiaTO TRANSLATE >>> - Parc Cient\u00edfic de Barcelona\",\"isPartOf\":{\"@id\":\"https:\\\/\\\/www.pcb.ub.edu\\\/es\\\/#website\"},\"primaryImageOfPage\":{\"@id\":\"https:\\\/\\\/www.pcb.ub.edu\\\/en\\\/jornades-pcb-les-un-punt-de-trobada-per-a-la-transferencia-de-tecnologiato-translate\\\/#primaryimage\"},\"image\":{\"@id\":\"https:\\\/\\\/www.pcb.ub.edu\\\/en\\\/jornades-pcb-les-un-punt-de-trobada-per-a-la-transferencia-de-tecnologiato-translate\\\/#primaryimage\"},\"thumbnailUrl\":\"http:\\\/\\\/www.pcb.ub.edu\\\/wp-content\\\/uploads\\\/2020\\\/11\\\/1082107816524.jpg\",\"datePublished\":\"2004-04-15T23:00:00+00:00\",\"dateModified\":\"2020-11-18T13:51:05+00:00\",\"author\":{\"@id\":\"https:\\\/\\\/www.pcb.ub.edu\\\/es\\\/#\\\/schema\\\/person\\\/d13cab05cd0a75b17fddca8496481021\"},\"breadcrumb\":{\"@id\":\"https:\\\/\\\/www.pcb.ub.edu\\\/en\\\/jornades-pcb-les-un-punt-de-trobada-per-a-la-transferencia-de-tecnologiato-translate\\\/#breadcrumb\"},\"inLanguage\":\"en-US\",\"potentialAction\":[{\"@type\":\"ReadAction\",\"target\":[\"https:\\\/\\\/www.pcb.ub.edu\\\/en\\\/jornades-pcb-les-un-punt-de-trobada-per-a-la-transferencia-de-tecnologiato-translate\\\/\"]}]},{\"@type\":\"ImageObject\",\"inLanguage\":\"en-US\",\"@id\":\"https:\\\/\\\/www.pcb.ub.edu\\\/en\\\/jornades-pcb-les-un-punt-de-trobada-per-a-la-transferencia-de-tecnologiato-translate\\\/#primaryimage\",\"url\":\"http:\\\/\\\/www.pcb.ub.edu\\\/wp-content\\\/uploads\\\/2020\\\/11\\\/1082107816524.jpg\",\"contentUrl\":\"http:\\\/\\\/www.pcb.ub.edu\\\/wp-content\\\/uploads\\\/2020\\\/11\\\/1082107816524.jpg\"},{\"@type\":\"BreadcrumbList\",\"@id\":\"https:\\\/\\\/www.pcb.ub.edu\\\/en\\\/jornades-pcb-les-un-punt-de-trobada-per-a-la-transferencia-de-tecnologiato-translate\\\/#breadcrumb\",\"itemListElement\":[{\"@type\":\"ListItem\",\"position\":1,\"name\":\"Home\",\"item\":\"https:\\\/\\\/www.pcb.ub.edu\\\/en\\\/\"},{\"@type\":\"ListItem\",\"position\":2,\"name\":\"Jornades PCB-LES, un punt de trobada per a la transfer\u00e8ncia de tecnologiaTO TRANSLATE >>>\"}]},{\"@type\":\"WebSite\",\"@id\":\"https:\\\/\\\/www.pcb.ub.edu\\\/es\\\/#website\",\"url\":\"https:\\\/\\\/www.pcb.ub.edu\\\/es\\\/\",\"name\":\"Parc Cient\u00edfic de Barcelona\",\"description\":\"Universitat de Barcelona\",\"potentialAction\":[{\"@type\":\"SearchAction\",\"target\":{\"@type\":\"EntryPoint\",\"urlTemplate\":\"https:\\\/\\\/www.pcb.ub.edu\\\/es\\\/?s={search_term_string}\"},\"query-input\":{\"@type\":\"PropertyValueSpecification\",\"valueRequired\":true,\"valueName\":\"search_term_string\"}}],\"inLanguage\":\"en-US\"},{\"@type\":\"Person\",\"@id\":\"https:\\\/\\\/www.pcb.ub.edu\\\/es\\\/#\\\/schema\\\/person\\\/d13cab05cd0a75b17fddca8496481021\",\"name\":\"adminpcb\",\"image\":{\"@type\":\"ImageObject\",\"inLanguage\":\"en-US\",\"@id\":\"https:\\\/\\\/secure.gravatar.com\\\/avatar\\\/41ad0fab4bb3bf5348b0af9612159cfd93173a57bbca98fecb50fa6f3ab97d28?s=96&d=mm&r=g\",\"url\":\"https:\\\/\\\/secure.gravatar.com\\\/avatar\\\/41ad0fab4bb3bf5348b0af9612159cfd93173a57bbca98fecb50fa6f3ab97d28?s=96&d=mm&r=g\",\"contentUrl\":\"https:\\\/\\\/secure.gravatar.com\\\/avatar\\\/41ad0fab4bb3bf5348b0af9612159cfd93173a57bbca98fecb50fa6f3ab97d28?s=96&d=mm&r=g\",\"caption\":\"adminpcb\"},\"url\":\"https:\\\/\\\/www.pcb.ub.edu\\\/en\\\/author\\\/adminpcb\\\/\"}]}<\/script>\n<!-- \/ Yoast SEO plugin. -->","yoast_head_json":{"title":"Jornades PCB-LES, un punt de trobada per a la transfer\u00e8ncia de tecnologiaTO TRANSLATE >>> - Parc Cient\u00edfic de Barcelona","robots":{"index":"index","follow":"follow","max-snippet":"max-snippet:-1","max-image-preview":"max-image-preview:large","max-video-preview":"max-video-preview:-1"},"canonical":"https:\/\/www.pcb.ub.edu\/en\/jornades-pcb-les-un-punt-de-trobada-per-a-la-transferencia-de-tecnologiato-translate\/","og_locale":"en_US","og_type":"article","og_title":"Jornades PCB-LES, un punt de trobada per a la transfer\u00e8ncia de tecnologiaTO TRANSLATE >>> - Parc Cient\u00edfic de Barcelona","og_description":"Avui dijous 16 d'abril t\u00e9 lloc a l'Aula F\u00e8lix Serratosa la Jornada PCB-LES amb l'objectiu de proporcionar una punt de trobada per donar a con\u00e8ixer diferents projectes en el camp de la transfer\u00e8ncia de tecnologia i coneixement. Organitzada pel Parc Cient\u00edfic de Barcelona i l'associaci\u00f3 LES Espa\u00f1a-Portugal, la jornada est\u00e0 dirigida a diferents agents que participen en aquest camp d'activitat.","og_url":"https:\/\/www.pcb.ub.edu\/en\/jornades-pcb-les-un-punt-de-trobada-per-a-la-transferencia-de-tecnologiato-translate\/","og_site_name":"Parc Cient\u00edfic de Barcelona","article_published_time":"2004-04-15T23:00:00+00:00","article_modified_time":"2020-11-18T13:51:05+00:00","og_image":[{"url":"http:\/\/www.pcb.ub.edu\/wp-content\/uploads\/2020\/11\/1082107816524.jpg","type":"","width":"","height":""}],"author":"adminpcb","twitter_card":"summary_large_image","twitter_misc":{"Written by":"adminpcb"},"schema":{"@context":"https:\/\/schema.org","@graph":[{"@type":"Article","@id":"https:\/\/www.pcb.ub.edu\/en\/jornades-pcb-les-un-punt-de-trobada-per-a-la-transferencia-de-tecnologiato-translate\/#article","isPartOf":{"@id":"https:\/\/www.pcb.ub.edu\/en\/jornades-pcb-les-un-punt-de-trobada-per-a-la-transferencia-de-tecnologiato-translate\/"},"author":{"name":"adminpcb","@id":"https:\/\/www.pcb.ub.edu\/es\/#\/schema\/person\/d13cab05cd0a75b17fddca8496481021"},"headline":"Jornades PCB-LES, un punt de trobada per a la transfer\u00e8ncia de tecnologiaTO TRANSLATE >>>","datePublished":"2004-04-15T23:00:00+00:00","dateModified":"2020-11-18T13:51:05+00:00","mainEntityOfPage":{"@id":"https:\/\/www.pcb.ub.edu\/en\/jornades-pcb-les-un-punt-de-trobada-per-a-la-transferencia-de-tecnologiato-translate\/"},"wordCount":89,"image":{"@id":"https:\/\/www.pcb.ub.edu\/en\/jornades-pcb-les-un-punt-de-trobada-per-a-la-transferencia-de-tecnologiato-translate\/#primaryimage"},"thumbnailUrl":"http:\/\/www.pcb.ub.edu\/wp-content\/uploads\/2020\/11\/1082107816524.jpg","inLanguage":"en-US"},{"@type":"WebPage","@id":"https:\/\/www.pcb.ub.edu\/en\/jornades-pcb-les-un-punt-de-trobada-per-a-la-transferencia-de-tecnologiato-translate\/","url":"https:\/\/www.pcb.ub.edu\/en\/jornades-pcb-les-un-punt-de-trobada-per-a-la-transferencia-de-tecnologiato-translate\/","name":"Jornades PCB-LES, un punt de trobada per a la transfer\u00e8ncia de tecnologiaTO TRANSLATE >>> - Parc Cient\u00edfic de Barcelona","isPartOf":{"@id":"https:\/\/www.pcb.ub.edu\/es\/#website"},"primaryImageOfPage":{"@id":"https:\/\/www.pcb.ub.edu\/en\/jornades-pcb-les-un-punt-de-trobada-per-a-la-transferencia-de-tecnologiato-translate\/#primaryimage"},"image":{"@id":"https:\/\/www.pcb.ub.edu\/en\/jornades-pcb-les-un-punt-de-trobada-per-a-la-transferencia-de-tecnologiato-translate\/#primaryimage"},"thumbnailUrl":"http:\/\/www.pcb.ub.edu\/wp-content\/uploads\/2020\/11\/1082107816524.jpg","datePublished":"2004-04-15T23:00:00+00:00","dateModified":"2020-11-18T13:51:05+00:00","author":{"@id":"https:\/\/www.pcb.ub.edu\/es\/#\/schema\/person\/d13cab05cd0a75b17fddca8496481021"},"breadcrumb":{"@id":"https:\/\/www.pcb.ub.edu\/en\/jornades-pcb-les-un-punt-de-trobada-per-a-la-transferencia-de-tecnologiato-translate\/#breadcrumb"},"inLanguage":"en-US","potentialAction":[{"@type":"ReadAction","target":["https:\/\/www.pcb.ub.edu\/en\/jornades-pcb-les-un-punt-de-trobada-per-a-la-transferencia-de-tecnologiato-translate\/"]}]},{"@type":"ImageObject","inLanguage":"en-US","@id":"https:\/\/www.pcb.ub.edu\/en\/jornades-pcb-les-un-punt-de-trobada-per-a-la-transferencia-de-tecnologiato-translate\/#primaryimage","url":"http:\/\/www.pcb.ub.edu\/wp-content\/uploads\/2020\/11\/1082107816524.jpg","contentUrl":"http:\/\/www.pcb.ub.edu\/wp-content\/uploads\/2020\/11\/1082107816524.jpg"},{"@type":"BreadcrumbList","@id":"https:\/\/www.pcb.ub.edu\/en\/jornades-pcb-les-un-punt-de-trobada-per-a-la-transferencia-de-tecnologiato-translate\/#breadcrumb","itemListElement":[{"@type":"ListItem","position":1,"name":"Home","item":"https:\/\/www.pcb.ub.edu\/en\/"},{"@type":"ListItem","position":2,"name":"Jornades PCB-LES, un punt de trobada per a la transfer\u00e8ncia de tecnologiaTO TRANSLATE >>>"}]},{"@type":"WebSite","@id":"https:\/\/www.pcb.ub.edu\/es\/#website","url":"https:\/\/www.pcb.ub.edu\/es\/","name":"Parc Cient\u00edfic de Barcelona","description":"Universitat de Barcelona","potentialAction":[{"@type":"SearchAction","target":{"@type":"EntryPoint","urlTemplate":"https:\/\/www.pcb.ub.edu\/es\/?s={search_term_string}"},"query-input":{"@type":"PropertyValueSpecification","valueRequired":true,"valueName":"search_term_string"}}],"inLanguage":"en-US"},{"@type":"Person","@id":"https:\/\/www.pcb.ub.edu\/es\/#\/schema\/person\/d13cab05cd0a75b17fddca8496481021","name":"adminpcb","image":{"@type":"ImageObject","inLanguage":"en-US","@id":"https:\/\/secure.gravatar.com\/avatar\/41ad0fab4bb3bf5348b0af9612159cfd93173a57bbca98fecb50fa6f3ab97d28?s=96&d=mm&r=g","url":"https:\/\/secure.gravatar.com\/avatar\/41ad0fab4bb3bf5348b0af9612159cfd93173a57bbca98fecb50fa6f3ab97d28?s=96&d=mm&r=g","contentUrl":"https:\/\/secure.gravatar.com\/avatar\/41ad0fab4bb3bf5348b0af9612159cfd93173a57bbca98fecb50fa6f3ab97d28?s=96&d=mm&r=g","caption":"adminpcb"},"url":"https:\/\/www.pcb.ub.edu\/en\/author\/adminpcb\/"}]}},"_links":{"self":[{"href":"https:\/\/www.pcb.ub.edu\/en\/wp-json\/wp\/v2\/posts\/47114","targetHints":{"allow":["GET"]}}],"collection":[{"href":"https:\/\/www.pcb.ub.edu\/en\/wp-json\/wp\/v2\/posts"}],"about":[{"href":"https:\/\/www.pcb.ub.edu\/en\/wp-json\/wp\/v2\/types\/post"}],"author":[{"embeddable":true,"href":"https:\/\/www.pcb.ub.edu\/en\/wp-json\/wp\/v2\/users\/1"}],"replies":[{"embeddable":true,"href":"https:\/\/www.pcb.ub.edu\/en\/wp-json\/wp\/v2\/comments?post=47114"}],"version-history":[{"count":1,"href":"https:\/\/www.pcb.ub.edu\/en\/wp-json\/wp\/v2\/posts\/47114\/revisions"}],"predecessor-version":[{"id":51954,"href":"https:\/\/www.pcb.ub.edu\/en\/wp-json\/wp\/v2\/posts\/47114\/revisions\/51954"}],"wp:attachment":[{"href":"https:\/\/www.pcb.ub.edu\/en\/wp-json\/wp\/v2\/media?parent=47114"}],"wp:term":[{"taxonomy":"category","embeddable":true,"href":"https:\/\/www.pcb.ub.edu\/en\/wp-json\/wp\/v2\/categories?post=47114"},{"taxonomy":"post_tag","embeddable":true,"href":"https:\/\/www.pcb.ub.edu\/en\/wp-json\/wp\/v2\/tags?post=47114"}],"curies":[{"name":"wp","href":"https:\/\/api.w.org\/{rel}","templated":true}]}}