{"id":46950,"date":"2011-01-10T00:00:00","date_gmt":"2011-01-09T23:00:00","guid":{"rendered":"http:\/\/www.pcb.ub.edu\/privacy-and-confidentiality-the-protection-of-health-related-data-theme-of-the-iv-seminar-of-the-unesco-chair-of-bioethics-at-the-ub\/"},"modified":"2020-11-18T14:50:49","modified_gmt":"2020-11-18T13:50:49","slug":"privacy-and-confidentiality-the-protection-of-health-related-data-theme-of-the-iv-seminar-of-the-unesco-chair-of-bioethics-at-the-ub","status":"publish","type":"post","link":"https:\/\/www.pcb.ub.edu\/en\/privacy-and-confidentiality-the-protection-of-health-related-data-theme-of-the-iv-seminar-of-the-unesco-chair-of-bioethics-at-the-ub\/","title":{"rendered":"&#8220;Privacy and Confidentiality: the protection of health-related data&#8221;, theme of the IV Seminar of the UNESCO Chair of Bioethics at the UB"},"content":{"rendered":"<p>&#8221;<\/p>\n<div class=\"col-sm-6 detall-noticia-imatges\">\n<div class=\"row\">\n<div class=\"item active one-image\">\n\t\t\t\t\t\t<a class=\"icon-search\" href='http:\/\/www.pcb.ub.edu\/wp-content\/uploads\/2020\/11\/1294660559258.jpg'><\/a><br \/>\n\t\t\t\t\t\t<img src='http:\/\/www.pcb.ub.edu\/wp-content\/uploads\/2020\/11\/1294660559258.jpg' \/>\n\t\t\t\t\t<\/div><\/div><\/div>\n<p>\t\t\tThis seminar\u2013 which has been organised with the support of the Catalan Agency of Data Protection-will host the presence of internationally renowned speakers such as Ruth Macklin, professor of Bioethics of the Public Health Department of the  Albert Einstein College School of Medicine of New York, and Patricia Kosseim, General Counsel of Legal Services, Policy and Parliamentary Affairs of the Office of the Privacy Commissioner of Canada. The gathering will also feature two round tables: &#8220;Shared Medical Record and Confidentiality&#8221; and &#8220;Biological samples of a human origin and protection of personal data&#8221;, that will benefit from the participation of different national and international experts of the academic, healthcare and institutional worlds.  <\/p>\n<p> The opening event will be conducted by D\u00eddac Ram\u00edrez, rector of the UB; Mar\u00eda Casado, holder of the UNESCO Chair in Bioethics and director of the <a href=\"http:\/\/www.pcb.ub.es\/homePCB\/live\/en\/p693.asp\" class=\"email\">Observatory on Bioethics and Law<\/a> (UB-PCB); and Esther Mitjans, director of the <a href=\"http:\/\/www.apdcat.net\/en\" class=\"email\"> Catalan Data Protection Authority<\/a>. <\/p>\n<p> The mission of the UNESCO Chair of Bioethics of the UB, created in 2007, is to promote an integrated system of activities covering research, training and spreading ideas in the field of Bioethics with the aim of facilitating collaboration between renowned highly qualified researchers and universities and higher education institutions in Europe and in America in addition to other areas of the world. Another important objective of the Chair is to convey the experience acquired at the core of the Bioethics and Law Observatory to developing countries in the fields of research, academic teaching and knowledge dissemination. <\/p>\n<p> The UNESCO Chair of Bioethics of the UB is the first to be granted to a Spanish university in this field and the seventh worldwide and represents an international recognition both to the professional career of Dr Mar\u00eda Casado as well as to the work conducted at the Observatory in Bioethics and Law UB at the Barcelona Science Park in the research and transfer of knowledge surrounding ethical, social and legal implications of biotechnology and biomedicine.  <\/p>\n<p> The deadline for registration is now closed as full capacity has been reached.  <\/p>\n<p> <a href=\"http:\/\/www.apdcat.net\/media\/2437.pdf\" class=\"email\">Please click for a full programme<\/a> <\/p>\n","protected":false},"excerpt":{"rendered":"<p>On the 21st of January, the Barcelona Science Park (PCB) will  host at the Antoni Caparros Conference Hall the  IV International Seminar of the <a href=\"http:\/\/www.pcb.ub.es\/bioeticaidret\/index.php?option=com_content&amp;task=view&amp;id=273&amp;Itemid=125&amp;lang=en_UK\" class=\"email\">C\u00e0tedra UNESCO de Bio\u00e8tica de la Universitat de Barcelona <\/a> (UB) under the title &#8220;Privacy and Confidentiality: the protection of health-related data&#8221;. This year, the  forum \u2013which is held annually with the aim of promoting the &#8220;<a href=\"http:\/\/portal.unesco.org\/en\/ev.php-URL_ID=31058&amp;URL_DO=DO_TOPIC&amp;URL_SECTION=201.html\" class=\"email\">Universal Declaration of Bioethics and Human Rights&#8221;<\/a>&#8220;of the UNESCO\u2013will focus on fostering a culture sensitive to the protection of the confidentiality of computerized medical records as well as the necessary confidentiality of the doctor-patient relationship. <\/p>\n","protected":false},"author":1,"featured_media":0,"comment_status":"closed","ping_status":"open","sticky":false,"template":"","format":"standard","meta":{"_acf_changed":false,"inline_featured_image":false,"footnotes":""},"categories":[8],"tags":[],"class_list":["post-46950","post","type-post","status-publish","format-standard","category-uncategorized"],"acf":[],"yoast_head":"<!-- This site is optimized with the Yoast SEO plugin v27.3 - https:\/\/yoast.com\/product\/yoast-seo-wordpress\/ -->\n<title>&quot;Privacy and Confidentiality: the protection of health-related data&quot;, theme of the IV Seminar of the UNESCO Chair of Bioethics at the UB - Parc Cient\u00edfic de Barcelona<\/title>\n<meta name=\"robots\" content=\"index, follow, max-snippet:-1, max-image-preview:large, max-video-preview:-1\" \/>\n<link rel=\"canonical\" href=\"https:\/\/www.pcb.ub.edu\/en\/privacy-and-confidentiality-the-protection-of-health-related-data-theme-of-the-iv-seminar-of-the-unesco-chair-of-bioethics-at-the-ub\/\" \/>\n<meta property=\"og:locale\" content=\"en_US\" \/>\n<meta property=\"og:type\" content=\"article\" \/>\n<meta property=\"og:title\" content=\"&quot;Privacy and Confidentiality: the protection of health-related data&quot;, theme of the IV Seminar of the UNESCO Chair of Bioethics at the UB - Parc Cient\u00edfic de Barcelona\" \/>\n<meta property=\"og:description\" content=\"On the 21st of January, the Barcelona Science Park (PCB) will host at the Antoni Caparros Conference Hall the IV International Seminar of the C\u00e0tedra UNESCO de Bio\u00e8tica de la Universitat de Barcelona (UB) under the title &quot;Privacy and Confidentiality: the protection of health-related data&quot;. This year, the forum \u2013which is held annually with the aim of promoting the &quot;Universal Declaration of Bioethics and Human Rights&quot;&quot;of the UNESCO\u2013will focus on fostering a culture sensitive to the protection of the confidentiality of computerized medical records as well as the necessary confidentiality of the doctor-patient relationship.\" \/>\n<meta property=\"og:url\" content=\"https:\/\/www.pcb.ub.edu\/en\/privacy-and-confidentiality-the-protection-of-health-related-data-theme-of-the-iv-seminar-of-the-unesco-chair-of-bioethics-at-the-ub\/\" \/>\n<meta property=\"og:site_name\" content=\"Parc Cient\u00edfic de Barcelona\" \/>\n<meta property=\"article:published_time\" content=\"2011-01-09T23:00:00+00:00\" \/>\n<meta property=\"article:modified_time\" content=\"2020-11-18T13:50:49+00:00\" \/>\n<meta property=\"og:image\" content=\"http:\/\/www.pcb.ub.edu\/wp-content\/uploads\/2020\/11\/1294660559258.jpg\" \/>\n<meta name=\"author\" content=\"adminpcb\" \/>\n<meta name=\"twitter:card\" content=\"summary_large_image\" \/>\n<meta name=\"twitter:label1\" content=\"Written by\" \/>\n\t<meta name=\"twitter:data1\" content=\"adminpcb\" \/>\n\t<meta name=\"twitter:label2\" content=\"Est. reading time\" \/>\n\t<meta name=\"twitter:data2\" content=\"2 minutes\" \/>\n<script type=\"application\/ld+json\" class=\"yoast-schema-graph\">{\"@context\":\"https:\\\/\\\/schema.org\",\"@graph\":[{\"@type\":\"Article\",\"@id\":\"https:\\\/\\\/www.pcb.ub.edu\\\/en\\\/privacy-and-confidentiality-the-protection-of-health-related-data-theme-of-the-iv-seminar-of-the-unesco-chair-of-bioethics-at-the-ub\\\/#article\",\"isPartOf\":{\"@id\":\"https:\\\/\\\/www.pcb.ub.edu\\\/en\\\/privacy-and-confidentiality-the-protection-of-health-related-data-theme-of-the-iv-seminar-of-the-unesco-chair-of-bioethics-at-the-ub\\\/\"},\"author\":{\"name\":\"adminpcb\",\"@id\":\"https:\\\/\\\/www.pcb.ub.edu\\\/es\\\/#\\\/schema\\\/person\\\/d13cab05cd0a75b17fddca8496481021\"},\"headline\":\"&#8220;Privacy and Confidentiality: the protection of health-related data&#8221;, theme of the IV Seminar of the UNESCO Chair of Bioethics at the UB\",\"datePublished\":\"2011-01-09T23:00:00+00:00\",\"dateModified\":\"2020-11-18T13:50:49+00:00\",\"mainEntityOfPage\":{\"@id\":\"https:\\\/\\\/www.pcb.ub.edu\\\/en\\\/privacy-and-confidentiality-the-protection-of-health-related-data-theme-of-the-iv-seminar-of-the-unesco-chair-of-bioethics-at-the-ub\\\/\"},\"wordCount\":370,\"image\":{\"@id\":\"https:\\\/\\\/www.pcb.ub.edu\\\/en\\\/privacy-and-confidentiality-the-protection-of-health-related-data-theme-of-the-iv-seminar-of-the-unesco-chair-of-bioethics-at-the-ub\\\/#primaryimage\"},\"thumbnailUrl\":\"http:\\\/\\\/www.pcb.ub.edu\\\/wp-content\\\/uploads\\\/2020\\\/11\\\/1294660559258.jpg\",\"inLanguage\":\"en-US\"},{\"@type\":\"WebPage\",\"@id\":\"https:\\\/\\\/www.pcb.ub.edu\\\/en\\\/privacy-and-confidentiality-the-protection-of-health-related-data-theme-of-the-iv-seminar-of-the-unesco-chair-of-bioethics-at-the-ub\\\/\",\"url\":\"https:\\\/\\\/www.pcb.ub.edu\\\/en\\\/privacy-and-confidentiality-the-protection-of-health-related-data-theme-of-the-iv-seminar-of-the-unesco-chair-of-bioethics-at-the-ub\\\/\",\"name\":\"\\\"Privacy and Confidentiality: the protection of health-related data\\\", theme of the IV Seminar of the UNESCO Chair of Bioethics at the UB - Parc Cient\u00edfic de Barcelona\",\"isPartOf\":{\"@id\":\"https:\\\/\\\/www.pcb.ub.edu\\\/es\\\/#website\"},\"primaryImageOfPage\":{\"@id\":\"https:\\\/\\\/www.pcb.ub.edu\\\/en\\\/privacy-and-confidentiality-the-protection-of-health-related-data-theme-of-the-iv-seminar-of-the-unesco-chair-of-bioethics-at-the-ub\\\/#primaryimage\"},\"image\":{\"@id\":\"https:\\\/\\\/www.pcb.ub.edu\\\/en\\\/privacy-and-confidentiality-the-protection-of-health-related-data-theme-of-the-iv-seminar-of-the-unesco-chair-of-bioethics-at-the-ub\\\/#primaryimage\"},\"thumbnailUrl\":\"http:\\\/\\\/www.pcb.ub.edu\\\/wp-content\\\/uploads\\\/2020\\\/11\\\/1294660559258.jpg\",\"datePublished\":\"2011-01-09T23:00:00+00:00\",\"dateModified\":\"2020-11-18T13:50:49+00:00\",\"author\":{\"@id\":\"https:\\\/\\\/www.pcb.ub.edu\\\/es\\\/#\\\/schema\\\/person\\\/d13cab05cd0a75b17fddca8496481021\"},\"breadcrumb\":{\"@id\":\"https:\\\/\\\/www.pcb.ub.edu\\\/en\\\/privacy-and-confidentiality-the-protection-of-health-related-data-theme-of-the-iv-seminar-of-the-unesco-chair-of-bioethics-at-the-ub\\\/#breadcrumb\"},\"inLanguage\":\"en-US\",\"potentialAction\":[{\"@type\":\"ReadAction\",\"target\":[\"https:\\\/\\\/www.pcb.ub.edu\\\/en\\\/privacy-and-confidentiality-the-protection-of-health-related-data-theme-of-the-iv-seminar-of-the-unesco-chair-of-bioethics-at-the-ub\\\/\"]}]},{\"@type\":\"ImageObject\",\"inLanguage\":\"en-US\",\"@id\":\"https:\\\/\\\/www.pcb.ub.edu\\\/en\\\/privacy-and-confidentiality-the-protection-of-health-related-data-theme-of-the-iv-seminar-of-the-unesco-chair-of-bioethics-at-the-ub\\\/#primaryimage\",\"url\":\"http:\\\/\\\/www.pcb.ub.edu\\\/wp-content\\\/uploads\\\/2020\\\/11\\\/1294660559258.jpg\",\"contentUrl\":\"http:\\\/\\\/www.pcb.ub.edu\\\/wp-content\\\/uploads\\\/2020\\\/11\\\/1294660559258.jpg\"},{\"@type\":\"BreadcrumbList\",\"@id\":\"https:\\\/\\\/www.pcb.ub.edu\\\/en\\\/privacy-and-confidentiality-the-protection-of-health-related-data-theme-of-the-iv-seminar-of-the-unesco-chair-of-bioethics-at-the-ub\\\/#breadcrumb\",\"itemListElement\":[{\"@type\":\"ListItem\",\"position\":1,\"name\":\"Home\",\"item\":\"https:\\\/\\\/www.pcb.ub.edu\\\/en\\\/\"},{\"@type\":\"ListItem\",\"position\":2,\"name\":\"&#8220;Privacy and Confidentiality: the protection of health-related data&#8221;, theme of the IV Seminar of the UNESCO Chair of Bioethics at the UB\"}]},{\"@type\":\"WebSite\",\"@id\":\"https:\\\/\\\/www.pcb.ub.edu\\\/es\\\/#website\",\"url\":\"https:\\\/\\\/www.pcb.ub.edu\\\/es\\\/\",\"name\":\"Parc Cient\u00edfic de Barcelona\",\"description\":\"Universitat de Barcelona\",\"potentialAction\":[{\"@type\":\"SearchAction\",\"target\":{\"@type\":\"EntryPoint\",\"urlTemplate\":\"https:\\\/\\\/www.pcb.ub.edu\\\/es\\\/?s={search_term_string}\"},\"query-input\":{\"@type\":\"PropertyValueSpecification\",\"valueRequired\":true,\"valueName\":\"search_term_string\"}}],\"inLanguage\":\"en-US\"},{\"@type\":\"Person\",\"@id\":\"https:\\\/\\\/www.pcb.ub.edu\\\/es\\\/#\\\/schema\\\/person\\\/d13cab05cd0a75b17fddca8496481021\",\"name\":\"adminpcb\",\"image\":{\"@type\":\"ImageObject\",\"inLanguage\":\"en-US\",\"@id\":\"https:\\\/\\\/secure.gravatar.com\\\/avatar\\\/41ad0fab4bb3bf5348b0af9612159cfd93173a57bbca98fecb50fa6f3ab97d28?s=96&d=mm&r=g\",\"url\":\"https:\\\/\\\/secure.gravatar.com\\\/avatar\\\/41ad0fab4bb3bf5348b0af9612159cfd93173a57bbca98fecb50fa6f3ab97d28?s=96&d=mm&r=g\",\"contentUrl\":\"https:\\\/\\\/secure.gravatar.com\\\/avatar\\\/41ad0fab4bb3bf5348b0af9612159cfd93173a57bbca98fecb50fa6f3ab97d28?s=96&d=mm&r=g\",\"caption\":\"adminpcb\"},\"url\":\"https:\\\/\\\/www.pcb.ub.edu\\\/en\\\/author\\\/adminpcb\\\/\"}]}<\/script>\n<!-- \/ Yoast SEO plugin. -->","yoast_head_json":{"title":"\"Privacy and Confidentiality: the protection of health-related data\", theme of the IV Seminar of the UNESCO Chair of Bioethics at the UB - Parc Cient\u00edfic de Barcelona","robots":{"index":"index","follow":"follow","max-snippet":"max-snippet:-1","max-image-preview":"max-image-preview:large","max-video-preview":"max-video-preview:-1"},"canonical":"https:\/\/www.pcb.ub.edu\/en\/privacy-and-confidentiality-the-protection-of-health-related-data-theme-of-the-iv-seminar-of-the-unesco-chair-of-bioethics-at-the-ub\/","og_locale":"en_US","og_type":"article","og_title":"\"Privacy and Confidentiality: the protection of health-related data\", theme of the IV Seminar of the UNESCO Chair of Bioethics at the UB - Parc Cient\u00edfic de Barcelona","og_description":"On the 21st of January, the Barcelona Science Park (PCB) will host at the Antoni Caparros Conference Hall the IV International Seminar of the C\u00e0tedra UNESCO de Bio\u00e8tica de la Universitat de Barcelona (UB) under the title \"Privacy and Confidentiality: the protection of health-related data\". This year, the forum \u2013which is held annually with the aim of promoting the \"Universal Declaration of Bioethics and Human Rights\"\"of the UNESCO\u2013will focus on fostering a culture sensitive to the protection of the confidentiality of computerized medical records as well as the necessary confidentiality of the doctor-patient relationship.","og_url":"https:\/\/www.pcb.ub.edu\/en\/privacy-and-confidentiality-the-protection-of-health-related-data-theme-of-the-iv-seminar-of-the-unesco-chair-of-bioethics-at-the-ub\/","og_site_name":"Parc Cient\u00edfic de Barcelona","article_published_time":"2011-01-09T23:00:00+00:00","article_modified_time":"2020-11-18T13:50:49+00:00","og_image":[{"url":"http:\/\/www.pcb.ub.edu\/wp-content\/uploads\/2020\/11\/1294660559258.jpg","type":"","width":"","height":""}],"author":"adminpcb","twitter_card":"summary_large_image","twitter_misc":{"Written by":"adminpcb","Est. reading time":"2 minutes"},"schema":{"@context":"https:\/\/schema.org","@graph":[{"@type":"Article","@id":"https:\/\/www.pcb.ub.edu\/en\/privacy-and-confidentiality-the-protection-of-health-related-data-theme-of-the-iv-seminar-of-the-unesco-chair-of-bioethics-at-the-ub\/#article","isPartOf":{"@id":"https:\/\/www.pcb.ub.edu\/en\/privacy-and-confidentiality-the-protection-of-health-related-data-theme-of-the-iv-seminar-of-the-unesco-chair-of-bioethics-at-the-ub\/"},"author":{"name":"adminpcb","@id":"https:\/\/www.pcb.ub.edu\/es\/#\/schema\/person\/d13cab05cd0a75b17fddca8496481021"},"headline":"&#8220;Privacy and Confidentiality: the protection of health-related data&#8221;, theme of the IV Seminar of the UNESCO Chair of Bioethics at the UB","datePublished":"2011-01-09T23:00:00+00:00","dateModified":"2020-11-18T13:50:49+00:00","mainEntityOfPage":{"@id":"https:\/\/www.pcb.ub.edu\/en\/privacy-and-confidentiality-the-protection-of-health-related-data-theme-of-the-iv-seminar-of-the-unesco-chair-of-bioethics-at-the-ub\/"},"wordCount":370,"image":{"@id":"https:\/\/www.pcb.ub.edu\/en\/privacy-and-confidentiality-the-protection-of-health-related-data-theme-of-the-iv-seminar-of-the-unesco-chair-of-bioethics-at-the-ub\/#primaryimage"},"thumbnailUrl":"http:\/\/www.pcb.ub.edu\/wp-content\/uploads\/2020\/11\/1294660559258.jpg","inLanguage":"en-US"},{"@type":"WebPage","@id":"https:\/\/www.pcb.ub.edu\/en\/privacy-and-confidentiality-the-protection-of-health-related-data-theme-of-the-iv-seminar-of-the-unesco-chair-of-bioethics-at-the-ub\/","url":"https:\/\/www.pcb.ub.edu\/en\/privacy-and-confidentiality-the-protection-of-health-related-data-theme-of-the-iv-seminar-of-the-unesco-chair-of-bioethics-at-the-ub\/","name":"\"Privacy and Confidentiality: the protection of health-related data\", theme of the IV Seminar of the UNESCO Chair of Bioethics at the UB - Parc Cient\u00edfic de Barcelona","isPartOf":{"@id":"https:\/\/www.pcb.ub.edu\/es\/#website"},"primaryImageOfPage":{"@id":"https:\/\/www.pcb.ub.edu\/en\/privacy-and-confidentiality-the-protection-of-health-related-data-theme-of-the-iv-seminar-of-the-unesco-chair-of-bioethics-at-the-ub\/#primaryimage"},"image":{"@id":"https:\/\/www.pcb.ub.edu\/en\/privacy-and-confidentiality-the-protection-of-health-related-data-theme-of-the-iv-seminar-of-the-unesco-chair-of-bioethics-at-the-ub\/#primaryimage"},"thumbnailUrl":"http:\/\/www.pcb.ub.edu\/wp-content\/uploads\/2020\/11\/1294660559258.jpg","datePublished":"2011-01-09T23:00:00+00:00","dateModified":"2020-11-18T13:50:49+00:00","author":{"@id":"https:\/\/www.pcb.ub.edu\/es\/#\/schema\/person\/d13cab05cd0a75b17fddca8496481021"},"breadcrumb":{"@id":"https:\/\/www.pcb.ub.edu\/en\/privacy-and-confidentiality-the-protection-of-health-related-data-theme-of-the-iv-seminar-of-the-unesco-chair-of-bioethics-at-the-ub\/#breadcrumb"},"inLanguage":"en-US","potentialAction":[{"@type":"ReadAction","target":["https:\/\/www.pcb.ub.edu\/en\/privacy-and-confidentiality-the-protection-of-health-related-data-theme-of-the-iv-seminar-of-the-unesco-chair-of-bioethics-at-the-ub\/"]}]},{"@type":"ImageObject","inLanguage":"en-US","@id":"https:\/\/www.pcb.ub.edu\/en\/privacy-and-confidentiality-the-protection-of-health-related-data-theme-of-the-iv-seminar-of-the-unesco-chair-of-bioethics-at-the-ub\/#primaryimage","url":"http:\/\/www.pcb.ub.edu\/wp-content\/uploads\/2020\/11\/1294660559258.jpg","contentUrl":"http:\/\/www.pcb.ub.edu\/wp-content\/uploads\/2020\/11\/1294660559258.jpg"},{"@type":"BreadcrumbList","@id":"https:\/\/www.pcb.ub.edu\/en\/privacy-and-confidentiality-the-protection-of-health-related-data-theme-of-the-iv-seminar-of-the-unesco-chair-of-bioethics-at-the-ub\/#breadcrumb","itemListElement":[{"@type":"ListItem","position":1,"name":"Home","item":"https:\/\/www.pcb.ub.edu\/en\/"},{"@type":"ListItem","position":2,"name":"&#8220;Privacy and Confidentiality: the protection of health-related data&#8221;, theme of the IV Seminar of the UNESCO Chair of Bioethics at the UB"}]},{"@type":"WebSite","@id":"https:\/\/www.pcb.ub.edu\/es\/#website","url":"https:\/\/www.pcb.ub.edu\/es\/","name":"Parc Cient\u00edfic de Barcelona","description":"Universitat de Barcelona","potentialAction":[{"@type":"SearchAction","target":{"@type":"EntryPoint","urlTemplate":"https:\/\/www.pcb.ub.edu\/es\/?s={search_term_string}"},"query-input":{"@type":"PropertyValueSpecification","valueRequired":true,"valueName":"search_term_string"}}],"inLanguage":"en-US"},{"@type":"Person","@id":"https:\/\/www.pcb.ub.edu\/es\/#\/schema\/person\/d13cab05cd0a75b17fddca8496481021","name":"adminpcb","image":{"@type":"ImageObject","inLanguage":"en-US","@id":"https:\/\/secure.gravatar.com\/avatar\/41ad0fab4bb3bf5348b0af9612159cfd93173a57bbca98fecb50fa6f3ab97d28?s=96&d=mm&r=g","url":"https:\/\/secure.gravatar.com\/avatar\/41ad0fab4bb3bf5348b0af9612159cfd93173a57bbca98fecb50fa6f3ab97d28?s=96&d=mm&r=g","contentUrl":"https:\/\/secure.gravatar.com\/avatar\/41ad0fab4bb3bf5348b0af9612159cfd93173a57bbca98fecb50fa6f3ab97d28?s=96&d=mm&r=g","caption":"adminpcb"},"url":"https:\/\/www.pcb.ub.edu\/en\/author\/adminpcb\/"}]}},"_links":{"self":[{"href":"https:\/\/www.pcb.ub.edu\/en\/wp-json\/wp\/v2\/posts\/46950","targetHints":{"allow":["GET"]}}],"collection":[{"href":"https:\/\/www.pcb.ub.edu\/en\/wp-json\/wp\/v2\/posts"}],"about":[{"href":"https:\/\/www.pcb.ub.edu\/en\/wp-json\/wp\/v2\/types\/post"}],"author":[{"embeddable":true,"href":"https:\/\/www.pcb.ub.edu\/en\/wp-json\/wp\/v2\/users\/1"}],"replies":[{"embeddable":true,"href":"https:\/\/www.pcb.ub.edu\/en\/wp-json\/wp\/v2\/comments?post=46950"}],"version-history":[{"count":1,"href":"https:\/\/www.pcb.ub.edu\/en\/wp-json\/wp\/v2\/posts\/46950\/revisions"}],"predecessor-version":[{"id":51871,"href":"https:\/\/www.pcb.ub.edu\/en\/wp-json\/wp\/v2\/posts\/46950\/revisions\/51871"}],"wp:attachment":[{"href":"https:\/\/www.pcb.ub.edu\/en\/wp-json\/wp\/v2\/media?parent=46950"}],"wp:term":[{"taxonomy":"category","embeddable":true,"href":"https:\/\/www.pcb.ub.edu\/en\/wp-json\/wp\/v2\/categories?post=46950"},{"taxonomy":"post_tag","embeddable":true,"href":"https:\/\/www.pcb.ub.edu\/en\/wp-json\/wp\/v2\/tags?post=46950"}],"curies":[{"name":"wp","href":"https:\/\/api.w.org\/{rel}","templated":true}]}}