{"id":46615,"date":"2001-09-20T00:00:00","date_gmt":"2001-09-19T23:00:00","guid":{"rendered":"http:\/\/www.pcb.ub.edu\/el-parc-cientific-de-barcelona-acull-la-iii-euroconferencia-sobre-nanomagnetisme-i-fisica-de-materialsto-translate\/"},"modified":"2020-11-18T14:50:11","modified_gmt":"2020-11-18T13:50:11","slug":"el-parc-cientific-de-barcelona-acull-la-iii-euroconferencia-sobre-nanomagnetisme-i-fisica-de-materialsto-translate","status":"publish","type":"post","link":"https:\/\/www.pcb.ub.edu\/en\/el-parc-cientific-de-barcelona-acull-la-iii-euroconferencia-sobre-nanomagnetisme-i-fisica-de-materialsto-translate\/","title":{"rendered":"El Parc Cient\u00edfic de Barcelona acull la III Euroconfer\u00e8ncia sobre Nanomagnetisme i F\u00edsica de MaterialsTO TRANSLATE >>>"},"content":{"rendered":"<p>L&#8217;Euroconfer\u00e8ncia cobrir\u00e0 l&#8217;estat actual d&#8217;alguns dels aspectes m\u00e9s importants en el camp de les part\u00edcules petites i els materials relacionats &#8211;materials nanoestructurats i nanocomposts&#8211; i fomentar\u00e0 la interacci\u00f3 entre els especialistes internacionals i els joves investigadors del camp del magnetisme de sistemes petits. Pel que fa a aquest \u00e0mbit d&#8217;investigaci\u00f3, cal destacar que els esmentats materials estan constitu\u00efts per entitats magn\u00e8tiques de tamany nanom\u00e8tric &#8211;de l&#8217;ordre de mil milions de vegades m\u00e9s petit que un metre&#8211; que presenten nous fen\u00f2mens magn\u00e8tics amb un gran ventall d&#8217;aplicacions com ara en els sistemes d&#8217;enregistrament magn\u00e8tic, en la refrigeraci\u00f3 o en l&#8217;obtenci\u00f3 d&#8217;imatges per resson\u00e0ncia magn\u00e8tica en medicina. <\/p>\n","protected":false},"excerpt":{"rendered":"<p>Del 19 al 22 d&#8217;octubre l&#8217;Auditori del Parc Cient\u00edfic de Barcelona acollir\u00e0 la &#8220;IIIa EuroConference on Magnetic Properties of Fine Particles and their Relevance to Materials Science&#8221;, organitzada pels professors Xavier Batlle i Am\u00edlcar Labarta del Departament de F\u00edsica Fonamental de la UB. Finan\u00e7ades per la Comissi\u00f3 Europea, el Ministeri d&#8217;Educaci\u00f3 i Ci\u00e8ncia, la Universitat de Barcelona i la Generalitat de Catalunya, les jornades s\u00f3n una continuaci\u00f3 de les celebrades anteriorment a Bangor (Regne Unit) l&#8217;any 1996 i a Roma (It\u00e0lia) l&#8217;any 1991.  <\/p>\n","protected":false},"author":1,"featured_media":0,"comment_status":"closed","ping_status":"open","sticky":false,"template":"","format":"standard","meta":{"_acf_changed":false,"inline_featured_image":false,"footnotes":""},"categories":[8],"tags":[],"class_list":["post-46615","post","type-post","status-publish","format-standard","category-uncategorized"],"acf":[],"yoast_head":"<!-- This site is optimized with the Yoast SEO plugin v27.3 - https:\/\/yoast.com\/product\/yoast-seo-wordpress\/ -->\n<title>El Parc Cient\u00edfic de Barcelona acull la III Euroconfer\u00e8ncia sobre Nanomagnetisme i F\u00edsica de MaterialsTO TRANSLATE &gt;&gt;&gt; - Parc Cient\u00edfic de Barcelona<\/title>\n<meta name=\"robots\" content=\"index, follow, max-snippet:-1, max-image-preview:large, max-video-preview:-1\" \/>\n<link rel=\"canonical\" href=\"https:\/\/www.pcb.ub.edu\/en\/el-parc-cientific-de-barcelona-acull-la-iii-euroconferencia-sobre-nanomagnetisme-i-fisica-de-materialsto-translate\/\" \/>\n<meta property=\"og:locale\" content=\"en_US\" \/>\n<meta property=\"og:type\" content=\"article\" \/>\n<meta property=\"og:title\" content=\"El Parc Cient\u00edfic de Barcelona acull la III Euroconfer\u00e8ncia sobre Nanomagnetisme i F\u00edsica de MaterialsTO TRANSLATE &gt;&gt;&gt; - Parc Cient\u00edfic de Barcelona\" \/>\n<meta property=\"og:description\" content=\"Del 19 al 22 d&#039;octubre l&#039;Auditori del Parc Cient\u00edfic de Barcelona acollir\u00e0 la &quot;IIIa EuroConference on Magnetic Properties of Fine Particles and their Relevance to Materials Science&quot;, organitzada pels professors Xavier Batlle i Am\u00edlcar Labarta del Departament de F\u00edsica Fonamental de la UB. Finan\u00e7ades per la Comissi\u00f3 Europea, el Ministeri d&#039;Educaci\u00f3 i Ci\u00e8ncia, la Universitat de Barcelona i la Generalitat de Catalunya, les jornades s\u00f3n una continuaci\u00f3 de les celebrades anteriorment a Bangor (Regne Unit) l&#039;any 1996 i a Roma (It\u00e0lia) l&#039;any 1991.\" \/>\n<meta property=\"og:url\" content=\"https:\/\/www.pcb.ub.edu\/en\/el-parc-cientific-de-barcelona-acull-la-iii-euroconferencia-sobre-nanomagnetisme-i-fisica-de-materialsto-translate\/\" \/>\n<meta property=\"og:site_name\" content=\"Parc Cient\u00edfic de Barcelona\" \/>\n<meta property=\"article:published_time\" content=\"2001-09-19T23:00:00+00:00\" \/>\n<meta property=\"article:modified_time\" content=\"2020-11-18T13:50:11+00:00\" \/>\n<meta name=\"author\" content=\"adminpcb\" \/>\n<meta name=\"twitter:card\" content=\"summary_large_image\" \/>\n<meta name=\"twitter:label1\" content=\"Written by\" \/>\n\t<meta name=\"twitter:data1\" content=\"adminpcb\" \/>\n\t<meta name=\"twitter:label2\" content=\"Est. reading time\" \/>\n\t<meta name=\"twitter:data2\" content=\"1 minute\" \/>\n<script type=\"application\/ld+json\" class=\"yoast-schema-graph\">{\"@context\":\"https:\\\/\\\/schema.org\",\"@graph\":[{\"@type\":\"Article\",\"@id\":\"https:\\\/\\\/www.pcb.ub.edu\\\/en\\\/el-parc-cientific-de-barcelona-acull-la-iii-euroconferencia-sobre-nanomagnetisme-i-fisica-de-materialsto-translate\\\/#article\",\"isPartOf\":{\"@id\":\"https:\\\/\\\/www.pcb.ub.edu\\\/en\\\/el-parc-cientific-de-barcelona-acull-la-iii-euroconferencia-sobre-nanomagnetisme-i-fisica-de-materialsto-translate\\\/\"},\"author\":{\"name\":\"adminpcb\",\"@id\":\"https:\\\/\\\/www.pcb.ub.edu\\\/es\\\/#\\\/schema\\\/person\\\/d13cab05cd0a75b17fddca8496481021\"},\"headline\":\"El Parc Cient\u00edfic de Barcelona acull la III Euroconfer\u00e8ncia sobre Nanomagnetisme i F\u00edsica de MaterialsTO TRANSLATE >>>\",\"datePublished\":\"2001-09-19T23:00:00+00:00\",\"dateModified\":\"2020-11-18T13:50:11+00:00\",\"mainEntityOfPage\":{\"@id\":\"https:\\\/\\\/www.pcb.ub.edu\\\/en\\\/el-parc-cientific-de-barcelona-acull-la-iii-euroconferencia-sobre-nanomagnetisme-i-fisica-de-materialsto-translate\\\/\"},\"wordCount\":136,\"inLanguage\":\"en-US\"},{\"@type\":\"WebPage\",\"@id\":\"https:\\\/\\\/www.pcb.ub.edu\\\/en\\\/el-parc-cientific-de-barcelona-acull-la-iii-euroconferencia-sobre-nanomagnetisme-i-fisica-de-materialsto-translate\\\/\",\"url\":\"https:\\\/\\\/www.pcb.ub.edu\\\/en\\\/el-parc-cientific-de-barcelona-acull-la-iii-euroconferencia-sobre-nanomagnetisme-i-fisica-de-materialsto-translate\\\/\",\"name\":\"El Parc Cient\u00edfic de Barcelona acull la III Euroconfer\u00e8ncia sobre Nanomagnetisme i F\u00edsica de MaterialsTO TRANSLATE >>> - Parc Cient\u00edfic de Barcelona\",\"isPartOf\":{\"@id\":\"https:\\\/\\\/www.pcb.ub.edu\\\/es\\\/#website\"},\"datePublished\":\"2001-09-19T23:00:00+00:00\",\"dateModified\":\"2020-11-18T13:50:11+00:00\",\"author\":{\"@id\":\"https:\\\/\\\/www.pcb.ub.edu\\\/es\\\/#\\\/schema\\\/person\\\/d13cab05cd0a75b17fddca8496481021\"},\"breadcrumb\":{\"@id\":\"https:\\\/\\\/www.pcb.ub.edu\\\/en\\\/el-parc-cientific-de-barcelona-acull-la-iii-euroconferencia-sobre-nanomagnetisme-i-fisica-de-materialsto-translate\\\/#breadcrumb\"},\"inLanguage\":\"en-US\",\"potentialAction\":[{\"@type\":\"ReadAction\",\"target\":[\"https:\\\/\\\/www.pcb.ub.edu\\\/en\\\/el-parc-cientific-de-barcelona-acull-la-iii-euroconferencia-sobre-nanomagnetisme-i-fisica-de-materialsto-translate\\\/\"]}]},{\"@type\":\"BreadcrumbList\",\"@id\":\"https:\\\/\\\/www.pcb.ub.edu\\\/en\\\/el-parc-cientific-de-barcelona-acull-la-iii-euroconferencia-sobre-nanomagnetisme-i-fisica-de-materialsto-translate\\\/#breadcrumb\",\"itemListElement\":[{\"@type\":\"ListItem\",\"position\":1,\"name\":\"Home\",\"item\":\"https:\\\/\\\/www.pcb.ub.edu\\\/en\\\/\"},{\"@type\":\"ListItem\",\"position\":2,\"name\":\"El Parc Cient\u00edfic de Barcelona acull la III Euroconfer\u00e8ncia sobre Nanomagnetisme i F\u00edsica de MaterialsTO TRANSLATE >>>\"}]},{\"@type\":\"WebSite\",\"@id\":\"https:\\\/\\\/www.pcb.ub.edu\\\/es\\\/#website\",\"url\":\"https:\\\/\\\/www.pcb.ub.edu\\\/es\\\/\",\"name\":\"Parc Cient\u00edfic de Barcelona\",\"description\":\"Universitat de Barcelona\",\"potentialAction\":[{\"@type\":\"SearchAction\",\"target\":{\"@type\":\"EntryPoint\",\"urlTemplate\":\"https:\\\/\\\/www.pcb.ub.edu\\\/es\\\/?s={search_term_string}\"},\"query-input\":{\"@type\":\"PropertyValueSpecification\",\"valueRequired\":true,\"valueName\":\"search_term_string\"}}],\"inLanguage\":\"en-US\"},{\"@type\":\"Person\",\"@id\":\"https:\\\/\\\/www.pcb.ub.edu\\\/es\\\/#\\\/schema\\\/person\\\/d13cab05cd0a75b17fddca8496481021\",\"name\":\"adminpcb\",\"image\":{\"@type\":\"ImageObject\",\"inLanguage\":\"en-US\",\"@id\":\"https:\\\/\\\/secure.gravatar.com\\\/avatar\\\/41ad0fab4bb3bf5348b0af9612159cfd93173a57bbca98fecb50fa6f3ab97d28?s=96&d=mm&r=g\",\"url\":\"https:\\\/\\\/secure.gravatar.com\\\/avatar\\\/41ad0fab4bb3bf5348b0af9612159cfd93173a57bbca98fecb50fa6f3ab97d28?s=96&d=mm&r=g\",\"contentUrl\":\"https:\\\/\\\/secure.gravatar.com\\\/avatar\\\/41ad0fab4bb3bf5348b0af9612159cfd93173a57bbca98fecb50fa6f3ab97d28?s=96&d=mm&r=g\",\"caption\":\"adminpcb\"},\"url\":\"https:\\\/\\\/www.pcb.ub.edu\\\/en\\\/author\\\/adminpcb\\\/\"}]}<\/script>\n<!-- \/ Yoast SEO plugin. -->","yoast_head_json":{"title":"El Parc Cient\u00edfic de Barcelona acull la III Euroconfer\u00e8ncia sobre Nanomagnetisme i F\u00edsica de MaterialsTO TRANSLATE >>> - Parc Cient\u00edfic de Barcelona","robots":{"index":"index","follow":"follow","max-snippet":"max-snippet:-1","max-image-preview":"max-image-preview:large","max-video-preview":"max-video-preview:-1"},"canonical":"https:\/\/www.pcb.ub.edu\/en\/el-parc-cientific-de-barcelona-acull-la-iii-euroconferencia-sobre-nanomagnetisme-i-fisica-de-materialsto-translate\/","og_locale":"en_US","og_type":"article","og_title":"El Parc Cient\u00edfic de Barcelona acull la III Euroconfer\u00e8ncia sobre Nanomagnetisme i F\u00edsica de MaterialsTO TRANSLATE >>> - Parc Cient\u00edfic de Barcelona","og_description":"Del 19 al 22 d'octubre l'Auditori del Parc Cient\u00edfic de Barcelona acollir\u00e0 la \"IIIa EuroConference on Magnetic Properties of Fine Particles and their Relevance to Materials Science\", organitzada pels professors Xavier Batlle i Am\u00edlcar Labarta del Departament de F\u00edsica Fonamental de la UB. Finan\u00e7ades per la Comissi\u00f3 Europea, el Ministeri d'Educaci\u00f3 i Ci\u00e8ncia, la Universitat de Barcelona i la Generalitat de Catalunya, les jornades s\u00f3n una continuaci\u00f3 de les celebrades anteriorment a Bangor (Regne Unit) l'any 1996 i a Roma (It\u00e0lia) l'any 1991.","og_url":"https:\/\/www.pcb.ub.edu\/en\/el-parc-cientific-de-barcelona-acull-la-iii-euroconferencia-sobre-nanomagnetisme-i-fisica-de-materialsto-translate\/","og_site_name":"Parc Cient\u00edfic de Barcelona","article_published_time":"2001-09-19T23:00:00+00:00","article_modified_time":"2020-11-18T13:50:11+00:00","author":"adminpcb","twitter_card":"summary_large_image","twitter_misc":{"Written by":"adminpcb","Est. reading time":"1 minute"},"schema":{"@context":"https:\/\/schema.org","@graph":[{"@type":"Article","@id":"https:\/\/www.pcb.ub.edu\/en\/el-parc-cientific-de-barcelona-acull-la-iii-euroconferencia-sobre-nanomagnetisme-i-fisica-de-materialsto-translate\/#article","isPartOf":{"@id":"https:\/\/www.pcb.ub.edu\/en\/el-parc-cientific-de-barcelona-acull-la-iii-euroconferencia-sobre-nanomagnetisme-i-fisica-de-materialsto-translate\/"},"author":{"name":"adminpcb","@id":"https:\/\/www.pcb.ub.edu\/es\/#\/schema\/person\/d13cab05cd0a75b17fddca8496481021"},"headline":"El Parc Cient\u00edfic de Barcelona acull la III Euroconfer\u00e8ncia sobre Nanomagnetisme i F\u00edsica de MaterialsTO TRANSLATE >>>","datePublished":"2001-09-19T23:00:00+00:00","dateModified":"2020-11-18T13:50:11+00:00","mainEntityOfPage":{"@id":"https:\/\/www.pcb.ub.edu\/en\/el-parc-cientific-de-barcelona-acull-la-iii-euroconferencia-sobre-nanomagnetisme-i-fisica-de-materialsto-translate\/"},"wordCount":136,"inLanguage":"en-US"},{"@type":"WebPage","@id":"https:\/\/www.pcb.ub.edu\/en\/el-parc-cientific-de-barcelona-acull-la-iii-euroconferencia-sobre-nanomagnetisme-i-fisica-de-materialsto-translate\/","url":"https:\/\/www.pcb.ub.edu\/en\/el-parc-cientific-de-barcelona-acull-la-iii-euroconferencia-sobre-nanomagnetisme-i-fisica-de-materialsto-translate\/","name":"El Parc Cient\u00edfic de Barcelona acull la III Euroconfer\u00e8ncia sobre Nanomagnetisme i F\u00edsica de MaterialsTO TRANSLATE >>> - Parc Cient\u00edfic de Barcelona","isPartOf":{"@id":"https:\/\/www.pcb.ub.edu\/es\/#website"},"datePublished":"2001-09-19T23:00:00+00:00","dateModified":"2020-11-18T13:50:11+00:00","author":{"@id":"https:\/\/www.pcb.ub.edu\/es\/#\/schema\/person\/d13cab05cd0a75b17fddca8496481021"},"breadcrumb":{"@id":"https:\/\/www.pcb.ub.edu\/en\/el-parc-cientific-de-barcelona-acull-la-iii-euroconferencia-sobre-nanomagnetisme-i-fisica-de-materialsto-translate\/#breadcrumb"},"inLanguage":"en-US","potentialAction":[{"@type":"ReadAction","target":["https:\/\/www.pcb.ub.edu\/en\/el-parc-cientific-de-barcelona-acull-la-iii-euroconferencia-sobre-nanomagnetisme-i-fisica-de-materialsto-translate\/"]}]},{"@type":"BreadcrumbList","@id":"https:\/\/www.pcb.ub.edu\/en\/el-parc-cientific-de-barcelona-acull-la-iii-euroconferencia-sobre-nanomagnetisme-i-fisica-de-materialsto-translate\/#breadcrumb","itemListElement":[{"@type":"ListItem","position":1,"name":"Home","item":"https:\/\/www.pcb.ub.edu\/en\/"},{"@type":"ListItem","position":2,"name":"El Parc Cient\u00edfic de Barcelona acull la III Euroconfer\u00e8ncia sobre Nanomagnetisme i F\u00edsica de MaterialsTO TRANSLATE >>>"}]},{"@type":"WebSite","@id":"https:\/\/www.pcb.ub.edu\/es\/#website","url":"https:\/\/www.pcb.ub.edu\/es\/","name":"Parc Cient\u00edfic de Barcelona","description":"Universitat de Barcelona","potentialAction":[{"@type":"SearchAction","target":{"@type":"EntryPoint","urlTemplate":"https:\/\/www.pcb.ub.edu\/es\/?s={search_term_string}"},"query-input":{"@type":"PropertyValueSpecification","valueRequired":true,"valueName":"search_term_string"}}],"inLanguage":"en-US"},{"@type":"Person","@id":"https:\/\/www.pcb.ub.edu\/es\/#\/schema\/person\/d13cab05cd0a75b17fddca8496481021","name":"adminpcb","image":{"@type":"ImageObject","inLanguage":"en-US","@id":"https:\/\/secure.gravatar.com\/avatar\/41ad0fab4bb3bf5348b0af9612159cfd93173a57bbca98fecb50fa6f3ab97d28?s=96&d=mm&r=g","url":"https:\/\/secure.gravatar.com\/avatar\/41ad0fab4bb3bf5348b0af9612159cfd93173a57bbca98fecb50fa6f3ab97d28?s=96&d=mm&r=g","contentUrl":"https:\/\/secure.gravatar.com\/avatar\/41ad0fab4bb3bf5348b0af9612159cfd93173a57bbca98fecb50fa6f3ab97d28?s=96&d=mm&r=g","caption":"adminpcb"},"url":"https:\/\/www.pcb.ub.edu\/en\/author\/adminpcb\/"}]}},"_links":{"self":[{"href":"https:\/\/www.pcb.ub.edu\/en\/wp-json\/wp\/v2\/posts\/46615","targetHints":{"allow":["GET"]}}],"collection":[{"href":"https:\/\/www.pcb.ub.edu\/en\/wp-json\/wp\/v2\/posts"}],"about":[{"href":"https:\/\/www.pcb.ub.edu\/en\/wp-json\/wp\/v2\/types\/post"}],"author":[{"embeddable":true,"href":"https:\/\/www.pcb.ub.edu\/en\/wp-json\/wp\/v2\/users\/1"}],"replies":[{"embeddable":true,"href":"https:\/\/www.pcb.ub.edu\/en\/wp-json\/wp\/v2\/comments?post=46615"}],"version-history":[{"count":1,"href":"https:\/\/www.pcb.ub.edu\/en\/wp-json\/wp\/v2\/posts\/46615\/revisions"}],"predecessor-version":[{"id":51528,"href":"https:\/\/www.pcb.ub.edu\/en\/wp-json\/wp\/v2\/posts\/46615\/revisions\/51528"}],"wp:attachment":[{"href":"https:\/\/www.pcb.ub.edu\/en\/wp-json\/wp\/v2\/media?parent=46615"}],"wp:term":[{"taxonomy":"category","embeddable":true,"href":"https:\/\/www.pcb.ub.edu\/en\/wp-json\/wp\/v2\/categories?post=46615"},{"taxonomy":"post_tag","embeddable":true,"href":"https:\/\/www.pcb.ub.edu\/en\/wp-json\/wp\/v2\/tags?post=46615"}],"curies":[{"name":"wp","href":"https:\/\/api.w.org\/{rel}","templated":true}]}}