{"id":46339,"date":"2009-09-14T00:00:00","date_gmt":"2009-09-13T23:00:00","guid":{"rendered":"http:\/\/www.pcb.ub.edu\/pcb-takes-part-at-the-14th-european-congress-on-biotechnology\/"},"modified":"2020-11-18T14:49:40","modified_gmt":"2020-11-18T13:49:40","slug":"pcb-takes-part-at-the-14th-european-congress-on-biotechnology","status":"publish","type":"post","link":"https:\/\/www.pcb.ub.edu\/en\/pcb-takes-part-at-the-14th-european-congress-on-biotechnology\/","title":{"rendered":"PCB takes part at the 14th European Congress on Biotechnology"},"content":{"rendered":"<p>&#8221;<\/p>\n<div class=\"col-sm-6 detall-noticia-imatges\">\n<div class=\"row\">\n<div class=\"item active one-image\">\n\t\t\t\t\t\t<a class=\"icon-search\" href='http:\/\/www.pcb.ub.edu\/wp-content\/uploads\/2020\/11\/1253544913555.jpg'><\/a><br \/>\n\t\t\t\t\t\t<img src='http:\/\/www.pcb.ub.edu\/wp-content\/uploads\/2020\/11\/1253544913555.jpg' \/>\n\t\t\t\t\t<\/div><\/div><\/div>\n<p>\t\t\tDuring the morning also, and in the field of Health and Medicine, the director of Scientific Policies at PCB, Jordi Quintana, has given a lecture on the ChemBioBank project, a nationwide initiative the objective of which is to generate an ordered library of chemical compounds, and the European project EU-Openscreen. In addition, Josep A. Planell, director of the Institute for Bioengineering of Catalonia (IBEC), based at PCB, will be giving a lecture tomorrow to explain the mission and scientific programmed of the institute. Two researchers from the same research institution, Mar\u00eda Garc\u00eda Parajo and Xavier Fern\u00e1ndez Busquets, will also be taking part in a parallel scientific session on nanomedicine.  <\/p>\n<p> In this edition, the Congress, organised by the European Federation of Biotechnology (EFB) and titled &#8220;Symbiosis: science, industry &amp; society&#8221; focuses on technological innovation and the advantages that advancements and progress entail for society. The contents of the congress have been divided into four main areas: health and medicine, industrial biotechnology, plant and environmental biotechnology, and systems biology and technology. Nearly, 1000 professionals, mainly researchers  from biocompanies and public and private research centres, scholars, heads of R&amp; D from companies in the sector, PhD students, and policy makers from 56 European countries and other parts of the word, are participating in this event.  <\/p>\n<p> The Scientific Programme consists of seven plenary sessions, 138 presentations and 650 posters. Some of the top names for this congress include Craig Venter, promoter of the human genome project, founder of  Celera and director of the Venter Institute of San Diego (California); Leroy Hood, pioneer in systems biology; International Molecular Biology Society Award winner, Harald von Witzke; Marc Van Montagu, father of green biotechnology in Europe; Matias Uhlen, author of the Human Protein  Atlas; Steen Riisgaard, director general of Novozymes, and Mar\u00eda Blasco, an expert on cancer from the National Centre for Cancer Research.    <\/p>\n","protected":false},"excerpt":{"rendered":"<p>Framed within the <a>European Congress on Biotechnology<\/a> being held at the Palau de Congressos de Catalunya (Barcelona) until the 16th of September, ACC1\u00d3 and <a>Biocat<\/a> have organised today at 18.30h a session entitled &#8220;European Business and Technology Center (<a>EBTC<\/a>): EU-India Business Gateway Seminar&#8221;. The aim of this session is to analyse the business opportunities that India brings to European companies. Different experts from several institutions will be participating at this round table, including Fernando Albericio, director general of the Barcelona Science Park (PCB). PCB joined the agreement signed at BioAsia 2009 between Biocat and Genome Valley, the main biocluster of India, in order to jointly promote acitivities in the biotechnology sector. Other invited guests include Shakti Meggapan, of the Asian Federation of Biotechnological Associations; Isidre Sala (COPCA), on behalf of the Eurochambers consortium promoted by the EBTC \u2013 an EU-funded service aimed at increasing European participation in the Indian biotechnology market\u2013, and Jordi Bacardit, from SVS, a Catalan company in Mumbai.    <\/p>\n","protected":false},"author":1,"featured_media":0,"comment_status":"closed","ping_status":"open","sticky":false,"template":"","format":"standard","meta":{"_acf_changed":false,"inline_featured_image":false,"footnotes":""},"categories":[8],"tags":[],"class_list":["post-46339","post","type-post","status-publish","format-standard","category-uncategorized"],"acf":[],"yoast_head":"<!-- This site is optimized with the Yoast SEO plugin v27.3 - https:\/\/yoast.com\/product\/yoast-seo-wordpress\/ -->\n<title>PCB takes part at the 14th European Congress on Biotechnology - Parc Cient\u00edfic de Barcelona<\/title>\n<meta name=\"robots\" content=\"index, follow, max-snippet:-1, max-image-preview:large, max-video-preview:-1\" \/>\n<link rel=\"canonical\" href=\"https:\/\/www.pcb.ub.edu\/en\/pcb-takes-part-at-the-14th-european-congress-on-biotechnology\/\" \/>\n<meta property=\"og:locale\" content=\"en_US\" \/>\n<meta property=\"og:type\" content=\"article\" \/>\n<meta property=\"og:title\" content=\"PCB takes part at the 14th European Congress on Biotechnology - Parc Cient\u00edfic de Barcelona\" \/>\n<meta property=\"og:description\" content=\"Framed within the European Congress on Biotechnology being held at the Palau de Congressos de Catalunya (Barcelona) until the 16th of September, ACC1\u00d3 and Biocat have organised today at 18.30h a session entitled &quot;European Business and Technology Center (EBTC): EU-India Business Gateway Seminar&quot;. The aim of this session is to analyse the business opportunities that India brings to European companies. Different experts from several institutions will be participating at this round table, including Fernando Albericio, director general of the Barcelona Science Park (PCB). PCB joined the agreement signed at BioAsia 2009 between Biocat and Genome Valley, the main biocluster of India, in order to jointly promote acitivities in the biotechnology sector. Other invited guests include Shakti Meggapan, of the Asian Federation of Biotechnological Associations; Isidre Sala (COPCA), on behalf of the Eurochambers consortium promoted by the EBTC \u2013 an EU-funded service aimed at increasing European participation in the Indian biotechnology market\u2013, and Jordi Bacardit, from SVS, a Catalan company in Mumbai.\" \/>\n<meta property=\"og:url\" content=\"https:\/\/www.pcb.ub.edu\/en\/pcb-takes-part-at-the-14th-european-congress-on-biotechnology\/\" \/>\n<meta property=\"og:site_name\" content=\"Parc Cient\u00edfic de Barcelona\" \/>\n<meta property=\"article:published_time\" content=\"2009-09-13T23:00:00+00:00\" \/>\n<meta property=\"article:modified_time\" content=\"2020-11-18T13:49:40+00:00\" \/>\n<meta property=\"og:image\" content=\"http:\/\/www.pcb.ub.edu\/wp-content\/uploads\/2020\/11\/1253544913555.jpg\" \/>\n<meta name=\"author\" content=\"adminpcb\" \/>\n<meta name=\"twitter:card\" content=\"summary_large_image\" \/>\n<meta name=\"twitter:label1\" content=\"Written by\" \/>\n\t<meta name=\"twitter:data1\" content=\"adminpcb\" \/>\n\t<meta name=\"twitter:label2\" content=\"Est. reading time\" \/>\n\t<meta name=\"twitter:data2\" content=\"2 minutes\" \/>\n<script type=\"application\/ld+json\" class=\"yoast-schema-graph\">{\"@context\":\"https:\\\/\\\/schema.org\",\"@graph\":[{\"@type\":\"Article\",\"@id\":\"https:\\\/\\\/www.pcb.ub.edu\\\/en\\\/pcb-takes-part-at-the-14th-european-congress-on-biotechnology\\\/#article\",\"isPartOf\":{\"@id\":\"https:\\\/\\\/www.pcb.ub.edu\\\/en\\\/pcb-takes-part-at-the-14th-european-congress-on-biotechnology\\\/\"},\"author\":{\"name\":\"adminpcb\",\"@id\":\"https:\\\/\\\/www.pcb.ub.edu\\\/es\\\/#\\\/schema\\\/person\\\/d13cab05cd0a75b17fddca8496481021\"},\"headline\":\"PCB takes part at the 14th European Congress on Biotechnology\",\"datePublished\":\"2009-09-13T23:00:00+00:00\",\"dateModified\":\"2020-11-18T13:49:40+00:00\",\"mainEntityOfPage\":{\"@id\":\"https:\\\/\\\/www.pcb.ub.edu\\\/en\\\/pcb-takes-part-at-the-14th-european-congress-on-biotechnology\\\/\"},\"wordCount\":318,\"image\":{\"@id\":\"https:\\\/\\\/www.pcb.ub.edu\\\/en\\\/pcb-takes-part-at-the-14th-european-congress-on-biotechnology\\\/#primaryimage\"},\"thumbnailUrl\":\"http:\\\/\\\/www.pcb.ub.edu\\\/wp-content\\\/uploads\\\/2020\\\/11\\\/1253544913555.jpg\",\"inLanguage\":\"en-US\"},{\"@type\":\"WebPage\",\"@id\":\"https:\\\/\\\/www.pcb.ub.edu\\\/en\\\/pcb-takes-part-at-the-14th-european-congress-on-biotechnology\\\/\",\"url\":\"https:\\\/\\\/www.pcb.ub.edu\\\/en\\\/pcb-takes-part-at-the-14th-european-congress-on-biotechnology\\\/\",\"name\":\"PCB takes part at the 14th European Congress on Biotechnology - Parc Cient\u00edfic de Barcelona\",\"isPartOf\":{\"@id\":\"https:\\\/\\\/www.pcb.ub.edu\\\/es\\\/#website\"},\"primaryImageOfPage\":{\"@id\":\"https:\\\/\\\/www.pcb.ub.edu\\\/en\\\/pcb-takes-part-at-the-14th-european-congress-on-biotechnology\\\/#primaryimage\"},\"image\":{\"@id\":\"https:\\\/\\\/www.pcb.ub.edu\\\/en\\\/pcb-takes-part-at-the-14th-european-congress-on-biotechnology\\\/#primaryimage\"},\"thumbnailUrl\":\"http:\\\/\\\/www.pcb.ub.edu\\\/wp-content\\\/uploads\\\/2020\\\/11\\\/1253544913555.jpg\",\"datePublished\":\"2009-09-13T23:00:00+00:00\",\"dateModified\":\"2020-11-18T13:49:40+00:00\",\"author\":{\"@id\":\"https:\\\/\\\/www.pcb.ub.edu\\\/es\\\/#\\\/schema\\\/person\\\/d13cab05cd0a75b17fddca8496481021\"},\"breadcrumb\":{\"@id\":\"https:\\\/\\\/www.pcb.ub.edu\\\/en\\\/pcb-takes-part-at-the-14th-european-congress-on-biotechnology\\\/#breadcrumb\"},\"inLanguage\":\"en-US\",\"potentialAction\":[{\"@type\":\"ReadAction\",\"target\":[\"https:\\\/\\\/www.pcb.ub.edu\\\/en\\\/pcb-takes-part-at-the-14th-european-congress-on-biotechnology\\\/\"]}]},{\"@type\":\"ImageObject\",\"inLanguage\":\"en-US\",\"@id\":\"https:\\\/\\\/www.pcb.ub.edu\\\/en\\\/pcb-takes-part-at-the-14th-european-congress-on-biotechnology\\\/#primaryimage\",\"url\":\"http:\\\/\\\/www.pcb.ub.edu\\\/wp-content\\\/uploads\\\/2020\\\/11\\\/1253544913555.jpg\",\"contentUrl\":\"http:\\\/\\\/www.pcb.ub.edu\\\/wp-content\\\/uploads\\\/2020\\\/11\\\/1253544913555.jpg\"},{\"@type\":\"BreadcrumbList\",\"@id\":\"https:\\\/\\\/www.pcb.ub.edu\\\/en\\\/pcb-takes-part-at-the-14th-european-congress-on-biotechnology\\\/#breadcrumb\",\"itemListElement\":[{\"@type\":\"ListItem\",\"position\":1,\"name\":\"Home\",\"item\":\"https:\\\/\\\/www.pcb.ub.edu\\\/en\\\/\"},{\"@type\":\"ListItem\",\"position\":2,\"name\":\"PCB takes part at the 14th European Congress on Biotechnology\"}]},{\"@type\":\"WebSite\",\"@id\":\"https:\\\/\\\/www.pcb.ub.edu\\\/es\\\/#website\",\"url\":\"https:\\\/\\\/www.pcb.ub.edu\\\/es\\\/\",\"name\":\"Parc Cient\u00edfic de Barcelona\",\"description\":\"Universitat de Barcelona\",\"potentialAction\":[{\"@type\":\"SearchAction\",\"target\":{\"@type\":\"EntryPoint\",\"urlTemplate\":\"https:\\\/\\\/www.pcb.ub.edu\\\/es\\\/?s={search_term_string}\"},\"query-input\":{\"@type\":\"PropertyValueSpecification\",\"valueRequired\":true,\"valueName\":\"search_term_string\"}}],\"inLanguage\":\"en-US\"},{\"@type\":\"Person\",\"@id\":\"https:\\\/\\\/www.pcb.ub.edu\\\/es\\\/#\\\/schema\\\/person\\\/d13cab05cd0a75b17fddca8496481021\",\"name\":\"adminpcb\",\"image\":{\"@type\":\"ImageObject\",\"inLanguage\":\"en-US\",\"@id\":\"https:\\\/\\\/secure.gravatar.com\\\/avatar\\\/41ad0fab4bb3bf5348b0af9612159cfd93173a57bbca98fecb50fa6f3ab97d28?s=96&d=mm&r=g\",\"url\":\"https:\\\/\\\/secure.gravatar.com\\\/avatar\\\/41ad0fab4bb3bf5348b0af9612159cfd93173a57bbca98fecb50fa6f3ab97d28?s=96&d=mm&r=g\",\"contentUrl\":\"https:\\\/\\\/secure.gravatar.com\\\/avatar\\\/41ad0fab4bb3bf5348b0af9612159cfd93173a57bbca98fecb50fa6f3ab97d28?s=96&d=mm&r=g\",\"caption\":\"adminpcb\"},\"url\":\"https:\\\/\\\/www.pcb.ub.edu\\\/en\\\/author\\\/adminpcb\\\/\"}]}<\/script>\n<!-- \/ Yoast SEO plugin. -->","yoast_head_json":{"title":"PCB takes part at the 14th European Congress on Biotechnology - Parc Cient\u00edfic de Barcelona","robots":{"index":"index","follow":"follow","max-snippet":"max-snippet:-1","max-image-preview":"max-image-preview:large","max-video-preview":"max-video-preview:-1"},"canonical":"https:\/\/www.pcb.ub.edu\/en\/pcb-takes-part-at-the-14th-european-congress-on-biotechnology\/","og_locale":"en_US","og_type":"article","og_title":"PCB takes part at the 14th European Congress on Biotechnology - Parc Cient\u00edfic de Barcelona","og_description":"Framed within the European Congress on Biotechnology being held at the Palau de Congressos de Catalunya (Barcelona) until the 16th of September, ACC1\u00d3 and Biocat have organised today at 18.30h a session entitled \"European Business and Technology Center (EBTC): EU-India Business Gateway Seminar\". The aim of this session is to analyse the business opportunities that India brings to European companies. Different experts from several institutions will be participating at this round table, including Fernando Albericio, director general of the Barcelona Science Park (PCB). PCB joined the agreement signed at BioAsia 2009 between Biocat and Genome Valley, the main biocluster of India, in order to jointly promote acitivities in the biotechnology sector. Other invited guests include Shakti Meggapan, of the Asian Federation of Biotechnological Associations; Isidre Sala (COPCA), on behalf of the Eurochambers consortium promoted by the EBTC \u2013 an EU-funded service aimed at increasing European participation in the Indian biotechnology market\u2013, and Jordi Bacardit, from SVS, a Catalan company in Mumbai.","og_url":"https:\/\/www.pcb.ub.edu\/en\/pcb-takes-part-at-the-14th-european-congress-on-biotechnology\/","og_site_name":"Parc Cient\u00edfic de Barcelona","article_published_time":"2009-09-13T23:00:00+00:00","article_modified_time":"2020-11-18T13:49:40+00:00","og_image":[{"url":"http:\/\/www.pcb.ub.edu\/wp-content\/uploads\/2020\/11\/1253544913555.jpg","type":"","width":"","height":""}],"author":"adminpcb","twitter_card":"summary_large_image","twitter_misc":{"Written by":"adminpcb","Est. reading time":"2 minutes"},"schema":{"@context":"https:\/\/schema.org","@graph":[{"@type":"Article","@id":"https:\/\/www.pcb.ub.edu\/en\/pcb-takes-part-at-the-14th-european-congress-on-biotechnology\/#article","isPartOf":{"@id":"https:\/\/www.pcb.ub.edu\/en\/pcb-takes-part-at-the-14th-european-congress-on-biotechnology\/"},"author":{"name":"adminpcb","@id":"https:\/\/www.pcb.ub.edu\/es\/#\/schema\/person\/d13cab05cd0a75b17fddca8496481021"},"headline":"PCB takes part at the 14th European Congress on Biotechnology","datePublished":"2009-09-13T23:00:00+00:00","dateModified":"2020-11-18T13:49:40+00:00","mainEntityOfPage":{"@id":"https:\/\/www.pcb.ub.edu\/en\/pcb-takes-part-at-the-14th-european-congress-on-biotechnology\/"},"wordCount":318,"image":{"@id":"https:\/\/www.pcb.ub.edu\/en\/pcb-takes-part-at-the-14th-european-congress-on-biotechnology\/#primaryimage"},"thumbnailUrl":"http:\/\/www.pcb.ub.edu\/wp-content\/uploads\/2020\/11\/1253544913555.jpg","inLanguage":"en-US"},{"@type":"WebPage","@id":"https:\/\/www.pcb.ub.edu\/en\/pcb-takes-part-at-the-14th-european-congress-on-biotechnology\/","url":"https:\/\/www.pcb.ub.edu\/en\/pcb-takes-part-at-the-14th-european-congress-on-biotechnology\/","name":"PCB takes part at the 14th European Congress on Biotechnology - Parc Cient\u00edfic de Barcelona","isPartOf":{"@id":"https:\/\/www.pcb.ub.edu\/es\/#website"},"primaryImageOfPage":{"@id":"https:\/\/www.pcb.ub.edu\/en\/pcb-takes-part-at-the-14th-european-congress-on-biotechnology\/#primaryimage"},"image":{"@id":"https:\/\/www.pcb.ub.edu\/en\/pcb-takes-part-at-the-14th-european-congress-on-biotechnology\/#primaryimage"},"thumbnailUrl":"http:\/\/www.pcb.ub.edu\/wp-content\/uploads\/2020\/11\/1253544913555.jpg","datePublished":"2009-09-13T23:00:00+00:00","dateModified":"2020-11-18T13:49:40+00:00","author":{"@id":"https:\/\/www.pcb.ub.edu\/es\/#\/schema\/person\/d13cab05cd0a75b17fddca8496481021"},"breadcrumb":{"@id":"https:\/\/www.pcb.ub.edu\/en\/pcb-takes-part-at-the-14th-european-congress-on-biotechnology\/#breadcrumb"},"inLanguage":"en-US","potentialAction":[{"@type":"ReadAction","target":["https:\/\/www.pcb.ub.edu\/en\/pcb-takes-part-at-the-14th-european-congress-on-biotechnology\/"]}]},{"@type":"ImageObject","inLanguage":"en-US","@id":"https:\/\/www.pcb.ub.edu\/en\/pcb-takes-part-at-the-14th-european-congress-on-biotechnology\/#primaryimage","url":"http:\/\/www.pcb.ub.edu\/wp-content\/uploads\/2020\/11\/1253544913555.jpg","contentUrl":"http:\/\/www.pcb.ub.edu\/wp-content\/uploads\/2020\/11\/1253544913555.jpg"},{"@type":"BreadcrumbList","@id":"https:\/\/www.pcb.ub.edu\/en\/pcb-takes-part-at-the-14th-european-congress-on-biotechnology\/#breadcrumb","itemListElement":[{"@type":"ListItem","position":1,"name":"Home","item":"https:\/\/www.pcb.ub.edu\/en\/"},{"@type":"ListItem","position":2,"name":"PCB takes part at the 14th European Congress on Biotechnology"}]},{"@type":"WebSite","@id":"https:\/\/www.pcb.ub.edu\/es\/#website","url":"https:\/\/www.pcb.ub.edu\/es\/","name":"Parc Cient\u00edfic de Barcelona","description":"Universitat de Barcelona","potentialAction":[{"@type":"SearchAction","target":{"@type":"EntryPoint","urlTemplate":"https:\/\/www.pcb.ub.edu\/es\/?s={search_term_string}"},"query-input":{"@type":"PropertyValueSpecification","valueRequired":true,"valueName":"search_term_string"}}],"inLanguage":"en-US"},{"@type":"Person","@id":"https:\/\/www.pcb.ub.edu\/es\/#\/schema\/person\/d13cab05cd0a75b17fddca8496481021","name":"adminpcb","image":{"@type":"ImageObject","inLanguage":"en-US","@id":"https:\/\/secure.gravatar.com\/avatar\/41ad0fab4bb3bf5348b0af9612159cfd93173a57bbca98fecb50fa6f3ab97d28?s=96&d=mm&r=g","url":"https:\/\/secure.gravatar.com\/avatar\/41ad0fab4bb3bf5348b0af9612159cfd93173a57bbca98fecb50fa6f3ab97d28?s=96&d=mm&r=g","contentUrl":"https:\/\/secure.gravatar.com\/avatar\/41ad0fab4bb3bf5348b0af9612159cfd93173a57bbca98fecb50fa6f3ab97d28?s=96&d=mm&r=g","caption":"adminpcb"},"url":"https:\/\/www.pcb.ub.edu\/en\/author\/adminpcb\/"}]}},"_links":{"self":[{"href":"https:\/\/www.pcb.ub.edu\/en\/wp-json\/wp\/v2\/posts\/46339","targetHints":{"allow":["GET"]}}],"collection":[{"href":"https:\/\/www.pcb.ub.edu\/en\/wp-json\/wp\/v2\/posts"}],"about":[{"href":"https:\/\/www.pcb.ub.edu\/en\/wp-json\/wp\/v2\/types\/post"}],"author":[{"embeddable":true,"href":"https:\/\/www.pcb.ub.edu\/en\/wp-json\/wp\/v2\/users\/1"}],"replies":[{"embeddable":true,"href":"https:\/\/www.pcb.ub.edu\/en\/wp-json\/wp\/v2\/comments?post=46339"}],"version-history":[{"count":1,"href":"https:\/\/www.pcb.ub.edu\/en\/wp-json\/wp\/v2\/posts\/46339\/revisions"}],"predecessor-version":[{"id":51363,"href":"https:\/\/www.pcb.ub.edu\/en\/wp-json\/wp\/v2\/posts\/46339\/revisions\/51363"}],"wp:attachment":[{"href":"https:\/\/www.pcb.ub.edu\/en\/wp-json\/wp\/v2\/media?parent=46339"}],"wp:term":[{"taxonomy":"category","embeddable":true,"href":"https:\/\/www.pcb.ub.edu\/en\/wp-json\/wp\/v2\/categories?post=46339"},{"taxonomy":"post_tag","embeddable":true,"href":"https:\/\/www.pcb.ub.edu\/en\/wp-json\/wp\/v2\/tags?post=46339"}],"curies":[{"name":"wp","href":"https:\/\/api.w.org\/{rel}","templated":true}]}}