{"id":46086,"date":"2009-01-08T00:00:00","date_gmt":"2009-01-07T23:00:00","guid":{"rendered":"http:\/\/www.pcb.ub.edu\/second-international-conference-of-the-unesco-bioethics-chair-at-the-ub\/"},"modified":"2020-11-18T14:49:15","modified_gmt":"2020-11-18T13:49:15","slug":"second-international-conference-of-the-unesco-bioethics-chair-at-the-ub","status":"publish","type":"post","link":"https:\/\/www.pcb.ub.edu\/en\/second-international-conference-of-the-unesco-bioethics-chair-at-the-ub\/","title":{"rendered":"Second International Conference of the UNESCO Bioethics Chair at the UB"},"content":{"rendered":"<p>The main objective of the conference, which is hosted annually by the UNESCO Bioethics Chair at the UB, is to promote the &#8220;Universal Declaration on Bioethics and Human Rights&#8221;, jointly with the UB&#8217;s Observatory on Bioethics and Law (<a href=\"p693.asp\" class=\"email\">OBD<\/a>), which is located at the Barcelona Science Park. <\/p>\n<p> Participating in the conference will be individuals with international prestige in the field of bioethics, including former UNESCO Director-General Federico Mayor Zaragoza and Florencia Luna, director of Argentina&#8217;s Observatory on Bioethics at the Latin-American Faculty of Social Sciences (FLACSO) and former president of the International Bioethics Association. OBD members taking part will include Mar\u00eda Casado, OBD director and holder of the UNESCO Bioethics Chair at the UB, and Llu\u00eds Cabr\u00e9, president of the Bioethics and Law Association (ABD). <\/p>\n<p> The opening and introduction to the conference will be handled by Enoch Albert\u00ed, dean of the UB&#8217;s Law School, and Mar\u00eda Casado, UNESCO Bioethics Chair at the UB. Speakers will include prestigious members of the Observatory on Bioethics and Law, the Bioethics Committee of Spain, and the Network in Bioethics Teaching (AECI).   <\/p>\n<p> The mission of the UNESCO Bioethics Chair at the UB is to foster an integrated system of research, training and dissemination activities in the field of Bioethics, with the aim of facilitating collaboration among renowned specialists, universities and institutions of higher learning in Europe, the Americas and other regions of the world. Another of its objectives is to promote the transfer of the experience gained by the Observatory on Bioethics and Law to developing countries. <\/p>\n<p> <a href=\"http:\/\/www.pcb.ub.es\/bioeticaidret\/index.php?option=com_content&amp;task=view&amp;id=346&amp;Itemid=125&amp;lang=es_ES\" target=\"_blank\" class=\"email\" rel=\"noopener noreferrer\">For further information<\/a> <\/p>\n","protected":false},"excerpt":{"rendered":"<p>The <a href=\"http:\/\/www.pcb.ub.es\/bioeticaidret\/index.php?option=com_content&amp;task=view&amp;id=273&amp;Itemid=125&amp;lang=es_ES\" target=\"_blank\" class=\"email\" rel=\"noopener noreferrer\">UNESCO Bioethics Chair <\/a> at the University of Barcelona is set to host its second international conference on 26 and 27 January 2009 in the great hall of the UB&#8217;s Law School. The conference will address &#8220;Human Dignity as a Foundation of UNESCO&#8217;s Universal Declaration on Bioethics and Human Rights&#8221;. <\/p>\n","protected":false},"author":1,"featured_media":0,"comment_status":"closed","ping_status":"open","sticky":false,"template":"","format":"standard","meta":{"_acf_changed":false,"inline_featured_image":false,"footnotes":""},"categories":[8],"tags":[],"class_list":["post-46086","post","type-post","status-publish","format-standard","category-uncategorized"],"acf":[],"yoast_head":"<!-- This site is optimized with the Yoast SEO plugin v27.3 - https:\/\/yoast.com\/product\/yoast-seo-wordpress\/ -->\n<title>Second International Conference of the UNESCO Bioethics Chair at the UB - Parc Cient\u00edfic de Barcelona<\/title>\n<meta name=\"robots\" content=\"index, follow, max-snippet:-1, max-image-preview:large, max-video-preview:-1\" \/>\n<link rel=\"canonical\" href=\"https:\/\/www.pcb.ub.edu\/en\/second-international-conference-of-the-unesco-bioethics-chair-at-the-ub\/\" \/>\n<meta property=\"og:locale\" content=\"en_US\" \/>\n<meta property=\"og:type\" content=\"article\" \/>\n<meta property=\"og:title\" content=\"Second International Conference of the UNESCO Bioethics Chair at the UB - Parc Cient\u00edfic de Barcelona\" \/>\n<meta property=\"og:description\" content=\"The UNESCO Bioethics Chair at the University of Barcelona is set to host its second international conference on 26 and 27 January 2009 in the great hall of the UB&#039;s Law School. The conference will address &quot;Human Dignity as a Foundation of UNESCO&#039;s Universal Declaration on Bioethics and Human Rights&quot;.\" \/>\n<meta property=\"og:url\" content=\"https:\/\/www.pcb.ub.edu\/en\/second-international-conference-of-the-unesco-bioethics-chair-at-the-ub\/\" \/>\n<meta property=\"og:site_name\" content=\"Parc Cient\u00edfic de Barcelona\" \/>\n<meta property=\"article:published_time\" content=\"2009-01-07T23:00:00+00:00\" \/>\n<meta property=\"article:modified_time\" content=\"2020-11-18T13:49:15+00:00\" \/>\n<meta name=\"author\" content=\"adminpcb\" \/>\n<meta name=\"twitter:card\" content=\"summary_large_image\" \/>\n<meta name=\"twitter:label1\" content=\"Written by\" \/>\n\t<meta name=\"twitter:data1\" content=\"adminpcb\" \/>\n\t<meta name=\"twitter:label2\" content=\"Est. reading time\" \/>\n\t<meta name=\"twitter:data2\" content=\"1 minute\" \/>\n<script type=\"application\/ld+json\" class=\"yoast-schema-graph\">{\"@context\":\"https:\\\/\\\/schema.org\",\"@graph\":[{\"@type\":\"Article\",\"@id\":\"https:\\\/\\\/www.pcb.ub.edu\\\/en\\\/second-international-conference-of-the-unesco-bioethics-chair-at-the-ub\\\/#article\",\"isPartOf\":{\"@id\":\"https:\\\/\\\/www.pcb.ub.edu\\\/en\\\/second-international-conference-of-the-unesco-bioethics-chair-at-the-ub\\\/\"},\"author\":{\"name\":\"adminpcb\",\"@id\":\"https:\\\/\\\/www.pcb.ub.edu\\\/es\\\/#\\\/schema\\\/person\\\/d13cab05cd0a75b17fddca8496481021\"},\"headline\":\"Second International Conference of the UNESCO Bioethics Chair at the UB\",\"datePublished\":\"2009-01-07T23:00:00+00:00\",\"dateModified\":\"2020-11-18T13:49:15+00:00\",\"mainEntityOfPage\":{\"@id\":\"https:\\\/\\\/www.pcb.ub.edu\\\/en\\\/second-international-conference-of-the-unesco-bioethics-chair-at-the-ub\\\/\"},\"wordCount\":269,\"inLanguage\":\"en-US\"},{\"@type\":\"WebPage\",\"@id\":\"https:\\\/\\\/www.pcb.ub.edu\\\/en\\\/second-international-conference-of-the-unesco-bioethics-chair-at-the-ub\\\/\",\"url\":\"https:\\\/\\\/www.pcb.ub.edu\\\/en\\\/second-international-conference-of-the-unesco-bioethics-chair-at-the-ub\\\/\",\"name\":\"Second International Conference of the UNESCO Bioethics Chair at the UB - Parc Cient\u00edfic de Barcelona\",\"isPartOf\":{\"@id\":\"https:\\\/\\\/www.pcb.ub.edu\\\/es\\\/#website\"},\"datePublished\":\"2009-01-07T23:00:00+00:00\",\"dateModified\":\"2020-11-18T13:49:15+00:00\",\"author\":{\"@id\":\"https:\\\/\\\/www.pcb.ub.edu\\\/es\\\/#\\\/schema\\\/person\\\/d13cab05cd0a75b17fddca8496481021\"},\"breadcrumb\":{\"@id\":\"https:\\\/\\\/www.pcb.ub.edu\\\/en\\\/second-international-conference-of-the-unesco-bioethics-chair-at-the-ub\\\/#breadcrumb\"},\"inLanguage\":\"en-US\",\"potentialAction\":[{\"@type\":\"ReadAction\",\"target\":[\"https:\\\/\\\/www.pcb.ub.edu\\\/en\\\/second-international-conference-of-the-unesco-bioethics-chair-at-the-ub\\\/\"]}]},{\"@type\":\"BreadcrumbList\",\"@id\":\"https:\\\/\\\/www.pcb.ub.edu\\\/en\\\/second-international-conference-of-the-unesco-bioethics-chair-at-the-ub\\\/#breadcrumb\",\"itemListElement\":[{\"@type\":\"ListItem\",\"position\":1,\"name\":\"Home\",\"item\":\"https:\\\/\\\/www.pcb.ub.edu\\\/en\\\/\"},{\"@type\":\"ListItem\",\"position\":2,\"name\":\"Second International Conference of the UNESCO Bioethics Chair at the UB\"}]},{\"@type\":\"WebSite\",\"@id\":\"https:\\\/\\\/www.pcb.ub.edu\\\/es\\\/#website\",\"url\":\"https:\\\/\\\/www.pcb.ub.edu\\\/es\\\/\",\"name\":\"Parc Cient\u00edfic de Barcelona\",\"description\":\"Universitat de Barcelona\",\"potentialAction\":[{\"@type\":\"SearchAction\",\"target\":{\"@type\":\"EntryPoint\",\"urlTemplate\":\"https:\\\/\\\/www.pcb.ub.edu\\\/es\\\/?s={search_term_string}\"},\"query-input\":{\"@type\":\"PropertyValueSpecification\",\"valueRequired\":true,\"valueName\":\"search_term_string\"}}],\"inLanguage\":\"en-US\"},{\"@type\":\"Person\",\"@id\":\"https:\\\/\\\/www.pcb.ub.edu\\\/es\\\/#\\\/schema\\\/person\\\/d13cab05cd0a75b17fddca8496481021\",\"name\":\"adminpcb\",\"image\":{\"@type\":\"ImageObject\",\"inLanguage\":\"en-US\",\"@id\":\"https:\\\/\\\/secure.gravatar.com\\\/avatar\\\/41ad0fab4bb3bf5348b0af9612159cfd93173a57bbca98fecb50fa6f3ab97d28?s=96&d=mm&r=g\",\"url\":\"https:\\\/\\\/secure.gravatar.com\\\/avatar\\\/41ad0fab4bb3bf5348b0af9612159cfd93173a57bbca98fecb50fa6f3ab97d28?s=96&d=mm&r=g\",\"contentUrl\":\"https:\\\/\\\/secure.gravatar.com\\\/avatar\\\/41ad0fab4bb3bf5348b0af9612159cfd93173a57bbca98fecb50fa6f3ab97d28?s=96&d=mm&r=g\",\"caption\":\"adminpcb\"},\"url\":\"https:\\\/\\\/www.pcb.ub.edu\\\/en\\\/author\\\/adminpcb\\\/\"}]}<\/script>\n<!-- \/ Yoast SEO plugin. -->","yoast_head_json":{"title":"Second International Conference of the UNESCO Bioethics Chair at the UB - Parc Cient\u00edfic de Barcelona","robots":{"index":"index","follow":"follow","max-snippet":"max-snippet:-1","max-image-preview":"max-image-preview:large","max-video-preview":"max-video-preview:-1"},"canonical":"https:\/\/www.pcb.ub.edu\/en\/second-international-conference-of-the-unesco-bioethics-chair-at-the-ub\/","og_locale":"en_US","og_type":"article","og_title":"Second International Conference of the UNESCO Bioethics Chair at the UB - Parc Cient\u00edfic de Barcelona","og_description":"The UNESCO Bioethics Chair at the University of Barcelona is set to host its second international conference on 26 and 27 January 2009 in the great hall of the UB's Law School. The conference will address \"Human Dignity as a Foundation of UNESCO's Universal Declaration on Bioethics and Human Rights\".","og_url":"https:\/\/www.pcb.ub.edu\/en\/second-international-conference-of-the-unesco-bioethics-chair-at-the-ub\/","og_site_name":"Parc Cient\u00edfic de Barcelona","article_published_time":"2009-01-07T23:00:00+00:00","article_modified_time":"2020-11-18T13:49:15+00:00","author":"adminpcb","twitter_card":"summary_large_image","twitter_misc":{"Written by":"adminpcb","Est. reading time":"1 minute"},"schema":{"@context":"https:\/\/schema.org","@graph":[{"@type":"Article","@id":"https:\/\/www.pcb.ub.edu\/en\/second-international-conference-of-the-unesco-bioethics-chair-at-the-ub\/#article","isPartOf":{"@id":"https:\/\/www.pcb.ub.edu\/en\/second-international-conference-of-the-unesco-bioethics-chair-at-the-ub\/"},"author":{"name":"adminpcb","@id":"https:\/\/www.pcb.ub.edu\/es\/#\/schema\/person\/d13cab05cd0a75b17fddca8496481021"},"headline":"Second International Conference of the UNESCO Bioethics Chair at the UB","datePublished":"2009-01-07T23:00:00+00:00","dateModified":"2020-11-18T13:49:15+00:00","mainEntityOfPage":{"@id":"https:\/\/www.pcb.ub.edu\/en\/second-international-conference-of-the-unesco-bioethics-chair-at-the-ub\/"},"wordCount":269,"inLanguage":"en-US"},{"@type":"WebPage","@id":"https:\/\/www.pcb.ub.edu\/en\/second-international-conference-of-the-unesco-bioethics-chair-at-the-ub\/","url":"https:\/\/www.pcb.ub.edu\/en\/second-international-conference-of-the-unesco-bioethics-chair-at-the-ub\/","name":"Second International Conference of the UNESCO Bioethics Chair at the UB - Parc Cient\u00edfic de Barcelona","isPartOf":{"@id":"https:\/\/www.pcb.ub.edu\/es\/#website"},"datePublished":"2009-01-07T23:00:00+00:00","dateModified":"2020-11-18T13:49:15+00:00","author":{"@id":"https:\/\/www.pcb.ub.edu\/es\/#\/schema\/person\/d13cab05cd0a75b17fddca8496481021"},"breadcrumb":{"@id":"https:\/\/www.pcb.ub.edu\/en\/second-international-conference-of-the-unesco-bioethics-chair-at-the-ub\/#breadcrumb"},"inLanguage":"en-US","potentialAction":[{"@type":"ReadAction","target":["https:\/\/www.pcb.ub.edu\/en\/second-international-conference-of-the-unesco-bioethics-chair-at-the-ub\/"]}]},{"@type":"BreadcrumbList","@id":"https:\/\/www.pcb.ub.edu\/en\/second-international-conference-of-the-unesco-bioethics-chair-at-the-ub\/#breadcrumb","itemListElement":[{"@type":"ListItem","position":1,"name":"Home","item":"https:\/\/www.pcb.ub.edu\/en\/"},{"@type":"ListItem","position":2,"name":"Second International Conference of the UNESCO Bioethics Chair at the UB"}]},{"@type":"WebSite","@id":"https:\/\/www.pcb.ub.edu\/es\/#website","url":"https:\/\/www.pcb.ub.edu\/es\/","name":"Parc Cient\u00edfic de Barcelona","description":"Universitat de Barcelona","potentialAction":[{"@type":"SearchAction","target":{"@type":"EntryPoint","urlTemplate":"https:\/\/www.pcb.ub.edu\/es\/?s={search_term_string}"},"query-input":{"@type":"PropertyValueSpecification","valueRequired":true,"valueName":"search_term_string"}}],"inLanguage":"en-US"},{"@type":"Person","@id":"https:\/\/www.pcb.ub.edu\/es\/#\/schema\/person\/d13cab05cd0a75b17fddca8496481021","name":"adminpcb","image":{"@type":"ImageObject","inLanguage":"en-US","@id":"https:\/\/secure.gravatar.com\/avatar\/41ad0fab4bb3bf5348b0af9612159cfd93173a57bbca98fecb50fa6f3ab97d28?s=96&d=mm&r=g","url":"https:\/\/secure.gravatar.com\/avatar\/41ad0fab4bb3bf5348b0af9612159cfd93173a57bbca98fecb50fa6f3ab97d28?s=96&d=mm&r=g","contentUrl":"https:\/\/secure.gravatar.com\/avatar\/41ad0fab4bb3bf5348b0af9612159cfd93173a57bbca98fecb50fa6f3ab97d28?s=96&d=mm&r=g","caption":"adminpcb"},"url":"https:\/\/www.pcb.ub.edu\/en\/author\/adminpcb\/"}]}},"_links":{"self":[{"href":"https:\/\/www.pcb.ub.edu\/en\/wp-json\/wp\/v2\/posts\/46086","targetHints":{"allow":["GET"]}}],"collection":[{"href":"https:\/\/www.pcb.ub.edu\/en\/wp-json\/wp\/v2\/posts"}],"about":[{"href":"https:\/\/www.pcb.ub.edu\/en\/wp-json\/wp\/v2\/types\/post"}],"author":[{"embeddable":true,"href":"https:\/\/www.pcb.ub.edu\/en\/wp-json\/wp\/v2\/users\/1"}],"replies":[{"embeddable":true,"href":"https:\/\/www.pcb.ub.edu\/en\/wp-json\/wp\/v2\/comments?post=46086"}],"version-history":[{"count":1,"href":"https:\/\/www.pcb.ub.edu\/en\/wp-json\/wp\/v2\/posts\/46086\/revisions"}],"predecessor-version":[{"id":51226,"href":"https:\/\/www.pcb.ub.edu\/en\/wp-json\/wp\/v2\/posts\/46086\/revisions\/51226"}],"wp:attachment":[{"href":"https:\/\/www.pcb.ub.edu\/en\/wp-json\/wp\/v2\/media?parent=46086"}],"wp:term":[{"taxonomy":"category","embeddable":true,"href":"https:\/\/www.pcb.ub.edu\/en\/wp-json\/wp\/v2\/categories?post=46086"},{"taxonomy":"post_tag","embeddable":true,"href":"https:\/\/www.pcb.ub.edu\/en\/wp-json\/wp\/v2\/tags?post=46086"}],"curies":[{"name":"wp","href":"https:\/\/api.w.org\/{rel}","templated":true}]}}