{"id":46025,"date":"2008-10-03T00:00:00","date_gmt":"2008-10-02T23:00:00","guid":{"rendered":"http:\/\/www.pcb.ub.edu\/the-fundacio-bosch-i-gimpera-celebrates-its-25th-anniversary\/"},"modified":"2020-11-18T14:49:08","modified_gmt":"2020-11-18T13:49:08","slug":"the-fundacio-bosch-i-gimpera-celebrates-its-25th-anniversary","status":"publish","type":"post","link":"https:\/\/www.pcb.ub.edu\/en\/the-fundacio-bosch-i-gimpera-celebrates-its-25th-anniversary\/","title":{"rendered":"The Fundaci\u00f3 Bosch i Gimpera celebrates its 25th anniversary"},"content":{"rendered":"<p>&#8221;<\/p>\n<div class=\"col-sm-6 detall-noticia-imatges\">\n<div class=\"row\">\n<div class=\"item active one-image\">\n\t\t\t\t\t\t<a class=\"icon-search\" href='http:\/\/www.pcb.ub.edu\/wp-content\/uploads\/2020\/11\/1223569111567.jpg'><\/a><br \/>\n\t\t\t\t\t\t<img src='http:\/\/www.pcb.ub.edu\/wp-content\/uploads\/2020\/11\/1223569111567.jpg' \/>\n\t\t\t\t\t<\/div><\/div><\/div>\n<p>\t\t\tThe event also acted as a meeting point between the world for universities and the Catalan business sector.  <\/p>\n<p> <a href=\"http:\/\/www.fbg.ub.es\/index.php?option=com_content&amp;task=view&amp;id=104&amp;Itemid=1\" target=\"_blank\" class=\"email\" rel=\"noopener noreferrer\">For further information<\/a> <\/p>\n","protected":false},"excerpt":{"rendered":"<p>On the evening of October 3rd, the Bosch i Gimpera Foundation (Fundaci\u00f3 Bosch i Gimpera) celebrated its 25th anniversary with a function presided over by the Spanish Secretary of State for Universities, M\u00e0rius Rubiralta, the Catalan Counsellor for Innovation, Universities and Enterprise, Josep Huguet, and the acting rector of the University of Barcelona, Josep Samitier. <\/p>\n","protected":false},"author":1,"featured_media":0,"comment_status":"closed","ping_status":"open","sticky":false,"template":"","format":"standard","meta":{"_acf_changed":false,"inline_featured_image":false,"footnotes":""},"categories":[8],"tags":[],"class_list":["post-46025","post","type-post","status-publish","format-standard","category-uncategorized"],"acf":[],"yoast_head":"<!-- This site is optimized with the Yoast SEO plugin v27.3 - https:\/\/yoast.com\/product\/yoast-seo-wordpress\/ -->\n<title>The Fundaci\u00f3 Bosch i Gimpera celebrates its 25th anniversary - Parc Cient\u00edfic de Barcelona<\/title>\n<meta name=\"robots\" content=\"index, follow, max-snippet:-1, max-image-preview:large, max-video-preview:-1\" \/>\n<link rel=\"canonical\" href=\"https:\/\/www.pcb.ub.edu\/en\/the-fundacio-bosch-i-gimpera-celebrates-its-25th-anniversary\/\" \/>\n<meta property=\"og:locale\" content=\"en_US\" \/>\n<meta property=\"og:type\" content=\"article\" \/>\n<meta property=\"og:title\" content=\"The Fundaci\u00f3 Bosch i Gimpera celebrates its 25th anniversary - Parc Cient\u00edfic de Barcelona\" \/>\n<meta property=\"og:description\" content=\"On the evening of October 3rd, the Bosch i Gimpera Foundation (Fundaci\u00f3 Bosch i Gimpera) celebrated its 25th anniversary with a function presided over by the Spanish Secretary of State for Universities, M\u00e0rius Rubiralta, the Catalan Counsellor for Innovation, Universities and Enterprise, Josep Huguet, and the acting rector of the University of Barcelona, Josep Samitier.\" \/>\n<meta property=\"og:url\" content=\"https:\/\/www.pcb.ub.edu\/en\/the-fundacio-bosch-i-gimpera-celebrates-its-25th-anniversary\/\" \/>\n<meta property=\"og:site_name\" content=\"Parc Cient\u00edfic de Barcelona\" \/>\n<meta property=\"article:published_time\" content=\"2008-10-02T23:00:00+00:00\" \/>\n<meta property=\"article:modified_time\" content=\"2020-11-18T13:49:08+00:00\" \/>\n<meta property=\"og:image\" content=\"http:\/\/www.pcb.ub.edu\/wp-content\/uploads\/2020\/11\/1223569111567.jpg\" \/>\n<meta name=\"author\" content=\"adminpcb\" \/>\n<meta name=\"twitter:card\" content=\"summary_large_image\" \/>\n<meta name=\"twitter:label1\" content=\"Written by\" \/>\n\t<meta name=\"twitter:data1\" content=\"adminpcb\" \/>\n<script type=\"application\/ld+json\" class=\"yoast-schema-graph\">{\"@context\":\"https:\\\/\\\/schema.org\",\"@graph\":[{\"@type\":\"Article\",\"@id\":\"https:\\\/\\\/www.pcb.ub.edu\\\/en\\\/the-fundacio-bosch-i-gimpera-celebrates-its-25th-anniversary\\\/#article\",\"isPartOf\":{\"@id\":\"https:\\\/\\\/www.pcb.ub.edu\\\/en\\\/the-fundacio-bosch-i-gimpera-celebrates-its-25th-anniversary\\\/\"},\"author\":{\"name\":\"adminpcb\",\"@id\":\"https:\\\/\\\/www.pcb.ub.edu\\\/es\\\/#\\\/schema\\\/person\\\/d13cab05cd0a75b17fddca8496481021\"},\"headline\":\"The Fundaci\u00f3 Bosch i Gimpera celebrates its 25th anniversary\",\"datePublished\":\"2008-10-02T23:00:00+00:00\",\"dateModified\":\"2020-11-18T13:49:08+00:00\",\"mainEntityOfPage\":{\"@id\":\"https:\\\/\\\/www.pcb.ub.edu\\\/en\\\/the-fundacio-bosch-i-gimpera-celebrates-its-25th-anniversary\\\/\"},\"wordCount\":30,\"image\":{\"@id\":\"https:\\\/\\\/www.pcb.ub.edu\\\/en\\\/the-fundacio-bosch-i-gimpera-celebrates-its-25th-anniversary\\\/#primaryimage\"},\"thumbnailUrl\":\"http:\\\/\\\/www.pcb.ub.edu\\\/wp-content\\\/uploads\\\/2020\\\/11\\\/1223569111567.jpg\",\"inLanguage\":\"en-US\"},{\"@type\":\"WebPage\",\"@id\":\"https:\\\/\\\/www.pcb.ub.edu\\\/en\\\/the-fundacio-bosch-i-gimpera-celebrates-its-25th-anniversary\\\/\",\"url\":\"https:\\\/\\\/www.pcb.ub.edu\\\/en\\\/the-fundacio-bosch-i-gimpera-celebrates-its-25th-anniversary\\\/\",\"name\":\"The Fundaci\u00f3 Bosch i Gimpera celebrates its 25th anniversary - Parc Cient\u00edfic de Barcelona\",\"isPartOf\":{\"@id\":\"https:\\\/\\\/www.pcb.ub.edu\\\/es\\\/#website\"},\"primaryImageOfPage\":{\"@id\":\"https:\\\/\\\/www.pcb.ub.edu\\\/en\\\/the-fundacio-bosch-i-gimpera-celebrates-its-25th-anniversary\\\/#primaryimage\"},\"image\":{\"@id\":\"https:\\\/\\\/www.pcb.ub.edu\\\/en\\\/the-fundacio-bosch-i-gimpera-celebrates-its-25th-anniversary\\\/#primaryimage\"},\"thumbnailUrl\":\"http:\\\/\\\/www.pcb.ub.edu\\\/wp-content\\\/uploads\\\/2020\\\/11\\\/1223569111567.jpg\",\"datePublished\":\"2008-10-02T23:00:00+00:00\",\"dateModified\":\"2020-11-18T13:49:08+00:00\",\"author\":{\"@id\":\"https:\\\/\\\/www.pcb.ub.edu\\\/es\\\/#\\\/schema\\\/person\\\/d13cab05cd0a75b17fddca8496481021\"},\"breadcrumb\":{\"@id\":\"https:\\\/\\\/www.pcb.ub.edu\\\/en\\\/the-fundacio-bosch-i-gimpera-celebrates-its-25th-anniversary\\\/#breadcrumb\"},\"inLanguage\":\"en-US\",\"potentialAction\":[{\"@type\":\"ReadAction\",\"target\":[\"https:\\\/\\\/www.pcb.ub.edu\\\/en\\\/the-fundacio-bosch-i-gimpera-celebrates-its-25th-anniversary\\\/\"]}]},{\"@type\":\"ImageObject\",\"inLanguage\":\"en-US\",\"@id\":\"https:\\\/\\\/www.pcb.ub.edu\\\/en\\\/the-fundacio-bosch-i-gimpera-celebrates-its-25th-anniversary\\\/#primaryimage\",\"url\":\"http:\\\/\\\/www.pcb.ub.edu\\\/wp-content\\\/uploads\\\/2020\\\/11\\\/1223569111567.jpg\",\"contentUrl\":\"http:\\\/\\\/www.pcb.ub.edu\\\/wp-content\\\/uploads\\\/2020\\\/11\\\/1223569111567.jpg\"},{\"@type\":\"BreadcrumbList\",\"@id\":\"https:\\\/\\\/www.pcb.ub.edu\\\/en\\\/the-fundacio-bosch-i-gimpera-celebrates-its-25th-anniversary\\\/#breadcrumb\",\"itemListElement\":[{\"@type\":\"ListItem\",\"position\":1,\"name\":\"Home\",\"item\":\"https:\\\/\\\/www.pcb.ub.edu\\\/en\\\/\"},{\"@type\":\"ListItem\",\"position\":2,\"name\":\"The Fundaci\u00f3 Bosch i Gimpera celebrates its 25th anniversary\"}]},{\"@type\":\"WebSite\",\"@id\":\"https:\\\/\\\/www.pcb.ub.edu\\\/es\\\/#website\",\"url\":\"https:\\\/\\\/www.pcb.ub.edu\\\/es\\\/\",\"name\":\"Parc Cient\u00edfic de Barcelona\",\"description\":\"Universitat de Barcelona\",\"potentialAction\":[{\"@type\":\"SearchAction\",\"target\":{\"@type\":\"EntryPoint\",\"urlTemplate\":\"https:\\\/\\\/www.pcb.ub.edu\\\/es\\\/?s={search_term_string}\"},\"query-input\":{\"@type\":\"PropertyValueSpecification\",\"valueRequired\":true,\"valueName\":\"search_term_string\"}}],\"inLanguage\":\"en-US\"},{\"@type\":\"Person\",\"@id\":\"https:\\\/\\\/www.pcb.ub.edu\\\/es\\\/#\\\/schema\\\/person\\\/d13cab05cd0a75b17fddca8496481021\",\"name\":\"adminpcb\",\"image\":{\"@type\":\"ImageObject\",\"inLanguage\":\"en-US\",\"@id\":\"https:\\\/\\\/secure.gravatar.com\\\/avatar\\\/41ad0fab4bb3bf5348b0af9612159cfd93173a57bbca98fecb50fa6f3ab97d28?s=96&d=mm&r=g\",\"url\":\"https:\\\/\\\/secure.gravatar.com\\\/avatar\\\/41ad0fab4bb3bf5348b0af9612159cfd93173a57bbca98fecb50fa6f3ab97d28?s=96&d=mm&r=g\",\"contentUrl\":\"https:\\\/\\\/secure.gravatar.com\\\/avatar\\\/41ad0fab4bb3bf5348b0af9612159cfd93173a57bbca98fecb50fa6f3ab97d28?s=96&d=mm&r=g\",\"caption\":\"adminpcb\"},\"url\":\"https:\\\/\\\/www.pcb.ub.edu\\\/en\\\/author\\\/adminpcb\\\/\"}]}<\/script>\n<!-- \/ Yoast SEO plugin. -->","yoast_head_json":{"title":"The Fundaci\u00f3 Bosch i Gimpera celebrates its 25th anniversary - Parc Cient\u00edfic de Barcelona","robots":{"index":"index","follow":"follow","max-snippet":"max-snippet:-1","max-image-preview":"max-image-preview:large","max-video-preview":"max-video-preview:-1"},"canonical":"https:\/\/www.pcb.ub.edu\/en\/the-fundacio-bosch-i-gimpera-celebrates-its-25th-anniversary\/","og_locale":"en_US","og_type":"article","og_title":"The Fundaci\u00f3 Bosch i Gimpera celebrates its 25th anniversary - Parc Cient\u00edfic de Barcelona","og_description":"On the evening of October 3rd, the Bosch i Gimpera Foundation (Fundaci\u00f3 Bosch i Gimpera) celebrated its 25th anniversary with a function presided over by the Spanish Secretary of State for Universities, M\u00e0rius Rubiralta, the Catalan Counsellor for Innovation, Universities and Enterprise, Josep Huguet, and the acting rector of the University of Barcelona, Josep Samitier.","og_url":"https:\/\/www.pcb.ub.edu\/en\/the-fundacio-bosch-i-gimpera-celebrates-its-25th-anniversary\/","og_site_name":"Parc Cient\u00edfic de Barcelona","article_published_time":"2008-10-02T23:00:00+00:00","article_modified_time":"2020-11-18T13:49:08+00:00","og_image":[{"url":"http:\/\/www.pcb.ub.edu\/wp-content\/uploads\/2020\/11\/1223569111567.jpg","type":"","width":"","height":""}],"author":"adminpcb","twitter_card":"summary_large_image","twitter_misc":{"Written by":"adminpcb"},"schema":{"@context":"https:\/\/schema.org","@graph":[{"@type":"Article","@id":"https:\/\/www.pcb.ub.edu\/en\/the-fundacio-bosch-i-gimpera-celebrates-its-25th-anniversary\/#article","isPartOf":{"@id":"https:\/\/www.pcb.ub.edu\/en\/the-fundacio-bosch-i-gimpera-celebrates-its-25th-anniversary\/"},"author":{"name":"adminpcb","@id":"https:\/\/www.pcb.ub.edu\/es\/#\/schema\/person\/d13cab05cd0a75b17fddca8496481021"},"headline":"The Fundaci\u00f3 Bosch i Gimpera celebrates its 25th anniversary","datePublished":"2008-10-02T23:00:00+00:00","dateModified":"2020-11-18T13:49:08+00:00","mainEntityOfPage":{"@id":"https:\/\/www.pcb.ub.edu\/en\/the-fundacio-bosch-i-gimpera-celebrates-its-25th-anniversary\/"},"wordCount":30,"image":{"@id":"https:\/\/www.pcb.ub.edu\/en\/the-fundacio-bosch-i-gimpera-celebrates-its-25th-anniversary\/#primaryimage"},"thumbnailUrl":"http:\/\/www.pcb.ub.edu\/wp-content\/uploads\/2020\/11\/1223569111567.jpg","inLanguage":"en-US"},{"@type":"WebPage","@id":"https:\/\/www.pcb.ub.edu\/en\/the-fundacio-bosch-i-gimpera-celebrates-its-25th-anniversary\/","url":"https:\/\/www.pcb.ub.edu\/en\/the-fundacio-bosch-i-gimpera-celebrates-its-25th-anniversary\/","name":"The Fundaci\u00f3 Bosch i Gimpera celebrates its 25th anniversary - Parc Cient\u00edfic de Barcelona","isPartOf":{"@id":"https:\/\/www.pcb.ub.edu\/es\/#website"},"primaryImageOfPage":{"@id":"https:\/\/www.pcb.ub.edu\/en\/the-fundacio-bosch-i-gimpera-celebrates-its-25th-anniversary\/#primaryimage"},"image":{"@id":"https:\/\/www.pcb.ub.edu\/en\/the-fundacio-bosch-i-gimpera-celebrates-its-25th-anniversary\/#primaryimage"},"thumbnailUrl":"http:\/\/www.pcb.ub.edu\/wp-content\/uploads\/2020\/11\/1223569111567.jpg","datePublished":"2008-10-02T23:00:00+00:00","dateModified":"2020-11-18T13:49:08+00:00","author":{"@id":"https:\/\/www.pcb.ub.edu\/es\/#\/schema\/person\/d13cab05cd0a75b17fddca8496481021"},"breadcrumb":{"@id":"https:\/\/www.pcb.ub.edu\/en\/the-fundacio-bosch-i-gimpera-celebrates-its-25th-anniversary\/#breadcrumb"},"inLanguage":"en-US","potentialAction":[{"@type":"ReadAction","target":["https:\/\/www.pcb.ub.edu\/en\/the-fundacio-bosch-i-gimpera-celebrates-its-25th-anniversary\/"]}]},{"@type":"ImageObject","inLanguage":"en-US","@id":"https:\/\/www.pcb.ub.edu\/en\/the-fundacio-bosch-i-gimpera-celebrates-its-25th-anniversary\/#primaryimage","url":"http:\/\/www.pcb.ub.edu\/wp-content\/uploads\/2020\/11\/1223569111567.jpg","contentUrl":"http:\/\/www.pcb.ub.edu\/wp-content\/uploads\/2020\/11\/1223569111567.jpg"},{"@type":"BreadcrumbList","@id":"https:\/\/www.pcb.ub.edu\/en\/the-fundacio-bosch-i-gimpera-celebrates-its-25th-anniversary\/#breadcrumb","itemListElement":[{"@type":"ListItem","position":1,"name":"Home","item":"https:\/\/www.pcb.ub.edu\/en\/"},{"@type":"ListItem","position":2,"name":"The Fundaci\u00f3 Bosch i Gimpera celebrates its 25th anniversary"}]},{"@type":"WebSite","@id":"https:\/\/www.pcb.ub.edu\/es\/#website","url":"https:\/\/www.pcb.ub.edu\/es\/","name":"Parc Cient\u00edfic de Barcelona","description":"Universitat de Barcelona","potentialAction":[{"@type":"SearchAction","target":{"@type":"EntryPoint","urlTemplate":"https:\/\/www.pcb.ub.edu\/es\/?s={search_term_string}"},"query-input":{"@type":"PropertyValueSpecification","valueRequired":true,"valueName":"search_term_string"}}],"inLanguage":"en-US"},{"@type":"Person","@id":"https:\/\/www.pcb.ub.edu\/es\/#\/schema\/person\/d13cab05cd0a75b17fddca8496481021","name":"adminpcb","image":{"@type":"ImageObject","inLanguage":"en-US","@id":"https:\/\/secure.gravatar.com\/avatar\/41ad0fab4bb3bf5348b0af9612159cfd93173a57bbca98fecb50fa6f3ab97d28?s=96&d=mm&r=g","url":"https:\/\/secure.gravatar.com\/avatar\/41ad0fab4bb3bf5348b0af9612159cfd93173a57bbca98fecb50fa6f3ab97d28?s=96&d=mm&r=g","contentUrl":"https:\/\/secure.gravatar.com\/avatar\/41ad0fab4bb3bf5348b0af9612159cfd93173a57bbca98fecb50fa6f3ab97d28?s=96&d=mm&r=g","caption":"adminpcb"},"url":"https:\/\/www.pcb.ub.edu\/en\/author\/adminpcb\/"}]}},"_links":{"self":[{"href":"https:\/\/www.pcb.ub.edu\/en\/wp-json\/wp\/v2\/posts\/46025","targetHints":{"allow":["GET"]}}],"collection":[{"href":"https:\/\/www.pcb.ub.edu\/en\/wp-json\/wp\/v2\/posts"}],"about":[{"href":"https:\/\/www.pcb.ub.edu\/en\/wp-json\/wp\/v2\/types\/post"}],"author":[{"embeddable":true,"href":"https:\/\/www.pcb.ub.edu\/en\/wp-json\/wp\/v2\/users\/1"}],"replies":[{"embeddable":true,"href":"https:\/\/www.pcb.ub.edu\/en\/wp-json\/wp\/v2\/comments?post=46025"}],"version-history":[{"count":1,"href":"https:\/\/www.pcb.ub.edu\/en\/wp-json\/wp\/v2\/posts\/46025\/revisions"}],"predecessor-version":[{"id":51181,"href":"https:\/\/www.pcb.ub.edu\/en\/wp-json\/wp\/v2\/posts\/46025\/revisions\/51181"}],"wp:attachment":[{"href":"https:\/\/www.pcb.ub.edu\/en\/wp-json\/wp\/v2\/media?parent=46025"}],"wp:term":[{"taxonomy":"category","embeddable":true,"href":"https:\/\/www.pcb.ub.edu\/en\/wp-json\/wp\/v2\/categories?post=46025"},{"taxonomy":"post_tag","embeddable":true,"href":"https:\/\/www.pcb.ub.edu\/en\/wp-json\/wp\/v2\/tags?post=46025"}],"curies":[{"name":"wp","href":"https:\/\/api.w.org\/{rel}","templated":true}]}}