{"id":46016,"date":"2008-09-30T00:00:00","date_gmt":"2008-09-29T23:00:00","guid":{"rendered":"http:\/\/www.pcb.ub.edu\/miquel-moreto-named-new-director-of-insa-ub\/"},"modified":"2020-11-18T14:49:06","modified_gmt":"2020-11-18T13:49:06","slug":"miquel-moreto-named-new-director-of-insa-ub","status":"publish","type":"post","link":"https:\/\/www.pcb.ub.edu\/en\/miquel-moreto-named-new-director-of-insa-ub\/","title":{"rendered":"Miquel Moret\u00f3 Named New Director of INSA-UB"},"content":{"rendered":"<p>&#8221;<\/p>\n<div class=\"col-sm-6 detall-noticia-imatges\">\n<div class=\"row\">\n<div class=\"item active one-image\">\n\t\t\t\t\t\t<a class=\"icon-search\" href='http:\/\/www.pcb.ub.edu\/wp-content\/uploads\/2020\/11\/1223304146066.jpg'><\/a><br \/>\n\t\t\t\t\t\t<img src='http:\/\/www.pcb.ub.edu\/wp-content\/uploads\/2020\/11\/1223304146066.jpg' \/>\n\t\t\t\t\t<\/div><\/div><\/div>\n<p>\t\t\tINSA-UB began as an initiative backed by research groups with the Schools of Pharmacy, Biology, Chemistry, and Geography and History at the University of Barcelona and by other affiliated centres and hospitals linked to the UB.  Its mission is to carry out quality research in the area of nutrition and food safety; facilitate technology and knowledge transfer to society at large; offer expert advice and training to the food industry and to public institutions; and provide sound scientific information to consumers. <\/p>\n<p> In the inaugural board meeting, Miquel Moret\u00f3 covered the main accomplishments of INSA-UB over the past three years and highlighted the consolidation of projects currently underway among his objectives as incoming director, particularly solidifying the Institute&#8217;s role in advancing university\/ business joint projects and in supporting the official Master&#8217;s in Food Safety. He attached special emphasis to creating overlapping lines of research that foster collaboration among research groups so that INSA-UB will become a leading research centre in the area of nutrition and food science.  <\/p>\n<p> Miquel Moret\u00f3 took his first degree at the University of Barcelona and has worked in the Physiology Department in the UB&#8217;s School of Pharmacy since 1975.  Currently, he leads the research group on Intestinal Physiology and Functional Foods and is a member of the research group on Physiology and Experimental Nutrition, approved by the government of the Generalitat of Catalonia.  Moret\u00f3 has published over 70 papers in scientific journals and participated in more than 25 national research projects, 16 of which he has led.  He also takes part in various scientific institutions and associations, including the Roslin Institute (UK), the European Intestinal Transport Group and the Spanish Society of Biochemistry and Molecular Biology. <\/p>\n<p> <a href=\"http:\/\/www.pcb.ub.cat\/homePCB\/docs\/pdf\/Moreto_CV_Short_0809.pdf\" target=\"_blank\" class=\"email\" rel=\"noopener noreferrer\">For more information<\/a> <\/p>\n","protected":false},"excerpt":{"rendered":"<p>Miquel Moret\u00f3, professor in the Physiology Department of the School of Pharmacy, has recently been appointed director of the Nutrition and Food Safety Research Institute at the University of Barcelona (<a href=\"http:\/\/www.ub.es\/insa\/\" target=\"_blank\" class=\"email\" rel=\"noopener noreferrer\">INSA\u00b7UB<\/a>), ), located at the Barcelona Science Park.  His appointment coincides with the formation of a new INSA-UB Board of Directors, which has given him its overwhelming support.   In the same meeting, the board also announced that Dra Carmen Vidal, researcher at the Department of Nutrition and Bromatology at the School of Pharmacy, will become INSA-UB&#8217;s secretary.<\/p>\n","protected":false},"author":1,"featured_media":0,"comment_status":"closed","ping_status":"open","sticky":false,"template":"","format":"standard","meta":{"_acf_changed":false,"inline_featured_image":false,"footnotes":""},"categories":[8],"tags":[],"class_list":["post-46016","post","type-post","status-publish","format-standard","category-uncategorized"],"acf":[],"yoast_head":"<!-- This site is optimized with the Yoast SEO plugin v27.3 - https:\/\/yoast.com\/product\/yoast-seo-wordpress\/ -->\n<title>Miquel Moret\u00f3 Named New Director of INSA-UB - Parc Cient\u00edfic de Barcelona<\/title>\n<meta name=\"robots\" content=\"index, follow, max-snippet:-1, max-image-preview:large, max-video-preview:-1\" \/>\n<link rel=\"canonical\" href=\"https:\/\/www.pcb.ub.edu\/en\/miquel-moreto-named-new-director-of-insa-ub\/\" \/>\n<meta property=\"og:locale\" content=\"en_US\" \/>\n<meta property=\"og:type\" content=\"article\" \/>\n<meta property=\"og:title\" content=\"Miquel Moret\u00f3 Named New Director of INSA-UB - Parc Cient\u00edfic de Barcelona\" \/>\n<meta property=\"og:description\" content=\"Miquel Moret\u00f3, professor in the Physiology Department of the School of Pharmacy, has recently been appointed director of the Nutrition and Food Safety Research Institute at the University of Barcelona (INSA\u00b7UB), ), located at the Barcelona Science Park. His appointment coincides with the formation of a new INSA-UB Board of Directors, which has given him its overwhelming support.  In the same meeting, the board also announced that Dra Carmen Vidal, researcher at the Department of Nutrition and Bromatology at the School of Pharmacy, will become INSA-UB&#039;s secretary.\" \/>\n<meta property=\"og:url\" content=\"https:\/\/www.pcb.ub.edu\/en\/miquel-moreto-named-new-director-of-insa-ub\/\" \/>\n<meta property=\"og:site_name\" content=\"Parc Cient\u00edfic de Barcelona\" \/>\n<meta property=\"article:published_time\" content=\"2008-09-29T23:00:00+00:00\" \/>\n<meta property=\"article:modified_time\" content=\"2020-11-18T13:49:06+00:00\" \/>\n<meta property=\"og:image\" content=\"http:\/\/www.pcb.ub.edu\/wp-content\/uploads\/2020\/11\/1223304146066.jpg\" \/>\n<meta name=\"author\" content=\"adminpcb\" \/>\n<meta name=\"twitter:card\" content=\"summary_large_image\" \/>\n<meta name=\"twitter:label1\" content=\"Written by\" \/>\n\t<meta name=\"twitter:data1\" content=\"adminpcb\" \/>\n\t<meta name=\"twitter:label2\" content=\"Est. reading time\" \/>\n\t<meta name=\"twitter:data2\" content=\"1 minute\" \/>\n<script type=\"application\/ld+json\" class=\"yoast-schema-graph\">{\"@context\":\"https:\\\/\\\/schema.org\",\"@graph\":[{\"@type\":\"Article\",\"@id\":\"https:\\\/\\\/www.pcb.ub.edu\\\/en\\\/miquel-moreto-named-new-director-of-insa-ub\\\/#article\",\"isPartOf\":{\"@id\":\"https:\\\/\\\/www.pcb.ub.edu\\\/en\\\/miquel-moreto-named-new-director-of-insa-ub\\\/\"},\"author\":{\"name\":\"adminpcb\",\"@id\":\"https:\\\/\\\/www.pcb.ub.edu\\\/es\\\/#\\\/schema\\\/person\\\/d13cab05cd0a75b17fddca8496481021\"},\"headline\":\"Miquel Moret\u00f3 Named New Director of INSA-UB\",\"datePublished\":\"2008-09-29T23:00:00+00:00\",\"dateModified\":\"2020-11-18T13:49:06+00:00\",\"mainEntityOfPage\":{\"@id\":\"https:\\\/\\\/www.pcb.ub.edu\\\/en\\\/miquel-moreto-named-new-director-of-insa-ub\\\/\"},\"wordCount\":285,\"image\":{\"@id\":\"https:\\\/\\\/www.pcb.ub.edu\\\/en\\\/miquel-moreto-named-new-director-of-insa-ub\\\/#primaryimage\"},\"thumbnailUrl\":\"http:\\\/\\\/www.pcb.ub.edu\\\/wp-content\\\/uploads\\\/2020\\\/11\\\/1223304146066.jpg\",\"inLanguage\":\"en-US\"},{\"@type\":\"WebPage\",\"@id\":\"https:\\\/\\\/www.pcb.ub.edu\\\/en\\\/miquel-moreto-named-new-director-of-insa-ub\\\/\",\"url\":\"https:\\\/\\\/www.pcb.ub.edu\\\/en\\\/miquel-moreto-named-new-director-of-insa-ub\\\/\",\"name\":\"Miquel Moret\u00f3 Named New Director of INSA-UB - Parc Cient\u00edfic de Barcelona\",\"isPartOf\":{\"@id\":\"https:\\\/\\\/www.pcb.ub.edu\\\/es\\\/#website\"},\"primaryImageOfPage\":{\"@id\":\"https:\\\/\\\/www.pcb.ub.edu\\\/en\\\/miquel-moreto-named-new-director-of-insa-ub\\\/#primaryimage\"},\"image\":{\"@id\":\"https:\\\/\\\/www.pcb.ub.edu\\\/en\\\/miquel-moreto-named-new-director-of-insa-ub\\\/#primaryimage\"},\"thumbnailUrl\":\"http:\\\/\\\/www.pcb.ub.edu\\\/wp-content\\\/uploads\\\/2020\\\/11\\\/1223304146066.jpg\",\"datePublished\":\"2008-09-29T23:00:00+00:00\",\"dateModified\":\"2020-11-18T13:49:06+00:00\",\"author\":{\"@id\":\"https:\\\/\\\/www.pcb.ub.edu\\\/es\\\/#\\\/schema\\\/person\\\/d13cab05cd0a75b17fddca8496481021\"},\"breadcrumb\":{\"@id\":\"https:\\\/\\\/www.pcb.ub.edu\\\/en\\\/miquel-moreto-named-new-director-of-insa-ub\\\/#breadcrumb\"},\"inLanguage\":\"en-US\",\"potentialAction\":[{\"@type\":\"ReadAction\",\"target\":[\"https:\\\/\\\/www.pcb.ub.edu\\\/en\\\/miquel-moreto-named-new-director-of-insa-ub\\\/\"]}]},{\"@type\":\"ImageObject\",\"inLanguage\":\"en-US\",\"@id\":\"https:\\\/\\\/www.pcb.ub.edu\\\/en\\\/miquel-moreto-named-new-director-of-insa-ub\\\/#primaryimage\",\"url\":\"http:\\\/\\\/www.pcb.ub.edu\\\/wp-content\\\/uploads\\\/2020\\\/11\\\/1223304146066.jpg\",\"contentUrl\":\"http:\\\/\\\/www.pcb.ub.edu\\\/wp-content\\\/uploads\\\/2020\\\/11\\\/1223304146066.jpg\"},{\"@type\":\"BreadcrumbList\",\"@id\":\"https:\\\/\\\/www.pcb.ub.edu\\\/en\\\/miquel-moreto-named-new-director-of-insa-ub\\\/#breadcrumb\",\"itemListElement\":[{\"@type\":\"ListItem\",\"position\":1,\"name\":\"Home\",\"item\":\"https:\\\/\\\/www.pcb.ub.edu\\\/en\\\/\"},{\"@type\":\"ListItem\",\"position\":2,\"name\":\"Miquel Moret\u00f3 Named New Director of INSA-UB\"}]},{\"@type\":\"WebSite\",\"@id\":\"https:\\\/\\\/www.pcb.ub.edu\\\/es\\\/#website\",\"url\":\"https:\\\/\\\/www.pcb.ub.edu\\\/es\\\/\",\"name\":\"Parc Cient\u00edfic de Barcelona\",\"description\":\"Universitat de Barcelona\",\"potentialAction\":[{\"@type\":\"SearchAction\",\"target\":{\"@type\":\"EntryPoint\",\"urlTemplate\":\"https:\\\/\\\/www.pcb.ub.edu\\\/es\\\/?s={search_term_string}\"},\"query-input\":{\"@type\":\"PropertyValueSpecification\",\"valueRequired\":true,\"valueName\":\"search_term_string\"}}],\"inLanguage\":\"en-US\"},{\"@type\":\"Person\",\"@id\":\"https:\\\/\\\/www.pcb.ub.edu\\\/es\\\/#\\\/schema\\\/person\\\/d13cab05cd0a75b17fddca8496481021\",\"name\":\"adminpcb\",\"image\":{\"@type\":\"ImageObject\",\"inLanguage\":\"en-US\",\"@id\":\"https:\\\/\\\/secure.gravatar.com\\\/avatar\\\/41ad0fab4bb3bf5348b0af9612159cfd93173a57bbca98fecb50fa6f3ab97d28?s=96&d=mm&r=g\",\"url\":\"https:\\\/\\\/secure.gravatar.com\\\/avatar\\\/41ad0fab4bb3bf5348b0af9612159cfd93173a57bbca98fecb50fa6f3ab97d28?s=96&d=mm&r=g\",\"contentUrl\":\"https:\\\/\\\/secure.gravatar.com\\\/avatar\\\/41ad0fab4bb3bf5348b0af9612159cfd93173a57bbca98fecb50fa6f3ab97d28?s=96&d=mm&r=g\",\"caption\":\"adminpcb\"},\"url\":\"https:\\\/\\\/www.pcb.ub.edu\\\/en\\\/author\\\/adminpcb\\\/\"}]}<\/script>\n<!-- \/ Yoast SEO plugin. -->","yoast_head_json":{"title":"Miquel Moret\u00f3 Named New Director of INSA-UB - Parc Cient\u00edfic de Barcelona","robots":{"index":"index","follow":"follow","max-snippet":"max-snippet:-1","max-image-preview":"max-image-preview:large","max-video-preview":"max-video-preview:-1"},"canonical":"https:\/\/www.pcb.ub.edu\/en\/miquel-moreto-named-new-director-of-insa-ub\/","og_locale":"en_US","og_type":"article","og_title":"Miquel Moret\u00f3 Named New Director of INSA-UB - Parc Cient\u00edfic de Barcelona","og_description":"Miquel Moret\u00f3, professor in the Physiology Department of the School of Pharmacy, has recently been appointed director of the Nutrition and Food Safety Research Institute at the University of Barcelona (INSA\u00b7UB), ), located at the Barcelona Science Park. His appointment coincides with the formation of a new INSA-UB Board of Directors, which has given him its overwhelming support.  In the same meeting, the board also announced that Dra Carmen Vidal, researcher at the Department of Nutrition and Bromatology at the School of Pharmacy, will become INSA-UB's secretary.","og_url":"https:\/\/www.pcb.ub.edu\/en\/miquel-moreto-named-new-director-of-insa-ub\/","og_site_name":"Parc Cient\u00edfic de Barcelona","article_published_time":"2008-09-29T23:00:00+00:00","article_modified_time":"2020-11-18T13:49:06+00:00","og_image":[{"url":"http:\/\/www.pcb.ub.edu\/wp-content\/uploads\/2020\/11\/1223304146066.jpg","type":"","width":"","height":""}],"author":"adminpcb","twitter_card":"summary_large_image","twitter_misc":{"Written by":"adminpcb","Est. reading time":"1 minute"},"schema":{"@context":"https:\/\/schema.org","@graph":[{"@type":"Article","@id":"https:\/\/www.pcb.ub.edu\/en\/miquel-moreto-named-new-director-of-insa-ub\/#article","isPartOf":{"@id":"https:\/\/www.pcb.ub.edu\/en\/miquel-moreto-named-new-director-of-insa-ub\/"},"author":{"name":"adminpcb","@id":"https:\/\/www.pcb.ub.edu\/es\/#\/schema\/person\/d13cab05cd0a75b17fddca8496481021"},"headline":"Miquel Moret\u00f3 Named New Director of INSA-UB","datePublished":"2008-09-29T23:00:00+00:00","dateModified":"2020-11-18T13:49:06+00:00","mainEntityOfPage":{"@id":"https:\/\/www.pcb.ub.edu\/en\/miquel-moreto-named-new-director-of-insa-ub\/"},"wordCount":285,"image":{"@id":"https:\/\/www.pcb.ub.edu\/en\/miquel-moreto-named-new-director-of-insa-ub\/#primaryimage"},"thumbnailUrl":"http:\/\/www.pcb.ub.edu\/wp-content\/uploads\/2020\/11\/1223304146066.jpg","inLanguage":"en-US"},{"@type":"WebPage","@id":"https:\/\/www.pcb.ub.edu\/en\/miquel-moreto-named-new-director-of-insa-ub\/","url":"https:\/\/www.pcb.ub.edu\/en\/miquel-moreto-named-new-director-of-insa-ub\/","name":"Miquel Moret\u00f3 Named New Director of INSA-UB - Parc Cient\u00edfic de Barcelona","isPartOf":{"@id":"https:\/\/www.pcb.ub.edu\/es\/#website"},"primaryImageOfPage":{"@id":"https:\/\/www.pcb.ub.edu\/en\/miquel-moreto-named-new-director-of-insa-ub\/#primaryimage"},"image":{"@id":"https:\/\/www.pcb.ub.edu\/en\/miquel-moreto-named-new-director-of-insa-ub\/#primaryimage"},"thumbnailUrl":"http:\/\/www.pcb.ub.edu\/wp-content\/uploads\/2020\/11\/1223304146066.jpg","datePublished":"2008-09-29T23:00:00+00:00","dateModified":"2020-11-18T13:49:06+00:00","author":{"@id":"https:\/\/www.pcb.ub.edu\/es\/#\/schema\/person\/d13cab05cd0a75b17fddca8496481021"},"breadcrumb":{"@id":"https:\/\/www.pcb.ub.edu\/en\/miquel-moreto-named-new-director-of-insa-ub\/#breadcrumb"},"inLanguage":"en-US","potentialAction":[{"@type":"ReadAction","target":["https:\/\/www.pcb.ub.edu\/en\/miquel-moreto-named-new-director-of-insa-ub\/"]}]},{"@type":"ImageObject","inLanguage":"en-US","@id":"https:\/\/www.pcb.ub.edu\/en\/miquel-moreto-named-new-director-of-insa-ub\/#primaryimage","url":"http:\/\/www.pcb.ub.edu\/wp-content\/uploads\/2020\/11\/1223304146066.jpg","contentUrl":"http:\/\/www.pcb.ub.edu\/wp-content\/uploads\/2020\/11\/1223304146066.jpg"},{"@type":"BreadcrumbList","@id":"https:\/\/www.pcb.ub.edu\/en\/miquel-moreto-named-new-director-of-insa-ub\/#breadcrumb","itemListElement":[{"@type":"ListItem","position":1,"name":"Home","item":"https:\/\/www.pcb.ub.edu\/en\/"},{"@type":"ListItem","position":2,"name":"Miquel Moret\u00f3 Named New Director of INSA-UB"}]},{"@type":"WebSite","@id":"https:\/\/www.pcb.ub.edu\/es\/#website","url":"https:\/\/www.pcb.ub.edu\/es\/","name":"Parc Cient\u00edfic de Barcelona","description":"Universitat de Barcelona","potentialAction":[{"@type":"SearchAction","target":{"@type":"EntryPoint","urlTemplate":"https:\/\/www.pcb.ub.edu\/es\/?s={search_term_string}"},"query-input":{"@type":"PropertyValueSpecification","valueRequired":true,"valueName":"search_term_string"}}],"inLanguage":"en-US"},{"@type":"Person","@id":"https:\/\/www.pcb.ub.edu\/es\/#\/schema\/person\/d13cab05cd0a75b17fddca8496481021","name":"adminpcb","image":{"@type":"ImageObject","inLanguage":"en-US","@id":"https:\/\/secure.gravatar.com\/avatar\/41ad0fab4bb3bf5348b0af9612159cfd93173a57bbca98fecb50fa6f3ab97d28?s=96&d=mm&r=g","url":"https:\/\/secure.gravatar.com\/avatar\/41ad0fab4bb3bf5348b0af9612159cfd93173a57bbca98fecb50fa6f3ab97d28?s=96&d=mm&r=g","contentUrl":"https:\/\/secure.gravatar.com\/avatar\/41ad0fab4bb3bf5348b0af9612159cfd93173a57bbca98fecb50fa6f3ab97d28?s=96&d=mm&r=g","caption":"adminpcb"},"url":"https:\/\/www.pcb.ub.edu\/en\/author\/adminpcb\/"}]}},"_links":{"self":[{"href":"https:\/\/www.pcb.ub.edu\/en\/wp-json\/wp\/v2\/posts\/46016","targetHints":{"allow":["GET"]}}],"collection":[{"href":"https:\/\/www.pcb.ub.edu\/en\/wp-json\/wp\/v2\/posts"}],"about":[{"href":"https:\/\/www.pcb.ub.edu\/en\/wp-json\/wp\/v2\/types\/post"}],"author":[{"embeddable":true,"href":"https:\/\/www.pcb.ub.edu\/en\/wp-json\/wp\/v2\/users\/1"}],"replies":[{"embeddable":true,"href":"https:\/\/www.pcb.ub.edu\/en\/wp-json\/wp\/v2\/comments?post=46016"}],"version-history":[{"count":1,"href":"https:\/\/www.pcb.ub.edu\/en\/wp-json\/wp\/v2\/posts\/46016\/revisions"}],"predecessor-version":[{"id":51178,"href":"https:\/\/www.pcb.ub.edu\/en\/wp-json\/wp\/v2\/posts\/46016\/revisions\/51178"}],"wp:attachment":[{"href":"https:\/\/www.pcb.ub.edu\/en\/wp-json\/wp\/v2\/media?parent=46016"}],"wp:term":[{"taxonomy":"category","embeddable":true,"href":"https:\/\/www.pcb.ub.edu\/en\/wp-json\/wp\/v2\/categories?post=46016"},{"taxonomy":"post_tag","embeddable":true,"href":"https:\/\/www.pcb.ub.edu\/en\/wp-json\/wp\/v2\/tags?post=46016"}],"curies":[{"name":"wp","href":"https:\/\/api.w.org\/{rel}","templated":true}]}}