{"id":45761,"date":"2007-05-07T00:00:00","date_gmt":"2007-05-06T23:00:00","guid":{"rendered":"http:\/\/www.pcb.ub.edu\/sobre-la-tercera-convocatoria-dajuts-per-al-projecte-recerca-a-secundariato-translate\/"},"modified":"2020-11-18T14:48:41","modified_gmt":"2020-11-18T13:48:41","slug":"sobre-la-tercera-convocatoria-dajuts-per-al-projecte-recerca-a-secundariato-translate","status":"publish","type":"post","link":"https:\/\/www.pcb.ub.edu\/en\/sobre-la-tercera-convocatoria-dajuts-per-al-projecte-recerca-a-secundariato-translate\/","title":{"rendered":"S&#8217;obre la tercera convocat\u00f2ria d&#8217;ajuts per al projecte \u00abRecerca a Secund\u00e0ria\u00bbTO TRANSLATE >>>"},"content":{"rendered":"<p>El projecte \u00abRecerca a Secund\u00e0ria\u00bb ofereix als estudiants de batxillerat l&#8217;ajut d&#8217;un investigador del Parc Cient\u00edfic de Barcelona que, durant un any aproximadament, facilita als estudiants una tutela bibliogr\u00e0fica, aix\u00ed com la possibilitat de fer sessions  pr\u00e0ctiques als laboratoris del Parc. Per aix\u00f2, el PCB obre una primera convocat\u00f2ria d&#8217;ajuts pel personal investigador que est\u00e0 duent la seva recerca en aquest centre.  <\/p>\n<p> En concret, es convoquen 10 ajuts de col\u00b7laboraci\u00f3 per donar suport a 20 treballs de recerca de secund\u00e0ria dels Instituts d&#8217;Educaci\u00f3 Superior que participen en aquest programa de tutoria. Per tant, cada tutor, que normalment seran joves investigadors, haur\u00e0 de donar suport a dos treballs de recerca. No obstant, els joves continuaran disposant de la tutela del seu professor de secund\u00e0ria, que ser\u00e0 el m\u00e0xim responsable del projecte. Per aix\u00f2, el temps que el tutor haur\u00e0 de dedicar a l&#8217;estudiant, tot i que podr\u00e0 variar en cada cas, ser\u00e0 d&#8217;unes sis sessions. <\/p>\n<p> Per la seva banda, els tutors tamb\u00e9 comptaran amb l&#8217;assessorament d&#8217;un investigador universitari que actuar\u00e0 com a coordinador, i que compta amb una \u00e0mplia experi\u00e8ncia en la tutela dels projectes de recerca, aix\u00ed com en el camp de l&#8217;Educaci\u00f3 Secund\u00e0ria Obligat\u00f2ria Batxillerat.  <\/p>\n<p> Un cop resolta aquesta convocat\u00f2ria es far\u00e0 una reuni\u00f3 informativa per als tutors de secund\u00e0ria interessats, que tindr\u00e0 lloc el dia 30 de maig, perqu\u00e8 puguin con\u00e8ixer als tutors i les l\u00ednies de recerca que es duen a terme al PCB, i s&#8217;obrir\u00e0 un altra convocat\u00f2ria perqu\u00e8 els professors dels centres puguin presentar les seves propostes de treballs de recerca, que finalitzar\u00e0 el dia 12 de juny. Finalment s&#8217;adjudicaran els tutors als diferents estudiants. <\/p>\n<p> Un cop els projectes de recerca estiguin finalitzats, el PCB organitzar\u00e0 unes jornades de Presentaci\u00f3 durant les quals se n&#8217;escolliran tres que seran premiats. <\/p>\n<p> Per a m\u00e9s informaci\u00f3: www.pcb.ub.es\/beques <\/p>\n","protected":false},"excerpt":{"rendered":"<p>El Parc Cient\u00edfic de Barcelona ha fet p\u00fablica ja la tercera convocat\u00f2ria d&#8217;ajuts dirigida a investigadors que vulguin fer de tutors d&#8217;estudiants de secund\u00e0ria durant el seu projecte de recerca. La iniciativa s&#8217;inclou dins del programa \u00abRecerca en Societat\u00bb que desenvolupa el PCB i t\u00e9 com a finalitat promoure la recerca entre la comunitat educativa i fomentar l&#8217;esperit cient\u00edfic dels joves de batxillerat. La data l\u00edmit per presentar les sol\u00b7licituds \u00e9s el dia 23 de maig.<\/p>\n","protected":false},"author":1,"featured_media":0,"comment_status":"closed","ping_status":"open","sticky":false,"template":"","format":"standard","meta":{"_acf_changed":false,"inline_featured_image":false,"footnotes":""},"categories":[8],"tags":[],"class_list":["post-45761","post","type-post","status-publish","format-standard","category-uncategorized"],"acf":[],"yoast_head":"<!-- This site is optimized with the Yoast SEO plugin v27.3 - https:\/\/yoast.com\/product\/yoast-seo-wordpress\/ -->\n<title>S&#039;obre la tercera convocat\u00f2ria d&#039;ajuts per al projecte \u00abRecerca a Secund\u00e0ria\u00bbTO TRANSLATE &gt;&gt;&gt; - Parc Cient\u00edfic de Barcelona<\/title>\n<meta name=\"robots\" content=\"index, follow, max-snippet:-1, max-image-preview:large, max-video-preview:-1\" \/>\n<link rel=\"canonical\" href=\"https:\/\/www.pcb.ub.edu\/en\/sobre-la-tercera-convocatoria-dajuts-per-al-projecte-recerca-a-secundariato-translate\/\" \/>\n<meta property=\"og:locale\" content=\"en_US\" \/>\n<meta property=\"og:type\" content=\"article\" \/>\n<meta property=\"og:title\" content=\"S&#039;obre la tercera convocat\u00f2ria d&#039;ajuts per al projecte \u00abRecerca a Secund\u00e0ria\u00bbTO TRANSLATE &gt;&gt;&gt; - Parc Cient\u00edfic de Barcelona\" \/>\n<meta property=\"og:description\" content=\"El Parc Cient\u00edfic de Barcelona ha fet p\u00fablica ja la tercera convocat\u00f2ria d&#039;ajuts dirigida a investigadors que vulguin fer de tutors d&#039;estudiants de secund\u00e0ria durant el seu projecte de recerca. La iniciativa s&#039;inclou dins del programa \u00abRecerca en Societat\u00bb que desenvolupa el PCB i t\u00e9 com a finalitat promoure la recerca entre la comunitat educativa i fomentar l&#039;esperit cient\u00edfic dels joves de batxillerat. La data l\u00edmit per presentar les sol\u00b7licituds \u00e9s el dia 23 de maig.\" \/>\n<meta property=\"og:url\" content=\"https:\/\/www.pcb.ub.edu\/en\/sobre-la-tercera-convocatoria-dajuts-per-al-projecte-recerca-a-secundariato-translate\/\" \/>\n<meta property=\"og:site_name\" content=\"Parc Cient\u00edfic de Barcelona\" \/>\n<meta property=\"article:published_time\" content=\"2007-05-06T23:00:00+00:00\" \/>\n<meta property=\"article:modified_time\" content=\"2020-11-18T13:48:41+00:00\" \/>\n<meta name=\"author\" content=\"adminpcb\" \/>\n<meta name=\"twitter:card\" content=\"summary_large_image\" \/>\n<meta name=\"twitter:label1\" content=\"Written by\" \/>\n\t<meta name=\"twitter:data1\" content=\"adminpcb\" \/>\n\t<meta name=\"twitter:label2\" content=\"Est. reading time\" \/>\n\t<meta name=\"twitter:data2\" content=\"2 minutes\" \/>\n<script type=\"application\/ld+json\" class=\"yoast-schema-graph\">{\"@context\":\"https:\\\/\\\/schema.org\",\"@graph\":[{\"@type\":\"Article\",\"@id\":\"https:\\\/\\\/www.pcb.ub.edu\\\/en\\\/sobre-la-tercera-convocatoria-dajuts-per-al-projecte-recerca-a-secundariato-translate\\\/#article\",\"isPartOf\":{\"@id\":\"https:\\\/\\\/www.pcb.ub.edu\\\/en\\\/sobre-la-tercera-convocatoria-dajuts-per-al-projecte-recerca-a-secundariato-translate\\\/\"},\"author\":{\"name\":\"adminpcb\",\"@id\":\"https:\\\/\\\/www.pcb.ub.edu\\\/es\\\/#\\\/schema\\\/person\\\/d13cab05cd0a75b17fddca8496481021\"},\"headline\":\"S&#8217;obre la tercera convocat\u00f2ria d&#8217;ajuts per al projecte \u00abRecerca a Secund\u00e0ria\u00bbTO TRANSLATE >>>\",\"datePublished\":\"2007-05-06T23:00:00+00:00\",\"dateModified\":\"2020-11-18T13:48:41+00:00\",\"mainEntityOfPage\":{\"@id\":\"https:\\\/\\\/www.pcb.ub.edu\\\/en\\\/sobre-la-tercera-convocatoria-dajuts-per-al-projecte-recerca-a-secundariato-translate\\\/\"},\"wordCount\":332,\"inLanguage\":\"en-US\"},{\"@type\":\"WebPage\",\"@id\":\"https:\\\/\\\/www.pcb.ub.edu\\\/en\\\/sobre-la-tercera-convocatoria-dajuts-per-al-projecte-recerca-a-secundariato-translate\\\/\",\"url\":\"https:\\\/\\\/www.pcb.ub.edu\\\/en\\\/sobre-la-tercera-convocatoria-dajuts-per-al-projecte-recerca-a-secundariato-translate\\\/\",\"name\":\"S'obre la tercera convocat\u00f2ria d'ajuts per al projecte \u00abRecerca a Secund\u00e0ria\u00bbTO TRANSLATE >>> - Parc Cient\u00edfic de Barcelona\",\"isPartOf\":{\"@id\":\"https:\\\/\\\/www.pcb.ub.edu\\\/es\\\/#website\"},\"datePublished\":\"2007-05-06T23:00:00+00:00\",\"dateModified\":\"2020-11-18T13:48:41+00:00\",\"author\":{\"@id\":\"https:\\\/\\\/www.pcb.ub.edu\\\/es\\\/#\\\/schema\\\/person\\\/d13cab05cd0a75b17fddca8496481021\"},\"breadcrumb\":{\"@id\":\"https:\\\/\\\/www.pcb.ub.edu\\\/en\\\/sobre-la-tercera-convocatoria-dajuts-per-al-projecte-recerca-a-secundariato-translate\\\/#breadcrumb\"},\"inLanguage\":\"en-US\",\"potentialAction\":[{\"@type\":\"ReadAction\",\"target\":[\"https:\\\/\\\/www.pcb.ub.edu\\\/en\\\/sobre-la-tercera-convocatoria-dajuts-per-al-projecte-recerca-a-secundariato-translate\\\/\"]}]},{\"@type\":\"BreadcrumbList\",\"@id\":\"https:\\\/\\\/www.pcb.ub.edu\\\/en\\\/sobre-la-tercera-convocatoria-dajuts-per-al-projecte-recerca-a-secundariato-translate\\\/#breadcrumb\",\"itemListElement\":[{\"@type\":\"ListItem\",\"position\":1,\"name\":\"Home\",\"item\":\"https:\\\/\\\/www.pcb.ub.edu\\\/en\\\/\"},{\"@type\":\"ListItem\",\"position\":2,\"name\":\"S&#8217;obre la tercera convocat\u00f2ria d&#8217;ajuts per al projecte \u00abRecerca a Secund\u00e0ria\u00bbTO TRANSLATE >>>\"}]},{\"@type\":\"WebSite\",\"@id\":\"https:\\\/\\\/www.pcb.ub.edu\\\/es\\\/#website\",\"url\":\"https:\\\/\\\/www.pcb.ub.edu\\\/es\\\/\",\"name\":\"Parc Cient\u00edfic de Barcelona\",\"description\":\"Universitat de Barcelona\",\"potentialAction\":[{\"@type\":\"SearchAction\",\"target\":{\"@type\":\"EntryPoint\",\"urlTemplate\":\"https:\\\/\\\/www.pcb.ub.edu\\\/es\\\/?s={search_term_string}\"},\"query-input\":{\"@type\":\"PropertyValueSpecification\",\"valueRequired\":true,\"valueName\":\"search_term_string\"}}],\"inLanguage\":\"en-US\"},{\"@type\":\"Person\",\"@id\":\"https:\\\/\\\/www.pcb.ub.edu\\\/es\\\/#\\\/schema\\\/person\\\/d13cab05cd0a75b17fddca8496481021\",\"name\":\"adminpcb\",\"image\":{\"@type\":\"ImageObject\",\"inLanguage\":\"en-US\",\"@id\":\"https:\\\/\\\/secure.gravatar.com\\\/avatar\\\/41ad0fab4bb3bf5348b0af9612159cfd93173a57bbca98fecb50fa6f3ab97d28?s=96&d=mm&r=g\",\"url\":\"https:\\\/\\\/secure.gravatar.com\\\/avatar\\\/41ad0fab4bb3bf5348b0af9612159cfd93173a57bbca98fecb50fa6f3ab97d28?s=96&d=mm&r=g\",\"contentUrl\":\"https:\\\/\\\/secure.gravatar.com\\\/avatar\\\/41ad0fab4bb3bf5348b0af9612159cfd93173a57bbca98fecb50fa6f3ab97d28?s=96&d=mm&r=g\",\"caption\":\"adminpcb\"},\"url\":\"https:\\\/\\\/www.pcb.ub.edu\\\/en\\\/author\\\/adminpcb\\\/\"}]}<\/script>\n<!-- \/ Yoast SEO plugin. -->","yoast_head_json":{"title":"S'obre la tercera convocat\u00f2ria d'ajuts per al projecte \u00abRecerca a Secund\u00e0ria\u00bbTO TRANSLATE >>> - Parc Cient\u00edfic de Barcelona","robots":{"index":"index","follow":"follow","max-snippet":"max-snippet:-1","max-image-preview":"max-image-preview:large","max-video-preview":"max-video-preview:-1"},"canonical":"https:\/\/www.pcb.ub.edu\/en\/sobre-la-tercera-convocatoria-dajuts-per-al-projecte-recerca-a-secundariato-translate\/","og_locale":"en_US","og_type":"article","og_title":"S'obre la tercera convocat\u00f2ria d'ajuts per al projecte \u00abRecerca a Secund\u00e0ria\u00bbTO TRANSLATE >>> - Parc Cient\u00edfic de Barcelona","og_description":"El Parc Cient\u00edfic de Barcelona ha fet p\u00fablica ja la tercera convocat\u00f2ria d'ajuts dirigida a investigadors que vulguin fer de tutors d'estudiants de secund\u00e0ria durant el seu projecte de recerca. La iniciativa s'inclou dins del programa \u00abRecerca en Societat\u00bb que desenvolupa el PCB i t\u00e9 com a finalitat promoure la recerca entre la comunitat educativa i fomentar l'esperit cient\u00edfic dels joves de batxillerat. La data l\u00edmit per presentar les sol\u00b7licituds \u00e9s el dia 23 de maig.","og_url":"https:\/\/www.pcb.ub.edu\/en\/sobre-la-tercera-convocatoria-dajuts-per-al-projecte-recerca-a-secundariato-translate\/","og_site_name":"Parc Cient\u00edfic de Barcelona","article_published_time":"2007-05-06T23:00:00+00:00","article_modified_time":"2020-11-18T13:48:41+00:00","author":"adminpcb","twitter_card":"summary_large_image","twitter_misc":{"Written by":"adminpcb","Est. reading time":"2 minutes"},"schema":{"@context":"https:\/\/schema.org","@graph":[{"@type":"Article","@id":"https:\/\/www.pcb.ub.edu\/en\/sobre-la-tercera-convocatoria-dajuts-per-al-projecte-recerca-a-secundariato-translate\/#article","isPartOf":{"@id":"https:\/\/www.pcb.ub.edu\/en\/sobre-la-tercera-convocatoria-dajuts-per-al-projecte-recerca-a-secundariato-translate\/"},"author":{"name":"adminpcb","@id":"https:\/\/www.pcb.ub.edu\/es\/#\/schema\/person\/d13cab05cd0a75b17fddca8496481021"},"headline":"S&#8217;obre la tercera convocat\u00f2ria d&#8217;ajuts per al projecte \u00abRecerca a Secund\u00e0ria\u00bbTO TRANSLATE >>>","datePublished":"2007-05-06T23:00:00+00:00","dateModified":"2020-11-18T13:48:41+00:00","mainEntityOfPage":{"@id":"https:\/\/www.pcb.ub.edu\/en\/sobre-la-tercera-convocatoria-dajuts-per-al-projecte-recerca-a-secundariato-translate\/"},"wordCount":332,"inLanguage":"en-US"},{"@type":"WebPage","@id":"https:\/\/www.pcb.ub.edu\/en\/sobre-la-tercera-convocatoria-dajuts-per-al-projecte-recerca-a-secundariato-translate\/","url":"https:\/\/www.pcb.ub.edu\/en\/sobre-la-tercera-convocatoria-dajuts-per-al-projecte-recerca-a-secundariato-translate\/","name":"S'obre la tercera convocat\u00f2ria d'ajuts per al projecte \u00abRecerca a Secund\u00e0ria\u00bbTO TRANSLATE >>> - Parc Cient\u00edfic de Barcelona","isPartOf":{"@id":"https:\/\/www.pcb.ub.edu\/es\/#website"},"datePublished":"2007-05-06T23:00:00+00:00","dateModified":"2020-11-18T13:48:41+00:00","author":{"@id":"https:\/\/www.pcb.ub.edu\/es\/#\/schema\/person\/d13cab05cd0a75b17fddca8496481021"},"breadcrumb":{"@id":"https:\/\/www.pcb.ub.edu\/en\/sobre-la-tercera-convocatoria-dajuts-per-al-projecte-recerca-a-secundariato-translate\/#breadcrumb"},"inLanguage":"en-US","potentialAction":[{"@type":"ReadAction","target":["https:\/\/www.pcb.ub.edu\/en\/sobre-la-tercera-convocatoria-dajuts-per-al-projecte-recerca-a-secundariato-translate\/"]}]},{"@type":"BreadcrumbList","@id":"https:\/\/www.pcb.ub.edu\/en\/sobre-la-tercera-convocatoria-dajuts-per-al-projecte-recerca-a-secundariato-translate\/#breadcrumb","itemListElement":[{"@type":"ListItem","position":1,"name":"Home","item":"https:\/\/www.pcb.ub.edu\/en\/"},{"@type":"ListItem","position":2,"name":"S&#8217;obre la tercera convocat\u00f2ria d&#8217;ajuts per al projecte \u00abRecerca a Secund\u00e0ria\u00bbTO TRANSLATE >>>"}]},{"@type":"WebSite","@id":"https:\/\/www.pcb.ub.edu\/es\/#website","url":"https:\/\/www.pcb.ub.edu\/es\/","name":"Parc Cient\u00edfic de Barcelona","description":"Universitat de Barcelona","potentialAction":[{"@type":"SearchAction","target":{"@type":"EntryPoint","urlTemplate":"https:\/\/www.pcb.ub.edu\/es\/?s={search_term_string}"},"query-input":{"@type":"PropertyValueSpecification","valueRequired":true,"valueName":"search_term_string"}}],"inLanguage":"en-US"},{"@type":"Person","@id":"https:\/\/www.pcb.ub.edu\/es\/#\/schema\/person\/d13cab05cd0a75b17fddca8496481021","name":"adminpcb","image":{"@type":"ImageObject","inLanguage":"en-US","@id":"https:\/\/secure.gravatar.com\/avatar\/41ad0fab4bb3bf5348b0af9612159cfd93173a57bbca98fecb50fa6f3ab97d28?s=96&d=mm&r=g","url":"https:\/\/secure.gravatar.com\/avatar\/41ad0fab4bb3bf5348b0af9612159cfd93173a57bbca98fecb50fa6f3ab97d28?s=96&d=mm&r=g","contentUrl":"https:\/\/secure.gravatar.com\/avatar\/41ad0fab4bb3bf5348b0af9612159cfd93173a57bbca98fecb50fa6f3ab97d28?s=96&d=mm&r=g","caption":"adminpcb"},"url":"https:\/\/www.pcb.ub.edu\/en\/author\/adminpcb\/"}]}},"_links":{"self":[{"href":"https:\/\/www.pcb.ub.edu\/en\/wp-json\/wp\/v2\/posts\/45761","targetHints":{"allow":["GET"]}}],"collection":[{"href":"https:\/\/www.pcb.ub.edu\/en\/wp-json\/wp\/v2\/posts"}],"about":[{"href":"https:\/\/www.pcb.ub.edu\/en\/wp-json\/wp\/v2\/types\/post"}],"author":[{"embeddable":true,"href":"https:\/\/www.pcb.ub.edu\/en\/wp-json\/wp\/v2\/users\/1"}],"replies":[{"embeddable":true,"href":"https:\/\/www.pcb.ub.edu\/en\/wp-json\/wp\/v2\/comments?post=45761"}],"version-history":[{"count":1,"href":"https:\/\/www.pcb.ub.edu\/en\/wp-json\/wp\/v2\/posts\/45761\/revisions"}],"predecessor-version":[{"id":51026,"href":"https:\/\/www.pcb.ub.edu\/en\/wp-json\/wp\/v2\/posts\/45761\/revisions\/51026"}],"wp:attachment":[{"href":"https:\/\/www.pcb.ub.edu\/en\/wp-json\/wp\/v2\/media?parent=45761"}],"wp:term":[{"taxonomy":"category","embeddable":true,"href":"https:\/\/www.pcb.ub.edu\/en\/wp-json\/wp\/v2\/categories?post=45761"},{"taxonomy":"post_tag","embeddable":true,"href":"https:\/\/www.pcb.ub.edu\/en\/wp-json\/wp\/v2\/tags?post=45761"}],"curies":[{"name":"wp","href":"https:\/\/api.w.org\/{rel}","templated":true}]}}