{"id":45749,"date":"2003-05-26T00:00:00","date_gmt":"2003-05-25T23:00:00","guid":{"rendered":"http:\/\/www.pcb.ub.edu\/advancell-increases-capital-and-closes-a-round-of-funding-worth-1-8-million\/"},"modified":"2020-11-18T14:48:41","modified_gmt":"2020-11-18T13:48:41","slug":"advancell-increases-capital-and-closes-a-round-of-funding-worth-1-8-million","status":"publish","type":"post","link":"https:\/\/www.pcb.ub.edu\/en\/advancell-increases-capital-and-closes-a-round-of-funding-worth-1-8-million\/","title":{"rendered":"Advancell increases capital and closes a round of funding worth &#8364;1.8 million"},"content":{"rendered":"<p>According to Llu\u00eds Ru\u00edz-\u00c1vila, Director General of Advancell, \u201cthe incoming capital will serve to strengthen the company\u2019s structure, prioritize the development of products and reagents for research into new drugs, and promote the development of the sales network and the international expansion of the company over the coming years\u201d.<\/p>\n<p> <a href=\"http:\/\/www.talde.com\" target=\"_blank\" class=\"email\" rel=\"noopener noreferrer\">Talde<\/a>, which led the round of funding, is a pioneering, private venture capital group which has been involved in the creation and consolidation of over 130 companies. It currently manages resources worth \u20ac73 million and has capital holdings in over thirty companies, its total investment exceeding \u20ac42 million. <\/p>\n<p> <a href=\"http:\/\/www.unirisco.com\" target=\"_blank\" class=\"email\" rel=\"noopener noreferrer\">Unirisco Galicia<\/a> has acquired a holding with the aim of supporting the creation of value through scientific and technological partnerships with various research groups from the <i>Universidad de Santiago<\/i> (University of Santiago).<\/p>\n<p> In a related operation, the Spanish innovation firm, <a href=\"http:\/\/www.enisa.es\" target=\"_blank\" class=\"email\" rel=\"noopener noreferrer\">ENISA<\/a>, linked to the policy management board for small and medium-sized businesses of Spain\u2019s Finance Ministry, has also made a contribution through a participative loan worth \u20ac400,000, the money coming from funds which are jointly managed with the Spanish Ministry of Science and Technology.<\/p>\n","protected":false},"excerpt":{"rendered":"<p>Advanced In Vitro Cell Technologies (<a href=\"http:\/\/www.advancell.net\" target=\"_blank\" class=\"email\" rel=\"noopener noreferrer\">Advancell<\/a>) has increased its capital by opening the door to investment from the venture capital groups Talde and Unirisco Galicia, whose holdings will be 9.27 and 1.85%, respectively. In a related move, BCNempr\u00e8n reasserted its initial confidence in the project by increasing its holding to 15.6%.<\/p>\n","protected":false},"author":1,"featured_media":0,"comment_status":"closed","ping_status":"open","sticky":false,"template":"","format":"standard","meta":{"_acf_changed":false,"inline_featured_image":false,"footnotes":""},"categories":[8],"tags":[],"class_list":["post-45749","post","type-post","status-publish","format-standard","category-uncategorized"],"acf":[],"yoast_head":"<!-- This site is optimized with the Yoast SEO plugin v27.3 - https:\/\/yoast.com\/product\/yoast-seo-wordpress\/ -->\n<title>Advancell increases capital and closes a round of funding worth &#8364;1.8 million - Parc Cient\u00edfic de Barcelona<\/title>\n<meta name=\"robots\" content=\"index, follow, max-snippet:-1, max-image-preview:large, max-video-preview:-1\" \/>\n<link rel=\"canonical\" href=\"https:\/\/www.pcb.ub.edu\/en\/advancell-increases-capital-and-closes-a-round-of-funding-worth-1-8-million\/\" \/>\n<meta property=\"og:locale\" content=\"en_US\" \/>\n<meta property=\"og:type\" content=\"article\" \/>\n<meta property=\"og:title\" content=\"Advancell increases capital and closes a round of funding worth &#8364;1.8 million - Parc Cient\u00edfic de Barcelona\" \/>\n<meta property=\"og:description\" content=\"Advanced In Vitro Cell Technologies (Advancell) has increased its capital by opening the door to investment from the venture capital groups Talde and Unirisco Galicia, whose holdings will be 9.27 and 1.85%, respectively. In a related move, BCNempr\u00e8n reasserted its initial confidence in the project by increasing its holding to 15.6%.\" \/>\n<meta property=\"og:url\" content=\"https:\/\/www.pcb.ub.edu\/en\/advancell-increases-capital-and-closes-a-round-of-funding-worth-1-8-million\/\" \/>\n<meta property=\"og:site_name\" content=\"Parc Cient\u00edfic de Barcelona\" \/>\n<meta property=\"article:published_time\" content=\"2003-05-25T23:00:00+00:00\" \/>\n<meta property=\"article:modified_time\" content=\"2020-11-18T13:48:41+00:00\" \/>\n<meta name=\"author\" content=\"adminpcb\" \/>\n<meta name=\"twitter:card\" content=\"summary_large_image\" \/>\n<meta name=\"twitter:label1\" content=\"Written by\" \/>\n\t<meta name=\"twitter:data1\" content=\"adminpcb\" \/>\n\t<meta name=\"twitter:label2\" content=\"Est. reading time\" \/>\n\t<meta name=\"twitter:data2\" content=\"1 minute\" \/>\n<script type=\"application\/ld+json\" class=\"yoast-schema-graph\">{\"@context\":\"https:\\\/\\\/schema.org\",\"@graph\":[{\"@type\":\"Article\",\"@id\":\"https:\\\/\\\/www.pcb.ub.edu\\\/en\\\/advancell-increases-capital-and-closes-a-round-of-funding-worth-1-8-million\\\/#article\",\"isPartOf\":{\"@id\":\"https:\\\/\\\/www.pcb.ub.edu\\\/en\\\/advancell-increases-capital-and-closes-a-round-of-funding-worth-1-8-million\\\/\"},\"author\":{\"name\":\"adminpcb\",\"@id\":\"https:\\\/\\\/www.pcb.ub.edu\\\/es\\\/#\\\/schema\\\/person\\\/d13cab05cd0a75b17fddca8496481021\"},\"headline\":\"Advancell increases capital and closes a round of funding worth &#8364;1.8 million\",\"datePublished\":\"2003-05-25T23:00:00+00:00\",\"dateModified\":\"2020-11-18T13:48:41+00:00\",\"mainEntityOfPage\":{\"@id\":\"https:\\\/\\\/www.pcb.ub.edu\\\/en\\\/advancell-increases-capital-and-closes-a-round-of-funding-worth-1-8-million\\\/\"},\"wordCount\":193,\"inLanguage\":\"en-US\"},{\"@type\":\"WebPage\",\"@id\":\"https:\\\/\\\/www.pcb.ub.edu\\\/en\\\/advancell-increases-capital-and-closes-a-round-of-funding-worth-1-8-million\\\/\",\"url\":\"https:\\\/\\\/www.pcb.ub.edu\\\/en\\\/advancell-increases-capital-and-closes-a-round-of-funding-worth-1-8-million\\\/\",\"name\":\"Advancell increases capital and closes a round of funding worth &#8364;1.8 million - Parc Cient\u00edfic de Barcelona\",\"isPartOf\":{\"@id\":\"https:\\\/\\\/www.pcb.ub.edu\\\/es\\\/#website\"},\"datePublished\":\"2003-05-25T23:00:00+00:00\",\"dateModified\":\"2020-11-18T13:48:41+00:00\",\"author\":{\"@id\":\"https:\\\/\\\/www.pcb.ub.edu\\\/es\\\/#\\\/schema\\\/person\\\/d13cab05cd0a75b17fddca8496481021\"},\"breadcrumb\":{\"@id\":\"https:\\\/\\\/www.pcb.ub.edu\\\/en\\\/advancell-increases-capital-and-closes-a-round-of-funding-worth-1-8-million\\\/#breadcrumb\"},\"inLanguage\":\"en-US\",\"potentialAction\":[{\"@type\":\"ReadAction\",\"target\":[\"https:\\\/\\\/www.pcb.ub.edu\\\/en\\\/advancell-increases-capital-and-closes-a-round-of-funding-worth-1-8-million\\\/\"]}]},{\"@type\":\"BreadcrumbList\",\"@id\":\"https:\\\/\\\/www.pcb.ub.edu\\\/en\\\/advancell-increases-capital-and-closes-a-round-of-funding-worth-1-8-million\\\/#breadcrumb\",\"itemListElement\":[{\"@type\":\"ListItem\",\"position\":1,\"name\":\"Home\",\"item\":\"https:\\\/\\\/www.pcb.ub.edu\\\/en\\\/\"},{\"@type\":\"ListItem\",\"position\":2,\"name\":\"Advancell increases capital and closes a round of funding worth &#8364;1.8 million\"}]},{\"@type\":\"WebSite\",\"@id\":\"https:\\\/\\\/www.pcb.ub.edu\\\/es\\\/#website\",\"url\":\"https:\\\/\\\/www.pcb.ub.edu\\\/es\\\/\",\"name\":\"Parc Cient\u00edfic de Barcelona\",\"description\":\"Universitat de Barcelona\",\"potentialAction\":[{\"@type\":\"SearchAction\",\"target\":{\"@type\":\"EntryPoint\",\"urlTemplate\":\"https:\\\/\\\/www.pcb.ub.edu\\\/es\\\/?s={search_term_string}\"},\"query-input\":{\"@type\":\"PropertyValueSpecification\",\"valueRequired\":true,\"valueName\":\"search_term_string\"}}],\"inLanguage\":\"en-US\"},{\"@type\":\"Person\",\"@id\":\"https:\\\/\\\/www.pcb.ub.edu\\\/es\\\/#\\\/schema\\\/person\\\/d13cab05cd0a75b17fddca8496481021\",\"name\":\"adminpcb\",\"image\":{\"@type\":\"ImageObject\",\"inLanguage\":\"en-US\",\"@id\":\"https:\\\/\\\/secure.gravatar.com\\\/avatar\\\/41ad0fab4bb3bf5348b0af9612159cfd93173a57bbca98fecb50fa6f3ab97d28?s=96&d=mm&r=g\",\"url\":\"https:\\\/\\\/secure.gravatar.com\\\/avatar\\\/41ad0fab4bb3bf5348b0af9612159cfd93173a57bbca98fecb50fa6f3ab97d28?s=96&d=mm&r=g\",\"contentUrl\":\"https:\\\/\\\/secure.gravatar.com\\\/avatar\\\/41ad0fab4bb3bf5348b0af9612159cfd93173a57bbca98fecb50fa6f3ab97d28?s=96&d=mm&r=g\",\"caption\":\"adminpcb\"},\"url\":\"https:\\\/\\\/www.pcb.ub.edu\\\/en\\\/author\\\/adminpcb\\\/\"}]}<\/script>\n<!-- \/ Yoast SEO plugin. -->","yoast_head_json":{"title":"Advancell increases capital and closes a round of funding worth &#8364;1.8 million - Parc Cient\u00edfic de Barcelona","robots":{"index":"index","follow":"follow","max-snippet":"max-snippet:-1","max-image-preview":"max-image-preview:large","max-video-preview":"max-video-preview:-1"},"canonical":"https:\/\/www.pcb.ub.edu\/en\/advancell-increases-capital-and-closes-a-round-of-funding-worth-1-8-million\/","og_locale":"en_US","og_type":"article","og_title":"Advancell increases capital and closes a round of funding worth &#8364;1.8 million - Parc Cient\u00edfic de Barcelona","og_description":"Advanced In Vitro Cell Technologies (Advancell) has increased its capital by opening the door to investment from the venture capital groups Talde and Unirisco Galicia, whose holdings will be 9.27 and 1.85%, respectively. In a related move, BCNempr\u00e8n reasserted its initial confidence in the project by increasing its holding to 15.6%.","og_url":"https:\/\/www.pcb.ub.edu\/en\/advancell-increases-capital-and-closes-a-round-of-funding-worth-1-8-million\/","og_site_name":"Parc Cient\u00edfic de Barcelona","article_published_time":"2003-05-25T23:00:00+00:00","article_modified_time":"2020-11-18T13:48:41+00:00","author":"adminpcb","twitter_card":"summary_large_image","twitter_misc":{"Written by":"adminpcb","Est. reading time":"1 minute"},"schema":{"@context":"https:\/\/schema.org","@graph":[{"@type":"Article","@id":"https:\/\/www.pcb.ub.edu\/en\/advancell-increases-capital-and-closes-a-round-of-funding-worth-1-8-million\/#article","isPartOf":{"@id":"https:\/\/www.pcb.ub.edu\/en\/advancell-increases-capital-and-closes-a-round-of-funding-worth-1-8-million\/"},"author":{"name":"adminpcb","@id":"https:\/\/www.pcb.ub.edu\/es\/#\/schema\/person\/d13cab05cd0a75b17fddca8496481021"},"headline":"Advancell increases capital and closes a round of funding worth &#8364;1.8 million","datePublished":"2003-05-25T23:00:00+00:00","dateModified":"2020-11-18T13:48:41+00:00","mainEntityOfPage":{"@id":"https:\/\/www.pcb.ub.edu\/en\/advancell-increases-capital-and-closes-a-round-of-funding-worth-1-8-million\/"},"wordCount":193,"inLanguage":"en-US"},{"@type":"WebPage","@id":"https:\/\/www.pcb.ub.edu\/en\/advancell-increases-capital-and-closes-a-round-of-funding-worth-1-8-million\/","url":"https:\/\/www.pcb.ub.edu\/en\/advancell-increases-capital-and-closes-a-round-of-funding-worth-1-8-million\/","name":"Advancell increases capital and closes a round of funding worth &#8364;1.8 million - Parc Cient\u00edfic de Barcelona","isPartOf":{"@id":"https:\/\/www.pcb.ub.edu\/es\/#website"},"datePublished":"2003-05-25T23:00:00+00:00","dateModified":"2020-11-18T13:48:41+00:00","author":{"@id":"https:\/\/www.pcb.ub.edu\/es\/#\/schema\/person\/d13cab05cd0a75b17fddca8496481021"},"breadcrumb":{"@id":"https:\/\/www.pcb.ub.edu\/en\/advancell-increases-capital-and-closes-a-round-of-funding-worth-1-8-million\/#breadcrumb"},"inLanguage":"en-US","potentialAction":[{"@type":"ReadAction","target":["https:\/\/www.pcb.ub.edu\/en\/advancell-increases-capital-and-closes-a-round-of-funding-worth-1-8-million\/"]}]},{"@type":"BreadcrumbList","@id":"https:\/\/www.pcb.ub.edu\/en\/advancell-increases-capital-and-closes-a-round-of-funding-worth-1-8-million\/#breadcrumb","itemListElement":[{"@type":"ListItem","position":1,"name":"Home","item":"https:\/\/www.pcb.ub.edu\/en\/"},{"@type":"ListItem","position":2,"name":"Advancell increases capital and closes a round of funding worth &#8364;1.8 million"}]},{"@type":"WebSite","@id":"https:\/\/www.pcb.ub.edu\/es\/#website","url":"https:\/\/www.pcb.ub.edu\/es\/","name":"Parc Cient\u00edfic de Barcelona","description":"Universitat de Barcelona","potentialAction":[{"@type":"SearchAction","target":{"@type":"EntryPoint","urlTemplate":"https:\/\/www.pcb.ub.edu\/es\/?s={search_term_string}"},"query-input":{"@type":"PropertyValueSpecification","valueRequired":true,"valueName":"search_term_string"}}],"inLanguage":"en-US"},{"@type":"Person","@id":"https:\/\/www.pcb.ub.edu\/es\/#\/schema\/person\/d13cab05cd0a75b17fddca8496481021","name":"adminpcb","image":{"@type":"ImageObject","inLanguage":"en-US","@id":"https:\/\/secure.gravatar.com\/avatar\/41ad0fab4bb3bf5348b0af9612159cfd93173a57bbca98fecb50fa6f3ab97d28?s=96&d=mm&r=g","url":"https:\/\/secure.gravatar.com\/avatar\/41ad0fab4bb3bf5348b0af9612159cfd93173a57bbca98fecb50fa6f3ab97d28?s=96&d=mm&r=g","contentUrl":"https:\/\/secure.gravatar.com\/avatar\/41ad0fab4bb3bf5348b0af9612159cfd93173a57bbca98fecb50fa6f3ab97d28?s=96&d=mm&r=g","caption":"adminpcb"},"url":"https:\/\/www.pcb.ub.edu\/en\/author\/adminpcb\/"}]}},"_links":{"self":[{"href":"https:\/\/www.pcb.ub.edu\/en\/wp-json\/wp\/v2\/posts\/45749","targetHints":{"allow":["GET"]}}],"collection":[{"href":"https:\/\/www.pcb.ub.edu\/en\/wp-json\/wp\/v2\/posts"}],"about":[{"href":"https:\/\/www.pcb.ub.edu\/en\/wp-json\/wp\/v2\/types\/post"}],"author":[{"embeddable":true,"href":"https:\/\/www.pcb.ub.edu\/en\/wp-json\/wp\/v2\/users\/1"}],"replies":[{"embeddable":true,"href":"https:\/\/www.pcb.ub.edu\/en\/wp-json\/wp\/v2\/comments?post=45749"}],"version-history":[{"count":1,"href":"https:\/\/www.pcb.ub.edu\/en\/wp-json\/wp\/v2\/posts\/45749\/revisions"}],"predecessor-version":[{"id":51021,"href":"https:\/\/www.pcb.ub.edu\/en\/wp-json\/wp\/v2\/posts\/45749\/revisions\/51021"}],"wp:attachment":[{"href":"https:\/\/www.pcb.ub.edu\/en\/wp-json\/wp\/v2\/media?parent=45749"}],"wp:term":[{"taxonomy":"category","embeddable":true,"href":"https:\/\/www.pcb.ub.edu\/en\/wp-json\/wp\/v2\/categories?post=45749"},{"taxonomy":"post_tag","embeddable":true,"href":"https:\/\/www.pcb.ub.edu\/en\/wp-json\/wp\/v2\/tags?post=45749"}],"curies":[{"name":"wp","href":"https:\/\/api.w.org\/{rel}","templated":true}]}}