{"id":45744,"date":"2007-03-23T00:00:00","date_gmt":"2007-03-22T23:00:00","guid":{"rendered":"http:\/\/www.pcb.ub.edu\/el-parc-cientific-de-barcelona-participa-aquest-cap-de-setmana-a-la-festa-de-la-ciencia-amb-debats-i-tallers-sobre-les-proves-genetiques-to-translate\/"},"modified":"2020-11-18T14:48:40","modified_gmt":"2020-11-18T13:48:40","slug":"el-parc-cientific-de-barcelona-participa-aquest-cap-de-setmana-a-la-festa-de-la-ciencia-amb-debats-i-tallers-sobre-les-proves-genetiques-to-translate","status":"publish","type":"post","link":"https:\/\/www.pcb.ub.edu\/en\/el-parc-cientific-de-barcelona-participa-aquest-cap-de-setmana-a-la-festa-de-la-ciencia-amb-debats-i-tallers-sobre-les-proves-genetiques-to-translate\/","title":{"rendered":"El Parc Cient\u00edfic de Barcelona participa aquest cap de setmana a la \u00abFesta de la Ci\u00e8ncia\u00bb amb debats i tallers sobre les proves gen\u00e8tiques TO TRANSLATE >>>"},"content":{"rendered":"<p>El taller d&#8217;extracci\u00f3 i an\u00e0lisi del DNA estar\u00e0 coordinat per Anna Janic, investigadora de l&#8217;Institut de Recerca Biom\u00e8dica (IRB Barcelona), i tindr\u00e0 capacitat per fer unes 200 extraccions per hora, mentre que els debats seran dinamitzats per Anna S\u00e1nchez, de l&#8217;Observatori de Bio\u00e8tica i Dret de la UB, adscrit al PCB. Les dues activitats tindran lloc a un espai a l&#8217;aire lliure que s&#8217;instal\u00b7lar\u00e0 al costat del Museu de Zoologia, per\u00f2 es duran a terme de forma independent. El dissabte es faran dues sessions: de les 13,30 a les 14,30 h i de les 16,30 a les 17,30h, i el diumenge una: de les 11,15 a les 11,30 hores.       Tant el taller d&#8217;extracci\u00f3 del DNA com en el joc de cartes, l&#8217;objectiu \u00e9s potenciar al m\u00e0xim la participaci\u00f3 del p\u00fablic, ja que, en el primer cas, els assistents podran fer ells mateixos l&#8217;experiment, que consisteix en extraure&#8217;s una petita mostra de saliva de la cavitat bucal, que, seguidament, es far\u00e0 reaccionar amb diverses subst\u00e0ncies qu\u00edmiques per tal d&#8217;obtenir una mostra del seu codi gen\u00e8tic, que els participants podran &#8220;llegir&#8221; i, fins i tot, emportar-se a casa.  Pel que fa al joc de cartes, es tracta d&#8217;una activitat l\u00fadica i alhora educativa d&#8217;una hora i mitja de duraci\u00f3, que s&#8217;inclou dins del projecte europeu &#8220;DECIDE&#8221; (http:\/\/playdecide.org), que pret\u00e9n fomentar la discussi\u00f3 entre els ciutadans sobre temes d&#8217;inter\u00e8s social i cient\u00edfic. En aquesta ocasi\u00f3 es plantejar\u00e0 la possibilitat que ofereixen les proves de diagn\u00f2stic gen\u00e8tic pre-implantacional per seleccionar els embrions. Aquesta  t\u00e8cnica s&#8217;utilitza avui dia per evitar malalties gen\u00e8tiques, com ara la hemofilia, o cromos\u00f2miques, com la s\u00edndrome de Down, per\u00f2 tamb\u00e9 permet escollir els embrions m\u00e9s adients per ajudar a un germ\u00e0 com a donant o afavorir l&#8217;\u00e8xit del proc\u00e9s de reproducci\u00f3, i en alguns pa\u00efsos, fins i tot, s&#8217;utilitza per a seleccionar el sexe del futur nad\u00f3.   En total, la \u00abFesta de la Ci\u00e8ncia\u00bb acollir\u00e0 51 activitats, que es duran a terme en 23 escenaris diferents instal\u00b7lats en el Passeig dels Til\u00b7lers i els edificis de zoologia i geologia del Museu de Ci\u00e8ncies Naturals, l&#8217;Hivernacle i l&#8217;Umbracle. L&#8217;acc\u00e9s \u00e9s lliure i es faran gaireb\u00e9 300 sessions al llarg de 17 hores, ja que aquesta festa cient\u00edfica obrir\u00e0 les portes al p\u00fablic el dissabte des de les 11 del mat\u00ed fins a les 23 hores de la nit, i el diumenge de les 11 a les 15 hores de la tarda. <\/p>\n","protected":false},"excerpt":{"rendered":"<p>El Parc Cient\u00edfic de Barcelona (PCB) participar\u00e0 activament  a la \u00abFesta de la Ci\u00e8ncia\u00bb que organitza l&#8217;Institut de Cultura de Barcelona els dies 24 i 25 de mar\u00e7 al Parc de la Ciutadella amb motiu de l&#8217;Any de la Ci\u00e8ncia 2007. En concret, el PCB dur\u00e0 a terme dues activitats: un petit d&#8217;experiment  que permetr\u00e0 els assistents a\u00efllar el seu propi DNA, i un debat dinamitzat amb un joc de cartes per fomentar l&#8217;intercanvi d&#8217;opinions entorn als aspectes \u00e8tics, legals i socials que comporta la selecci\u00f3 d&#8217;embrions.<\/p>\n","protected":false},"author":1,"featured_media":0,"comment_status":"closed","ping_status":"open","sticky":false,"template":"","format":"standard","meta":{"_acf_changed":false,"inline_featured_image":false,"footnotes":""},"categories":[8],"tags":[],"class_list":["post-45744","post","type-post","status-publish","format-standard","category-uncategorized"],"acf":[],"yoast_head":"<!-- This site is optimized with the Yoast SEO plugin v27.3 - https:\/\/yoast.com\/product\/yoast-seo-wordpress\/ -->\n<title>El Parc Cient\u00edfic de Barcelona participa aquest cap de setmana a la \u00abFesta de la Ci\u00e8ncia\u00bb amb debats i tallers sobre les proves gen\u00e8tiques TO TRANSLATE &gt;&gt;&gt; - Parc Cient\u00edfic de Barcelona<\/title>\n<meta name=\"robots\" content=\"index, follow, max-snippet:-1, max-image-preview:large, max-video-preview:-1\" \/>\n<link rel=\"canonical\" href=\"https:\/\/www.pcb.ub.edu\/en\/el-parc-cientific-de-barcelona-participa-aquest-cap-de-setmana-a-la-festa-de-la-ciencia-amb-debats-i-tallers-sobre-les-proves-genetiques-to-translate\/\" \/>\n<meta property=\"og:locale\" content=\"en_US\" \/>\n<meta property=\"og:type\" content=\"article\" \/>\n<meta property=\"og:title\" content=\"El Parc Cient\u00edfic de Barcelona participa aquest cap de setmana a la \u00abFesta de la Ci\u00e8ncia\u00bb amb debats i tallers sobre les proves gen\u00e8tiques TO TRANSLATE &gt;&gt;&gt; - Parc Cient\u00edfic de Barcelona\" \/>\n<meta property=\"og:description\" content=\"El Parc Cient\u00edfic de Barcelona (PCB) participar\u00e0 activament a la \u00abFesta de la Ci\u00e8ncia\u00bb que organitza l&#039;Institut de Cultura de Barcelona els dies 24 i 25 de mar\u00e7 al Parc de la Ciutadella amb motiu de l&#039;Any de la Ci\u00e8ncia 2007. En concret, el PCB dur\u00e0 a terme dues activitats: un petit d&#039;experiment que permetr\u00e0 els assistents a\u00efllar el seu propi DNA, i un debat dinamitzat amb un joc de cartes per fomentar l&#039;intercanvi d&#039;opinions entorn als aspectes \u00e8tics, legals i socials que comporta la selecci\u00f3 d&#039;embrions.\" \/>\n<meta property=\"og:url\" content=\"https:\/\/www.pcb.ub.edu\/en\/el-parc-cientific-de-barcelona-participa-aquest-cap-de-setmana-a-la-festa-de-la-ciencia-amb-debats-i-tallers-sobre-les-proves-genetiques-to-translate\/\" \/>\n<meta property=\"og:site_name\" content=\"Parc Cient\u00edfic de Barcelona\" \/>\n<meta property=\"article:published_time\" content=\"2007-03-22T23:00:00+00:00\" \/>\n<meta property=\"article:modified_time\" content=\"2020-11-18T13:48:40+00:00\" \/>\n<meta name=\"author\" content=\"adminpcb\" \/>\n<meta name=\"twitter:card\" content=\"summary_large_image\" \/>\n<meta name=\"twitter:label1\" content=\"Written by\" \/>\n\t<meta name=\"twitter:data1\" content=\"adminpcb\" \/>\n\t<meta name=\"twitter:label2\" content=\"Est. reading time\" \/>\n\t<meta name=\"twitter:data2\" content=\"2 minutes\" \/>\n<script type=\"application\/ld+json\" class=\"yoast-schema-graph\">{\"@context\":\"https:\\\/\\\/schema.org\",\"@graph\":[{\"@type\":\"Article\",\"@id\":\"https:\\\/\\\/www.pcb.ub.edu\\\/en\\\/el-parc-cientific-de-barcelona-participa-aquest-cap-de-setmana-a-la-festa-de-la-ciencia-amb-debats-i-tallers-sobre-les-proves-genetiques-to-translate\\\/#article\",\"isPartOf\":{\"@id\":\"https:\\\/\\\/www.pcb.ub.edu\\\/en\\\/el-parc-cientific-de-barcelona-participa-aquest-cap-de-setmana-a-la-festa-de-la-ciencia-amb-debats-i-tallers-sobre-les-proves-genetiques-to-translate\\\/\"},\"author\":{\"name\":\"adminpcb\",\"@id\":\"https:\\\/\\\/www.pcb.ub.edu\\\/es\\\/#\\\/schema\\\/person\\\/d13cab05cd0a75b17fddca8496481021\"},\"headline\":\"El Parc Cient\u00edfic de Barcelona participa aquest cap de setmana a la \u00abFesta de la Ci\u00e8ncia\u00bb amb debats i tallers sobre les proves gen\u00e8tiques TO TRANSLATE >>>\",\"datePublished\":\"2007-03-22T23:00:00+00:00\",\"dateModified\":\"2020-11-18T13:48:40+00:00\",\"mainEntityOfPage\":{\"@id\":\"https:\\\/\\\/www.pcb.ub.edu\\\/en\\\/el-parc-cientific-de-barcelona-participa-aquest-cap-de-setmana-a-la-festa-de-la-ciencia-amb-debats-i-tallers-sobre-les-proves-genetiques-to-translate\\\/\"},\"wordCount\":448,\"inLanguage\":\"en-US\"},{\"@type\":\"WebPage\",\"@id\":\"https:\\\/\\\/www.pcb.ub.edu\\\/en\\\/el-parc-cientific-de-barcelona-participa-aquest-cap-de-setmana-a-la-festa-de-la-ciencia-amb-debats-i-tallers-sobre-les-proves-genetiques-to-translate\\\/\",\"url\":\"https:\\\/\\\/www.pcb.ub.edu\\\/en\\\/el-parc-cientific-de-barcelona-participa-aquest-cap-de-setmana-a-la-festa-de-la-ciencia-amb-debats-i-tallers-sobre-les-proves-genetiques-to-translate\\\/\",\"name\":\"El Parc Cient\u00edfic de Barcelona participa aquest cap de setmana a la \u00abFesta de la Ci\u00e8ncia\u00bb amb debats i tallers sobre les proves gen\u00e8tiques TO TRANSLATE >>> - Parc Cient\u00edfic de Barcelona\",\"isPartOf\":{\"@id\":\"https:\\\/\\\/www.pcb.ub.edu\\\/es\\\/#website\"},\"datePublished\":\"2007-03-22T23:00:00+00:00\",\"dateModified\":\"2020-11-18T13:48:40+00:00\",\"author\":{\"@id\":\"https:\\\/\\\/www.pcb.ub.edu\\\/es\\\/#\\\/schema\\\/person\\\/d13cab05cd0a75b17fddca8496481021\"},\"breadcrumb\":{\"@id\":\"https:\\\/\\\/www.pcb.ub.edu\\\/en\\\/el-parc-cientific-de-barcelona-participa-aquest-cap-de-setmana-a-la-festa-de-la-ciencia-amb-debats-i-tallers-sobre-les-proves-genetiques-to-translate\\\/#breadcrumb\"},\"inLanguage\":\"en-US\",\"potentialAction\":[{\"@type\":\"ReadAction\",\"target\":[\"https:\\\/\\\/www.pcb.ub.edu\\\/en\\\/el-parc-cientific-de-barcelona-participa-aquest-cap-de-setmana-a-la-festa-de-la-ciencia-amb-debats-i-tallers-sobre-les-proves-genetiques-to-translate\\\/\"]}]},{\"@type\":\"BreadcrumbList\",\"@id\":\"https:\\\/\\\/www.pcb.ub.edu\\\/en\\\/el-parc-cientific-de-barcelona-participa-aquest-cap-de-setmana-a-la-festa-de-la-ciencia-amb-debats-i-tallers-sobre-les-proves-genetiques-to-translate\\\/#breadcrumb\",\"itemListElement\":[{\"@type\":\"ListItem\",\"position\":1,\"name\":\"Home\",\"item\":\"https:\\\/\\\/www.pcb.ub.edu\\\/en\\\/\"},{\"@type\":\"ListItem\",\"position\":2,\"name\":\"El Parc Cient\u00edfic de Barcelona participa aquest cap de setmana a la \u00abFesta de la Ci\u00e8ncia\u00bb amb debats i tallers sobre les proves gen\u00e8tiques TO TRANSLATE >>>\"}]},{\"@type\":\"WebSite\",\"@id\":\"https:\\\/\\\/www.pcb.ub.edu\\\/es\\\/#website\",\"url\":\"https:\\\/\\\/www.pcb.ub.edu\\\/es\\\/\",\"name\":\"Parc Cient\u00edfic de Barcelona\",\"description\":\"Universitat de Barcelona\",\"potentialAction\":[{\"@type\":\"SearchAction\",\"target\":{\"@type\":\"EntryPoint\",\"urlTemplate\":\"https:\\\/\\\/www.pcb.ub.edu\\\/es\\\/?s={search_term_string}\"},\"query-input\":{\"@type\":\"PropertyValueSpecification\",\"valueRequired\":true,\"valueName\":\"search_term_string\"}}],\"inLanguage\":\"en-US\"},{\"@type\":\"Person\",\"@id\":\"https:\\\/\\\/www.pcb.ub.edu\\\/es\\\/#\\\/schema\\\/person\\\/d13cab05cd0a75b17fddca8496481021\",\"name\":\"adminpcb\",\"image\":{\"@type\":\"ImageObject\",\"inLanguage\":\"en-US\",\"@id\":\"https:\\\/\\\/secure.gravatar.com\\\/avatar\\\/41ad0fab4bb3bf5348b0af9612159cfd93173a57bbca98fecb50fa6f3ab97d28?s=96&d=mm&r=g\",\"url\":\"https:\\\/\\\/secure.gravatar.com\\\/avatar\\\/41ad0fab4bb3bf5348b0af9612159cfd93173a57bbca98fecb50fa6f3ab97d28?s=96&d=mm&r=g\",\"contentUrl\":\"https:\\\/\\\/secure.gravatar.com\\\/avatar\\\/41ad0fab4bb3bf5348b0af9612159cfd93173a57bbca98fecb50fa6f3ab97d28?s=96&d=mm&r=g\",\"caption\":\"adminpcb\"},\"url\":\"https:\\\/\\\/www.pcb.ub.edu\\\/en\\\/author\\\/adminpcb\\\/\"}]}<\/script>\n<!-- \/ Yoast SEO plugin. -->","yoast_head_json":{"title":"El Parc Cient\u00edfic de Barcelona participa aquest cap de setmana a la \u00abFesta de la Ci\u00e8ncia\u00bb amb debats i tallers sobre les proves gen\u00e8tiques TO TRANSLATE >>> - Parc Cient\u00edfic de Barcelona","robots":{"index":"index","follow":"follow","max-snippet":"max-snippet:-1","max-image-preview":"max-image-preview:large","max-video-preview":"max-video-preview:-1"},"canonical":"https:\/\/www.pcb.ub.edu\/en\/el-parc-cientific-de-barcelona-participa-aquest-cap-de-setmana-a-la-festa-de-la-ciencia-amb-debats-i-tallers-sobre-les-proves-genetiques-to-translate\/","og_locale":"en_US","og_type":"article","og_title":"El Parc Cient\u00edfic de Barcelona participa aquest cap de setmana a la \u00abFesta de la Ci\u00e8ncia\u00bb amb debats i tallers sobre les proves gen\u00e8tiques TO TRANSLATE >>> - Parc Cient\u00edfic de Barcelona","og_description":"El Parc Cient\u00edfic de Barcelona (PCB) participar\u00e0 activament a la \u00abFesta de la Ci\u00e8ncia\u00bb que organitza l'Institut de Cultura de Barcelona els dies 24 i 25 de mar\u00e7 al Parc de la Ciutadella amb motiu de l'Any de la Ci\u00e8ncia 2007. En concret, el PCB dur\u00e0 a terme dues activitats: un petit d'experiment que permetr\u00e0 els assistents a\u00efllar el seu propi DNA, i un debat dinamitzat amb un joc de cartes per fomentar l'intercanvi d'opinions entorn als aspectes \u00e8tics, legals i socials que comporta la selecci\u00f3 d'embrions.","og_url":"https:\/\/www.pcb.ub.edu\/en\/el-parc-cientific-de-barcelona-participa-aquest-cap-de-setmana-a-la-festa-de-la-ciencia-amb-debats-i-tallers-sobre-les-proves-genetiques-to-translate\/","og_site_name":"Parc Cient\u00edfic de Barcelona","article_published_time":"2007-03-22T23:00:00+00:00","article_modified_time":"2020-11-18T13:48:40+00:00","author":"adminpcb","twitter_card":"summary_large_image","twitter_misc":{"Written by":"adminpcb","Est. reading time":"2 minutes"},"schema":{"@context":"https:\/\/schema.org","@graph":[{"@type":"Article","@id":"https:\/\/www.pcb.ub.edu\/en\/el-parc-cientific-de-barcelona-participa-aquest-cap-de-setmana-a-la-festa-de-la-ciencia-amb-debats-i-tallers-sobre-les-proves-genetiques-to-translate\/#article","isPartOf":{"@id":"https:\/\/www.pcb.ub.edu\/en\/el-parc-cientific-de-barcelona-participa-aquest-cap-de-setmana-a-la-festa-de-la-ciencia-amb-debats-i-tallers-sobre-les-proves-genetiques-to-translate\/"},"author":{"name":"adminpcb","@id":"https:\/\/www.pcb.ub.edu\/es\/#\/schema\/person\/d13cab05cd0a75b17fddca8496481021"},"headline":"El Parc Cient\u00edfic de Barcelona participa aquest cap de setmana a la \u00abFesta de la Ci\u00e8ncia\u00bb amb debats i tallers sobre les proves gen\u00e8tiques TO TRANSLATE >>>","datePublished":"2007-03-22T23:00:00+00:00","dateModified":"2020-11-18T13:48:40+00:00","mainEntityOfPage":{"@id":"https:\/\/www.pcb.ub.edu\/en\/el-parc-cientific-de-barcelona-participa-aquest-cap-de-setmana-a-la-festa-de-la-ciencia-amb-debats-i-tallers-sobre-les-proves-genetiques-to-translate\/"},"wordCount":448,"inLanguage":"en-US"},{"@type":"WebPage","@id":"https:\/\/www.pcb.ub.edu\/en\/el-parc-cientific-de-barcelona-participa-aquest-cap-de-setmana-a-la-festa-de-la-ciencia-amb-debats-i-tallers-sobre-les-proves-genetiques-to-translate\/","url":"https:\/\/www.pcb.ub.edu\/en\/el-parc-cientific-de-barcelona-participa-aquest-cap-de-setmana-a-la-festa-de-la-ciencia-amb-debats-i-tallers-sobre-les-proves-genetiques-to-translate\/","name":"El Parc Cient\u00edfic de Barcelona participa aquest cap de setmana a la \u00abFesta de la Ci\u00e8ncia\u00bb amb debats i tallers sobre les proves gen\u00e8tiques TO TRANSLATE >>> - Parc Cient\u00edfic de Barcelona","isPartOf":{"@id":"https:\/\/www.pcb.ub.edu\/es\/#website"},"datePublished":"2007-03-22T23:00:00+00:00","dateModified":"2020-11-18T13:48:40+00:00","author":{"@id":"https:\/\/www.pcb.ub.edu\/es\/#\/schema\/person\/d13cab05cd0a75b17fddca8496481021"},"breadcrumb":{"@id":"https:\/\/www.pcb.ub.edu\/en\/el-parc-cientific-de-barcelona-participa-aquest-cap-de-setmana-a-la-festa-de-la-ciencia-amb-debats-i-tallers-sobre-les-proves-genetiques-to-translate\/#breadcrumb"},"inLanguage":"en-US","potentialAction":[{"@type":"ReadAction","target":["https:\/\/www.pcb.ub.edu\/en\/el-parc-cientific-de-barcelona-participa-aquest-cap-de-setmana-a-la-festa-de-la-ciencia-amb-debats-i-tallers-sobre-les-proves-genetiques-to-translate\/"]}]},{"@type":"BreadcrumbList","@id":"https:\/\/www.pcb.ub.edu\/en\/el-parc-cientific-de-barcelona-participa-aquest-cap-de-setmana-a-la-festa-de-la-ciencia-amb-debats-i-tallers-sobre-les-proves-genetiques-to-translate\/#breadcrumb","itemListElement":[{"@type":"ListItem","position":1,"name":"Home","item":"https:\/\/www.pcb.ub.edu\/en\/"},{"@type":"ListItem","position":2,"name":"El Parc Cient\u00edfic de Barcelona participa aquest cap de setmana a la \u00abFesta de la Ci\u00e8ncia\u00bb amb debats i tallers sobre les proves gen\u00e8tiques TO TRANSLATE >>>"}]},{"@type":"WebSite","@id":"https:\/\/www.pcb.ub.edu\/es\/#website","url":"https:\/\/www.pcb.ub.edu\/es\/","name":"Parc Cient\u00edfic de Barcelona","description":"Universitat de Barcelona","potentialAction":[{"@type":"SearchAction","target":{"@type":"EntryPoint","urlTemplate":"https:\/\/www.pcb.ub.edu\/es\/?s={search_term_string}"},"query-input":{"@type":"PropertyValueSpecification","valueRequired":true,"valueName":"search_term_string"}}],"inLanguage":"en-US"},{"@type":"Person","@id":"https:\/\/www.pcb.ub.edu\/es\/#\/schema\/person\/d13cab05cd0a75b17fddca8496481021","name":"adminpcb","image":{"@type":"ImageObject","inLanguage":"en-US","@id":"https:\/\/secure.gravatar.com\/avatar\/41ad0fab4bb3bf5348b0af9612159cfd93173a57bbca98fecb50fa6f3ab97d28?s=96&d=mm&r=g","url":"https:\/\/secure.gravatar.com\/avatar\/41ad0fab4bb3bf5348b0af9612159cfd93173a57bbca98fecb50fa6f3ab97d28?s=96&d=mm&r=g","contentUrl":"https:\/\/secure.gravatar.com\/avatar\/41ad0fab4bb3bf5348b0af9612159cfd93173a57bbca98fecb50fa6f3ab97d28?s=96&d=mm&r=g","caption":"adminpcb"},"url":"https:\/\/www.pcb.ub.edu\/en\/author\/adminpcb\/"}]}},"_links":{"self":[{"href":"https:\/\/www.pcb.ub.edu\/en\/wp-json\/wp\/v2\/posts\/45744","targetHints":{"allow":["GET"]}}],"collection":[{"href":"https:\/\/www.pcb.ub.edu\/en\/wp-json\/wp\/v2\/posts"}],"about":[{"href":"https:\/\/www.pcb.ub.edu\/en\/wp-json\/wp\/v2\/types\/post"}],"author":[{"embeddable":true,"href":"https:\/\/www.pcb.ub.edu\/en\/wp-json\/wp\/v2\/users\/1"}],"replies":[{"embeddable":true,"href":"https:\/\/www.pcb.ub.edu\/en\/wp-json\/wp\/v2\/comments?post=45744"}],"version-history":[{"count":1,"href":"https:\/\/www.pcb.ub.edu\/en\/wp-json\/wp\/v2\/posts\/45744\/revisions"}],"predecessor-version":[{"id":51016,"href":"https:\/\/www.pcb.ub.edu\/en\/wp-json\/wp\/v2\/posts\/45744\/revisions\/51016"}],"wp:attachment":[{"href":"https:\/\/www.pcb.ub.edu\/en\/wp-json\/wp\/v2\/media?parent=45744"}],"wp:term":[{"taxonomy":"category","embeddable":true,"href":"https:\/\/www.pcb.ub.edu\/en\/wp-json\/wp\/v2\/categories?post=45744"},{"taxonomy":"post_tag","embeddable":true,"href":"https:\/\/www.pcb.ub.edu\/en\/wp-json\/wp\/v2\/tags?post=45744"}],"curies":[{"name":"wp","href":"https:\/\/api.w.org\/{rel}","templated":true}]}}