{"id":45733,"date":"2007-03-13T00:00:00","date_gmt":"2007-03-12T23:00:00","guid":{"rendered":"http:\/\/www.pcb.ub.edu\/barcelona-hosts-the-6th-entrepreneur-day\/"},"modified":"2020-11-18T14:48:37","modified_gmt":"2020-11-18T13:48:37","slug":"barcelona-hosts-the-6th-entrepreneur-day","status":"publish","type":"post","link":"https:\/\/www.pcb.ub.edu\/en\/barcelona-hosts-the-6th-entrepreneur-day\/","title":{"rendered":"Barcelona hosts the 6th Entrepreneur Day"},"content":{"rendered":"<p>These conferences will bring together services, suppliers and customers in order to stimulate exchanges of experiences and knowledge, the establishment of relationships and the identification of new business opportunities as well as the definition of future trends in distinct sectors.  <\/p>\n<p> The conference series &#8220;Entrepreneurs in expansion&#8221; forms part of the wide range of activities on offer this year. This series includes presentations by recognised figures in the business World, who will present their keys to success. Among others, this initiative will involve Lluis Ru\u00edz-\u00c1vila, director  of Advancell, located at the Parc Cient\u00edfic de Barcelona (PCB), a company devoted to the development of new drugs from discoveries made by academic research groups. His presentation will be on March 14 from 9.30 to 10.20 h.  <\/p>\n<p> Furthermore, on 14 March, at 17 h, the Bosch i Gimpera Foundation has organised an answer and question session called &#8220;How to protect innovation: patents and intellectual-industrial property&#8221;, to be given by Pascual Segura, director of the Patents Centre of the UB. This presentation will cover the basic aspects of protection, evaluation and marketing of research results. Another activity related to research is the &#8220;Transfer point:  Knowledge Face to Face&#8221;, which seeks to stimulate new business opportunities through collaboration between the private sector and university research groups.  <\/p>\n<p> In addition, the conference programme includes sessions devoted to funding; practical guidelines to facilitate the day-to-day activities of the entrepreneur; workshops to address skills related to innovation; seminars on trends; and a section devoted to institutional offers for entrepreneurs, among other activities. This year&#8217;s event will close on 15 March at 20.30 h with &#8220;Entrepreneur Night&#8221;, in which the &#8220;Barcelona Entrepreneur&#8221; prizes will be awarded. These prizes serve to highlight the entrepreneurial initiative of the city of Barcelona and its contribution to economic development, innovation and the generation of employment.  <\/p>\n<p> For more information and registrations: tel. 93 401 98 00\/825 o www.barcelonaactiva.es  <\/p>\n","protected":false},"excerpt":{"rendered":"<p>On 14 and 15 March will mark the 6th  <a href=\"http:\/\/www.barcelonactiva.es\/barcelonactiva\/cat\/\" target=\"_blank\" class=\"email\" rel=\"noopener noreferrer\">Entrepreneur Day<\/a>, this year under slogan &#8220;Dare yourself and jump!&#8221;. Seeking to promote the set up of companies, this initiative is jointly run by the Barcelona City Council (Barcelona Activa) and 20 other organisations, including the Bosch i Gimpera Foundation of the University of Barcelona (UB). The conferences for this event will be held in the Palau de Congressos de Catalunya and participants can choose from 200 activities, all free of charge.<\/p>\n","protected":false},"author":1,"featured_media":0,"comment_status":"closed","ping_status":"open","sticky":false,"template":"","format":"standard","meta":{"_acf_changed":false,"inline_featured_image":false,"footnotes":""},"categories":[8],"tags":[],"class_list":["post-45733","post","type-post","status-publish","format-standard","category-uncategorized"],"acf":[],"yoast_head":"<!-- This site is optimized with the Yoast SEO plugin v27.3 - https:\/\/yoast.com\/product\/yoast-seo-wordpress\/ -->\n<title>Barcelona hosts the 6th Entrepreneur Day - Parc Cient\u00edfic de Barcelona<\/title>\n<meta name=\"robots\" content=\"index, follow, max-snippet:-1, max-image-preview:large, max-video-preview:-1\" \/>\n<link rel=\"canonical\" href=\"https:\/\/www.pcb.ub.edu\/en\/barcelona-hosts-the-6th-entrepreneur-day\/\" \/>\n<meta property=\"og:locale\" content=\"en_US\" \/>\n<meta property=\"og:type\" content=\"article\" \/>\n<meta property=\"og:title\" content=\"Barcelona hosts the 6th Entrepreneur Day - Parc Cient\u00edfic de Barcelona\" \/>\n<meta property=\"og:description\" content=\"On 14 and 15 March will mark the 6th Entrepreneur Day, this year under slogan &quot;Dare yourself and jump!&quot;. Seeking to promote the set up of companies, this initiative is jointly run by the Barcelona City Council (Barcelona Activa) and 20 other organisations, including the Bosch i Gimpera Foundation of the University of Barcelona (UB). The conferences for this event will be held in the Palau de Congressos de Catalunya and participants can choose from 200 activities, all free of charge.\" \/>\n<meta property=\"og:url\" content=\"https:\/\/www.pcb.ub.edu\/en\/barcelona-hosts-the-6th-entrepreneur-day\/\" \/>\n<meta property=\"og:site_name\" content=\"Parc Cient\u00edfic de Barcelona\" \/>\n<meta property=\"article:published_time\" content=\"2007-03-12T23:00:00+00:00\" \/>\n<meta property=\"article:modified_time\" content=\"2020-11-18T13:48:37+00:00\" \/>\n<meta name=\"author\" content=\"adminpcb\" \/>\n<meta name=\"twitter:card\" content=\"summary_large_image\" \/>\n<meta name=\"twitter:label1\" content=\"Written by\" \/>\n\t<meta name=\"twitter:data1\" content=\"adminpcb\" \/>\n\t<meta name=\"twitter:label2\" content=\"Est. reading time\" \/>\n\t<meta name=\"twitter:data2\" content=\"2 minutes\" \/>\n<script type=\"application\/ld+json\" class=\"yoast-schema-graph\">{\"@context\":\"https:\\\/\\\/schema.org\",\"@graph\":[{\"@type\":\"Article\",\"@id\":\"https:\\\/\\\/www.pcb.ub.edu\\\/en\\\/barcelona-hosts-the-6th-entrepreneur-day\\\/#article\",\"isPartOf\":{\"@id\":\"https:\\\/\\\/www.pcb.ub.edu\\\/en\\\/barcelona-hosts-the-6th-entrepreneur-day\\\/\"},\"author\":{\"name\":\"adminpcb\",\"@id\":\"https:\\\/\\\/www.pcb.ub.edu\\\/es\\\/#\\\/schema\\\/person\\\/d13cab05cd0a75b17fddca8496481021\"},\"headline\":\"Barcelona hosts the 6th Entrepreneur Day\",\"datePublished\":\"2007-03-12T23:00:00+00:00\",\"dateModified\":\"2020-11-18T13:48:37+00:00\",\"mainEntityOfPage\":{\"@id\":\"https:\\\/\\\/www.pcb.ub.edu\\\/en\\\/barcelona-hosts-the-6th-entrepreneur-day\\\/\"},\"wordCount\":312,\"inLanguage\":\"en-US\"},{\"@type\":\"WebPage\",\"@id\":\"https:\\\/\\\/www.pcb.ub.edu\\\/en\\\/barcelona-hosts-the-6th-entrepreneur-day\\\/\",\"url\":\"https:\\\/\\\/www.pcb.ub.edu\\\/en\\\/barcelona-hosts-the-6th-entrepreneur-day\\\/\",\"name\":\"Barcelona hosts the 6th Entrepreneur Day - Parc Cient\u00edfic de Barcelona\",\"isPartOf\":{\"@id\":\"https:\\\/\\\/www.pcb.ub.edu\\\/es\\\/#website\"},\"datePublished\":\"2007-03-12T23:00:00+00:00\",\"dateModified\":\"2020-11-18T13:48:37+00:00\",\"author\":{\"@id\":\"https:\\\/\\\/www.pcb.ub.edu\\\/es\\\/#\\\/schema\\\/person\\\/d13cab05cd0a75b17fddca8496481021\"},\"breadcrumb\":{\"@id\":\"https:\\\/\\\/www.pcb.ub.edu\\\/en\\\/barcelona-hosts-the-6th-entrepreneur-day\\\/#breadcrumb\"},\"inLanguage\":\"en-US\",\"potentialAction\":[{\"@type\":\"ReadAction\",\"target\":[\"https:\\\/\\\/www.pcb.ub.edu\\\/en\\\/barcelona-hosts-the-6th-entrepreneur-day\\\/\"]}]},{\"@type\":\"BreadcrumbList\",\"@id\":\"https:\\\/\\\/www.pcb.ub.edu\\\/en\\\/barcelona-hosts-the-6th-entrepreneur-day\\\/#breadcrumb\",\"itemListElement\":[{\"@type\":\"ListItem\",\"position\":1,\"name\":\"Home\",\"item\":\"https:\\\/\\\/www.pcb.ub.edu\\\/en\\\/\"},{\"@type\":\"ListItem\",\"position\":2,\"name\":\"Barcelona hosts the 6th Entrepreneur Day\"}]},{\"@type\":\"WebSite\",\"@id\":\"https:\\\/\\\/www.pcb.ub.edu\\\/es\\\/#website\",\"url\":\"https:\\\/\\\/www.pcb.ub.edu\\\/es\\\/\",\"name\":\"Parc Cient\u00edfic de Barcelona\",\"description\":\"Universitat de Barcelona\",\"potentialAction\":[{\"@type\":\"SearchAction\",\"target\":{\"@type\":\"EntryPoint\",\"urlTemplate\":\"https:\\\/\\\/www.pcb.ub.edu\\\/es\\\/?s={search_term_string}\"},\"query-input\":{\"@type\":\"PropertyValueSpecification\",\"valueRequired\":true,\"valueName\":\"search_term_string\"}}],\"inLanguage\":\"en-US\"},{\"@type\":\"Person\",\"@id\":\"https:\\\/\\\/www.pcb.ub.edu\\\/es\\\/#\\\/schema\\\/person\\\/d13cab05cd0a75b17fddca8496481021\",\"name\":\"adminpcb\",\"image\":{\"@type\":\"ImageObject\",\"inLanguage\":\"en-US\",\"@id\":\"https:\\\/\\\/secure.gravatar.com\\\/avatar\\\/41ad0fab4bb3bf5348b0af9612159cfd93173a57bbca98fecb50fa6f3ab97d28?s=96&d=mm&r=g\",\"url\":\"https:\\\/\\\/secure.gravatar.com\\\/avatar\\\/41ad0fab4bb3bf5348b0af9612159cfd93173a57bbca98fecb50fa6f3ab97d28?s=96&d=mm&r=g\",\"contentUrl\":\"https:\\\/\\\/secure.gravatar.com\\\/avatar\\\/41ad0fab4bb3bf5348b0af9612159cfd93173a57bbca98fecb50fa6f3ab97d28?s=96&d=mm&r=g\",\"caption\":\"adminpcb\"},\"url\":\"https:\\\/\\\/www.pcb.ub.edu\\\/en\\\/author\\\/adminpcb\\\/\"}]}<\/script>\n<!-- \/ Yoast SEO plugin. -->","yoast_head_json":{"title":"Barcelona hosts the 6th Entrepreneur Day - Parc Cient\u00edfic de Barcelona","robots":{"index":"index","follow":"follow","max-snippet":"max-snippet:-1","max-image-preview":"max-image-preview:large","max-video-preview":"max-video-preview:-1"},"canonical":"https:\/\/www.pcb.ub.edu\/en\/barcelona-hosts-the-6th-entrepreneur-day\/","og_locale":"en_US","og_type":"article","og_title":"Barcelona hosts the 6th Entrepreneur Day - Parc Cient\u00edfic de Barcelona","og_description":"On 14 and 15 March will mark the 6th Entrepreneur Day, this year under slogan \"Dare yourself and jump!\". Seeking to promote the set up of companies, this initiative is jointly run by the Barcelona City Council (Barcelona Activa) and 20 other organisations, including the Bosch i Gimpera Foundation of the University of Barcelona (UB). The conferences for this event will be held in the Palau de Congressos de Catalunya and participants can choose from 200 activities, all free of charge.","og_url":"https:\/\/www.pcb.ub.edu\/en\/barcelona-hosts-the-6th-entrepreneur-day\/","og_site_name":"Parc Cient\u00edfic de Barcelona","article_published_time":"2007-03-12T23:00:00+00:00","article_modified_time":"2020-11-18T13:48:37+00:00","author":"adminpcb","twitter_card":"summary_large_image","twitter_misc":{"Written by":"adminpcb","Est. reading time":"2 minutes"},"schema":{"@context":"https:\/\/schema.org","@graph":[{"@type":"Article","@id":"https:\/\/www.pcb.ub.edu\/en\/barcelona-hosts-the-6th-entrepreneur-day\/#article","isPartOf":{"@id":"https:\/\/www.pcb.ub.edu\/en\/barcelona-hosts-the-6th-entrepreneur-day\/"},"author":{"name":"adminpcb","@id":"https:\/\/www.pcb.ub.edu\/es\/#\/schema\/person\/d13cab05cd0a75b17fddca8496481021"},"headline":"Barcelona hosts the 6th Entrepreneur Day","datePublished":"2007-03-12T23:00:00+00:00","dateModified":"2020-11-18T13:48:37+00:00","mainEntityOfPage":{"@id":"https:\/\/www.pcb.ub.edu\/en\/barcelona-hosts-the-6th-entrepreneur-day\/"},"wordCount":312,"inLanguage":"en-US"},{"@type":"WebPage","@id":"https:\/\/www.pcb.ub.edu\/en\/barcelona-hosts-the-6th-entrepreneur-day\/","url":"https:\/\/www.pcb.ub.edu\/en\/barcelona-hosts-the-6th-entrepreneur-day\/","name":"Barcelona hosts the 6th Entrepreneur Day - Parc Cient\u00edfic de Barcelona","isPartOf":{"@id":"https:\/\/www.pcb.ub.edu\/es\/#website"},"datePublished":"2007-03-12T23:00:00+00:00","dateModified":"2020-11-18T13:48:37+00:00","author":{"@id":"https:\/\/www.pcb.ub.edu\/es\/#\/schema\/person\/d13cab05cd0a75b17fddca8496481021"},"breadcrumb":{"@id":"https:\/\/www.pcb.ub.edu\/en\/barcelona-hosts-the-6th-entrepreneur-day\/#breadcrumb"},"inLanguage":"en-US","potentialAction":[{"@type":"ReadAction","target":["https:\/\/www.pcb.ub.edu\/en\/barcelona-hosts-the-6th-entrepreneur-day\/"]}]},{"@type":"BreadcrumbList","@id":"https:\/\/www.pcb.ub.edu\/en\/barcelona-hosts-the-6th-entrepreneur-day\/#breadcrumb","itemListElement":[{"@type":"ListItem","position":1,"name":"Home","item":"https:\/\/www.pcb.ub.edu\/en\/"},{"@type":"ListItem","position":2,"name":"Barcelona hosts the 6th Entrepreneur Day"}]},{"@type":"WebSite","@id":"https:\/\/www.pcb.ub.edu\/es\/#website","url":"https:\/\/www.pcb.ub.edu\/es\/","name":"Parc Cient\u00edfic de Barcelona","description":"Universitat de Barcelona","potentialAction":[{"@type":"SearchAction","target":{"@type":"EntryPoint","urlTemplate":"https:\/\/www.pcb.ub.edu\/es\/?s={search_term_string}"},"query-input":{"@type":"PropertyValueSpecification","valueRequired":true,"valueName":"search_term_string"}}],"inLanguage":"en-US"},{"@type":"Person","@id":"https:\/\/www.pcb.ub.edu\/es\/#\/schema\/person\/d13cab05cd0a75b17fddca8496481021","name":"adminpcb","image":{"@type":"ImageObject","inLanguage":"en-US","@id":"https:\/\/secure.gravatar.com\/avatar\/41ad0fab4bb3bf5348b0af9612159cfd93173a57bbca98fecb50fa6f3ab97d28?s=96&d=mm&r=g","url":"https:\/\/secure.gravatar.com\/avatar\/41ad0fab4bb3bf5348b0af9612159cfd93173a57bbca98fecb50fa6f3ab97d28?s=96&d=mm&r=g","contentUrl":"https:\/\/secure.gravatar.com\/avatar\/41ad0fab4bb3bf5348b0af9612159cfd93173a57bbca98fecb50fa6f3ab97d28?s=96&d=mm&r=g","caption":"adminpcb"},"url":"https:\/\/www.pcb.ub.edu\/en\/author\/adminpcb\/"}]}},"_links":{"self":[{"href":"https:\/\/www.pcb.ub.edu\/en\/wp-json\/wp\/v2\/posts\/45733","targetHints":{"allow":["GET"]}}],"collection":[{"href":"https:\/\/www.pcb.ub.edu\/en\/wp-json\/wp\/v2\/posts"}],"about":[{"href":"https:\/\/www.pcb.ub.edu\/en\/wp-json\/wp\/v2\/types\/post"}],"author":[{"embeddable":true,"href":"https:\/\/www.pcb.ub.edu\/en\/wp-json\/wp\/v2\/users\/1"}],"replies":[{"embeddable":true,"href":"https:\/\/www.pcb.ub.edu\/en\/wp-json\/wp\/v2\/comments?post=45733"}],"version-history":[{"count":1,"href":"https:\/\/www.pcb.ub.edu\/en\/wp-json\/wp\/v2\/posts\/45733\/revisions"}],"predecessor-version":[{"id":51008,"href":"https:\/\/www.pcb.ub.edu\/en\/wp-json\/wp\/v2\/posts\/45733\/revisions\/51008"}],"wp:attachment":[{"href":"https:\/\/www.pcb.ub.edu\/en\/wp-json\/wp\/v2\/media?parent=45733"}],"wp:term":[{"taxonomy":"category","embeddable":true,"href":"https:\/\/www.pcb.ub.edu\/en\/wp-json\/wp\/v2\/categories?post=45733"},{"taxonomy":"post_tag","embeddable":true,"href":"https:\/\/www.pcb.ub.edu\/en\/wp-json\/wp\/v2\/tags?post=45733"}],"curies":[{"name":"wp","href":"https:\/\/api.w.org\/{rel}","templated":true}]}}